{"id":75405,"date":"2024-04-02T13:59:45","date_gmt":"2024-04-02T13:59:45","guid":{"rendered":"https:\/\/www.espinof.com\/modelos-de-negocio\/este-miercoles-tendra-lugar-batalla-corporativa-corazon-disney"},"modified":"2024-04-02T13:59:45","modified_gmt":"2024-04-02T13:59:45","slug":"este-miercoles-tendra-lugar-una-batalla-corporativa-por-el-corazon-de-disney","status":"publish","type":"post","link":"http:\/\/hoycordobaweb.com\/index.php\/2024\/04\/02\/este-miercoles-tendra-lugar-una-batalla-corporativa-por-el-corazon-de-disney\/","title":{"rendered":"Este mi\u00e9rcoles tendr\u00e1 lugar una batalla corporativa por el coraz\u00f3n de Disney"},"content":{"rendered":"<p>El pr\u00f3ximo <strong>mi\u00e9rcoles 3 de abril<\/strong> tendr\u00e1 lugar la gran reuni\u00f3n anual de accionistas de Disney, donde los inversores votar\u00e1n por los asientos en la junta directiva. All\u00ed, Nelson Peltz, apoyado por su fondo de inversi\u00f3n <a rel=\"noopener, noreferrer\" href=\"https:\/\/gizmodo.com\/nelson-peltz-explainer-anti-woke-disney-marvel-studios-1851364962\">Trian Partners<\/a>, pedir\u00e1n dos de los doce asientos de la junta para \u00e9l y el ex-directivo de Disney Jay Rasulo.<\/p>\n<p><!-- BREAK 1 --> <\/p>\n<p>Lo que fuera de contexto parecer\u00eda un movimiento habitual y poco rese\u00f1able de este tipo de reuniones, es en realidad una batalla interna que lleva a\u00f1os fragu\u00e1ndose desde el lado de los accionistas, y una sacudida a la futura visi\u00f3n de la compa\u00f1\u00eda del rat\u00f3n.<\/p>\n<p><!-- BREAK 2 --><\/p>\n<h2>Nelson Peltz y sus accionistas, la intolerante oposici\u00f3n<\/h2>\n<p>Entra en escena Nelson Peltz. El empresario de 81 a\u00f1os y su empresa Trian Partners suponen un importante eje entre los accionistas de la compa\u00f1\u00eda. Los intereses de <strong>Peltz nunca se han alineado particularmente con el entretenimiento. <\/strong>Su cartera de <a rel=\"noopener, noreferrer\" href=\"https:\/\/www.bolsamania.com\/fundsnews\/noticias\/profesionales\/asi-invierte-mitico-nelson-peltz-seis-mayores-posiciones-fondo-trian-partners--12411280.html\">fondos<\/a> se divide mayormente entre la industria alimentaria y la energ\u00e9tica, tambi\u00e9n en iniciativas pol\u00edticas, siendo confeso admirador de Trump y habiendo apoyado en su momento la campa\u00f1a del conservador Ron DeSantis.<\/p>\n<p><!-- BREAK 3 --> <\/p>\n<p>A pesar de ello, Peltz siempre ha sido <strong>cr\u00edtico de los grandes desembolsos<\/strong> que Iger ha tomado estos a\u00f1os, considerando que la compra de Fox y otras iniciativas de Iger han dejado en gran deuda a la compa\u00f1\u00eda. En un <a rel=\"noopener, noreferrer\" href=\"https:\/\/restorethemagic.com\/white-paper-03-04-24\/\">escrito<\/a> a finales de marzo, Trian declar\u00f3 la intenci\u00f3n de Peltz tanto de la petici\u00f3n de los asientos, como de una visi\u00f3n completa para conseguir un sucesor para la compa\u00f1\u00eda en el futuro pr\u00f3ximo.<\/p>\n<p><!-- BREAK 4 --><\/p>\n<div class=\"article-asset article-asset-normal article-asset-center\">\n<div class=\"desvio-container\">\n<div class=\"desvio\">\n<div class=\"desvio-figure js-desvio-figure\"> <a href=\"https:\/\/www.espinof.com\/modelos-de-negocio\/cantidad-puede-destruir-calidad-ceo-disney-confiesa-que-sus-fracasos-recientes-se-deben-a-que-estaban-haciendo-demasiado\"> <img loading=\"lazy\" alt=\"En Disney creen haber encontrado la soluci\u00f3n a sus recientes fracasos y admiten que &quot;la cantidad puede destruir la calidad&quot;\" width=\"375\" height=\"142\" src=\"http:\/\/hoycordobaweb.com\/wp-content\/uploads\/2024\/04\/este-miercoles-tendra-lugar-una-batalla-corporativa-por-el-corazon-de-disney.jpg\"> <\/a> <\/div><\/div><\/div>\n<\/div>\n<p>Pero otras declaraciones revelan que la verdadera cara del conflicto podr\u00eda ser ideol\u00f3gica. En una <a rel=\"noopener, noreferrer\" href=\"https:\/\/www.ft.com\/content\/0a182c97-6af7-42a6-ad9f-ae980562bb45\">entrevista<\/a> con el Financial Times, Peltz declar\u00f3 su hartazgo hacia el viraje m\u00e1s inclusivo de los \u00faltimos a\u00f1os de la compa\u00f1\u00eda, haciendo especial referencia a que no necesitamos ver pel\u00edculas \u201csolo de mujeres\u201d o \u201csolo de afroamericanos\u201d. Esta idea parece reforzarse con el hecho de que otro de sus grandes aliados es <strong>Ike Perlmutter,<\/strong> quien <a href=\"https:\/\/www.espinof.com\/modelos-de-negocio\/marvel-sufre-otra-sorprendente-baja-ike-perlmutter-polemico-ejecutivo-que-vendio-marvel-a-disney-ha-sido-despedido\">reemerge desde su despido<\/a> en 2023 por cuestionar los gastos de la compa\u00f1\u00eda p\u00fablicamente y quien, recordemos, tambi\u00e9n se negaba espec\u00edficamente a hacer pel\u00edculas protagonizadas por mujeres.<\/p>\n<p><!-- BREAK 5 --><\/p>\n<h2>El equipo de Iger sigue fuerte<\/h2>\n<p>Aunque esta aparente m\u00e1quina de la venganza de Perlmutter supone una oposici\u00f3n nada desde\u00f1able, <strong>no hay grandes razones para creer que la actual visi\u00f3n de Disney cambiar\u00e1 por completo<\/strong> en los pr\u00f3ximos d\u00edas. Pese a sus propias pol\u00e9micas, Iger sigue siendo una persona de gran influencia y aliados poderosos en Disney. George Lucas, quien le vendi\u00f3 Star Wars en su d\u00eda y ahora es un miembro de la junta directiva, es un vocal defensor. \u201cCrear magia no es para amateurs (\u2026) Cuando Bob volvi\u00f3 a la compa\u00f1\u00eda en tiempos tan dif\u00edciles, me alivi\u00f3. Nadie conoce mejor Disney\u201d Afirm\u00f3 en unas <a rel=\"noopener, noreferrer\" href=\"https:\/\/www.indiewire.com\/news\/general-news\/george-lucas-backs-bob-iger-disney-nelson-peltz-1234965820\/\">declaraciones<\/a> a IndieWire.<\/p>\n<p><!-- BREAK 6 --> <\/p>\n<p>Fuera de la compa\u00f1\u00eda, Laurene Powell Jobs (fundadora de Emerson Collective) y la prestigiosa firma de asesor\u00eda de juntas Glass Lewiss tambi\u00e9n <a rel=\"noopener, noreferrer\" href=\"https:\/\/qz.com\/disney-proxy-board-fight-bob-iger-nelson-peltz-1851358694\">est\u00e1n en su equipo<\/a>. Iger tiene incluso a la propia familia de Walt Disney a su lado. Roy P. Disney <a rel=\"noopener, noreferrer\" href=\"https:\/\/www.nytimes.com\/2024\/02\/29\/business\/media\/disney-heirs-nelson-peltz.html\">dijo <\/a>al New York Times a finales de febrero: \u201c(Peltz y compa\u00f1\u00eda) no est\u00e1n interesados en preservar la \u2018magia Disney\u2019, sino en eliminarla por completo y conseguir beneficio r\u00e1pido para ellos.\u201d<\/p>\n<p><!-- BREAK 7 --><\/p>\n<p>En Espinof:<\/p>\n","protected":false},"excerpt":{"rendered":"<p>El pr\u00f3ximo mi\u00e9rcoles 3 de abril tendr\u00e1 lugar la gran reuni\u00f3n anual de accionistas de Disney, donde los inversores votar\u00e1n por los asientos en la junta directiva. All\u00ed, Nelson Peltz, apoyado por su fondo de inversi\u00f3n Trian Partners, pedir\u00e1n dos de los doce asientos de la junta para \u00e9l y el ex-directivo de Disney Jay [&hellip;]<\/p>\n","protected":false},"author":1,"featured_media":75406,"comment_status":"open","ping_status":"closed","sticky":false,"template":"","format":"standard","meta":[],"categories":[10],"tags":[],"_links":{"self":[{"href":"http:\/\/hoycordobaweb.com\/index.php\/wp-json\/wp\/v2\/posts\/75405"}],"collection":[{"href":"http:\/\/hoycordobaweb.com\/index.php\/wp-json\/wp\/v2\/posts"}],"about":[{"href":"http:\/\/hoycordobaweb.com\/index.php\/wp-json\/wp\/v2\/types\/post"}],"author":[{"embeddable":true,"href":"http:\/\/hoycordobaweb.com\/index.php\/wp-json\/wp\/v2\/users\/1"}],"replies":[{"embeddable":true,"href":"http:\/\/hoycordobaweb.com\/index.php\/wp-json\/wp\/v2\/comments?post=75405"}],"version-history":[{"count":0,"href":"http:\/\/hoycordobaweb.com\/index.php\/wp-json\/wp\/v2\/posts\/75405\/revisions"}],"wp:featuredmedia":[{"embeddable":true,"href":"http:\/\/hoycordobaweb.com\/index.php\/wp-json\/wp\/v2\/media\/75406"}],"wp:attachment":[{"href":"http:\/\/hoycordobaweb.com\/index.php\/wp-json\/wp\/v2\/media?parent=75405"}],"wp:term":[{"taxonomy":"category","embeddable":true,"href":"http:\/\/hoycordobaweb.com\/index.php\/wp-json\/wp\/v2\/categories?post=75405"},{"taxonomy":"post_tag","embeddable":true,"href":"http:\/\/hoycordobaweb.com\/index.php\/wp-json\/wp\/v2\/tags?post=75405"}],"curies":[{"name":"wp","href":"https:\/\/api.w.org\/{rel}","templated":true}]}}