{"id":75347,"date":"2024-03-31T21:02:16","date_gmt":"2024-03-31T21:02:16","guid":{"rendered":"https:\/\/www.ole.com.ar\/futbol-internacional\/francia\/video-reaccion-kylian-mbappe-luis-enrique-decidio-sacarlo_0_mqO8IS7dAl.html"},"modified":"2024-03-31T21:02:16","modified_gmt":"2024-03-31T21:02:16","slug":"video-la-reaccion-de-kylian-mbappe-cuando-luis-enrique-lo-reemplazo","status":"publish","type":"post","link":"http:\/\/hoycordobaweb.com\/index.php\/2024\/03\/31\/video-la-reaccion-de-kylian-mbappe-cuando-luis-enrique-lo-reemplazo\/","title":{"rendered":"Video: la reacci\u00f3n de Kylian Mbapp\u00e9 cuando Luis Enrique lo reemplaz\u00f3"},"content":{"rendered":"<p><img src=\"http:\/\/hoycordobaweb.com\/wp-content\/uploads\/2024\/03\/video-la-reaccion-de-kylian-mbappe-cuando-luis-enrique-lo-reemplazo.jpg\"><\/p>\n<p><time class=\"createDate\" datetime=\"2024-03-31T18:02:16-03:00\">31\/03\/2024 18:02hs.<\/time><time class=\"modificatedDate\" datetime=\"2024-03-31T18:20:29-03:00\"> Actualizado al 31\/03\/2024 18:20hs.<\/time><\/p>\n<div id=\"storyBody\">\n<div class=\"custom-text \" readability=\"13.756281407035\">\n<p>La temporada de <strong><a href=\"https:\/\/www.ole.com.ar\/tema\/kylian-mbappe.html\" title=\"Kylian Mbapp\u00e9\" alt=\"Kylian Mbapp\u00e9\" class=\"slug\">Kylian Mbapp\u00e9<\/a><\/strong> en el <strong><a href=\"https:\/\/www.ole.com.ar\/tema\/paris-saint-germain.html\" title=\"Paris Saint Germain\" alt=\"Paris Saint Germain\" class=\"slug\">Paris Saint Germain<\/a><\/strong> est\u00e1 lejos de la que alguna vez tuvo. Y, en medio de los rumores que lo vinculan al Real Madrid (confirm\u00f3 que no seguir\u00e1 en su club cuando termine el a\u00f1o), este domingo dej\u00f3 entrever su malestar con Luis Enrique, quien volvi\u00f3 a sacarlo. El tema es que, cuando el cartel se ilumin\u00f3 con el 10 en rojo, <strong>el subcampe\u00f3n del mundo explot\u00f3.<\/strong><\/p>\n<\/div>\n<div class=\"custom-text \" readability=\"14\">\n<p>Fue a los 63 minutos del cl\u00e1sico frente al Olympique en Marsella, donde d\u00edas atr\u00e1s fue silbado a\u00fan con los colores de su selecci\u00f3n. El conjunto parisino hab\u00eda encontrado el triunfo parcial a los 53&#8242; de juego cuando Ousmane Demb\u00e9l\u00e9 asisti\u00f3 a V\u00edtor Ferreira y, 10&#8242; m\u00e1s tarde, <strong>Goncalo Ramos reemplaz\u00f3 a Kiki<\/strong>, que dej\u00f3 la cancha ensayando algunas caras que permitieron comprobar su disconformidad.<\/p>\n<\/div>\n<div class=\"custom-text \" readability=\"14\">\n<p>Para ese entonces, el equipo del espa\u00f1ol llevaba un buen tiempo jugando con un hombre menos (Lucas Beraldo vio la roja a los 40&#8242;). A\u00fan as\u00ed, consigui\u00f3 encontrar el triunfo parcial. Luego, ya sin la figura de Francia en la cancha, el delantero portugu\u00e9s que ingres\u00f3 en lugar del capit\u00e1n<strong> estir\u00f3 la ventaja y puso el 2 a 0 definitivo.<\/strong><\/p>\n<\/div>\n<div class=\"sc-e7b891c4-0 jPbnQF\"><img alt=\"As\u00ed sali\u00f3 Mbapp\u00e9. (EFE)\" src=\"http:\/\/hoycordobaweb.com\/wp-content\/uploads\/2024\/03\/video-la-reaccion-de-kylian-mbappe-cuando-luis-enrique-lo-reemplazo-2.jpg\" width=\"720\" height=\"100\" decoding=\"async\" data-nimg=\"future\" loading=\"lazy\"><span class=\"epigraphe\">As\u00ed sali\u00f3 Mbapp\u00e9. (EFE)<\/span><\/div>\n<p><h2><strong>En el amistoso ante Chile, Mbapp\u00e9 fue silbado <\/strong><\/h2>\n<\/p>\n<div class=\"custom-text \" readability=\"12\">\n<p>Lo hab\u00eda anticipado Kylian Mbapp\u00e9 en la previa del partido: \u00abSi no me silban, me sorprender\u00eda gratamente. <strong>S\u00e9 muy bien que aqu\u00ed no estoy en territorio conquistado<\/strong>, pero no tengo ning\u00fan problema con eso, no lo tomo como algo personal. Yo tambi\u00e9n lo entiendo\u00bb. <\/p>\n<\/div>\n<div class=\"custom-text \" readability=\"15\">\n<p>Francia enfrent\u00f3 el martes a Chile, en el Velodrome de Marsella, en un amistoso. Y el delantero, figura de los subcampeones del mundo, fue silbado cuando su nombre fue mencionado en los parlantes y durante algunas de las veces que toc\u00f3 la pelota.<strong> Aunque esto b\u00e1sicamente fue as\u00ed porque se trata de los fans del Olympique<\/strong>, que tienen en el Paris Saint Germain al cl\u00e1sico rival.<\/p>\n<\/div>\n<div class=\"sc-e7b891c4-0 jPbnQF\"><img alt=\"Mbapp\u00e9, enojado. (EFE)\" src=\"http:\/\/hoycordobaweb.com\/wp-content\/uploads\/2024\/03\/video-la-reaccion-de-kylian-mbappe-cuando-luis-enrique-lo-reemplazo-3.jpg\" width=\"720\" height=\"100\" decoding=\"async\" data-nimg=\"future\" loading=\"lazy\"><span class=\"epigraphe\">Mbapp\u00e9, enojado. (EFE)<\/span><\/div>\n<div class=\"sc-a7166897-0 exHLBh\" readability=\"6\">\n<section readability=\"2\"><picture><img alt=\"Jurgen Klopp volvi\u00f3 a llenar de elogios a Alexis Mac Allister: &quot;Estuvo incre\u00edble&quot;\" src=\"http:\/\/hoycordobaweb.com\/wp-content\/uploads\/2024\/03\/video-la-reaccion-de-kylian-mbappe-cuando-luis-enrique-lo-reemplazo-4.jpg\" width=\"290\" height=\"290\" decoding=\"async\" data-nimg=\"future\" loading=\"lazy\"><\/picture>\n<p><span>Mir\u00e1 tambi\u00e9n<\/span><\/p>\n<hr>\n<h3>Jurgen Klopp volvi\u00f3 a llenar de elogios a Alexis Mac Allister: \u00abEstuvo incre\u00edble\u00bb<\/h3>\n<\/p>\n<\/section>\n<\/div>\n<div class=\"sc-a7166897-0 exHLBh\" readability=\"6\">\n<section readability=\"2\"><picture><img alt=\"El delantero argentino que volvi\u00f3 a convertir tras casi dos a\u00f1os sin hacerlo\" src=\"http:\/\/hoycordobaweb.com\/wp-content\/uploads\/2024\/03\/video-la-reaccion-de-kylian-mbappe-cuando-luis-enrique-lo-reemplazo-5.jpg\" width=\"290\" height=\"290\" decoding=\"async\" data-nimg=\"future\" loading=\"lazy\"><\/picture>\n<p><span>Mir\u00e1 tambi\u00e9n<\/span><\/p>\n<hr>\n<h3>El delantero argentino que volvi\u00f3 a convertir tras casi dos a\u00f1os sin hacerlo<\/h3>\n<\/p>\n<\/section>\n<\/div>\n<div class=\"sc-a7166897-0 exHLBh\" readability=\"6.5\">\n<section readability=\"3\"><picture><img alt=\"Por qu\u00e9 Juli\u00e1n \u00c1lvarez no jug\u00f3 contra el Arsenal: la explicaci\u00f3n de Pep Guardiola\" src=\"http:\/\/hoycordobaweb.com\/wp-content\/uploads\/2024\/03\/video-la-reaccion-de-kylian-mbappe-cuando-luis-enrique-lo-reemplazo-6.jpg\" width=\"290\" height=\"290\" decoding=\"async\" data-nimg=\"future\" loading=\"lazy\"><\/picture>\n<p><span>Mir\u00e1 tambi\u00e9n<\/span><\/p>\n<hr>\n<h3>Por qu\u00e9 Juli\u00e1n \u00c1lvarez no jug\u00f3 contra el Arsenal: la explicaci\u00f3n de Pep Guardiola<\/h3>\n<\/p>\n<\/section>\n<\/div>\n<\/div>\n","protected":false},"excerpt":{"rendered":"<p>31\/03\/2024 18:02hs. Actualizado al 31\/03\/2024 18:20hs. La temporada de Kylian Mbapp\u00e9 en el Paris Saint Germain est\u00e1 lejos de la que alguna vez tuvo. Y, en medio de los rumores que lo vinculan al Real Madrid (confirm\u00f3 que no seguir\u00e1 en su club cuando termine el a\u00f1o), este domingo dej\u00f3 entrever su malestar con Luis [&hellip;]<\/p>\n","protected":false},"author":1,"featured_media":75348,"comment_status":"open","ping_status":"closed","sticky":false,"template":"","format":"standard","meta":[],"categories":[16],"tags":[],"_links":{"self":[{"href":"http:\/\/hoycordobaweb.com\/index.php\/wp-json\/wp\/v2\/posts\/75347"}],"collection":[{"href":"http:\/\/hoycordobaweb.com\/index.php\/wp-json\/wp\/v2\/posts"}],"about":[{"href":"http:\/\/hoycordobaweb.com\/index.php\/wp-json\/wp\/v2\/types\/post"}],"author":[{"embeddable":true,"href":"http:\/\/hoycordobaweb.com\/index.php\/wp-json\/wp\/v2\/users\/1"}],"replies":[{"embeddable":true,"href":"http:\/\/hoycordobaweb.com\/index.php\/wp-json\/wp\/v2\/comments?post=75347"}],"version-history":[{"count":0,"href":"http:\/\/hoycordobaweb.com\/index.php\/wp-json\/wp\/v2\/posts\/75347\/revisions"}],"wp:featuredmedia":[{"embeddable":true,"href":"http:\/\/hoycordobaweb.com\/index.php\/wp-json\/wp\/v2\/media\/75348"}],"wp:attachment":[{"href":"http:\/\/hoycordobaweb.com\/index.php\/wp-json\/wp\/v2\/media?parent=75347"}],"wp:term":[{"taxonomy":"category","embeddable":true,"href":"http:\/\/hoycordobaweb.com\/index.php\/wp-json\/wp\/v2\/categories?post=75347"},{"taxonomy":"post_tag","embeddable":true,"href":"http:\/\/hoycordobaweb.com\/index.php\/wp-json\/wp\/v2\/tags?post=75347"}],"curies":[{"name":"wp","href":"https:\/\/api.w.org\/{rel}","templated":true}]}}