{"id":75290,"date":"2024-03-29T19:29:49","date_gmt":"2024-03-29T19:29:49","guid":{"rendered":"https:\/\/www.trendencias.com\/belleza\/garnier-tiene-producto-perfecto-para-recuperar-rubio-cabellos-tenidos-mechas-neutralizar-tonos-indeseados"},"modified":"2024-03-29T19:29:49","modified_gmt":"2024-03-29T19:29:49","slug":"garnier-tiene-el-producto-perfecto-para-recuperar-el-rubio-de-los-cabellos-tenidos-o-con-mechas-y-neutralizar-los-tonos-indeseados","status":"publish","type":"post","link":"http:\/\/hoycordobaweb.com\/index.php\/2024\/03\/29\/garnier-tiene-el-producto-perfecto-para-recuperar-el-rubio-de-los-cabellos-tenidos-o-con-mechas-y-neutralizar-los-tonos-indeseados\/","title":{"rendered":"Garnier tiene el producto perfecto para recuperar el rubio de los cabellos te\u00f1idos o con mechas y neutralizar los tonos indeseados"},"content":{"rendered":"<p>No podemos negar que las <a href=\"https:\/\/www.trendencias.com\/belleza\/melenas-muy-rubias-largas-vuelven-a-estar-moda\">melenas rubias<\/a> o con <a href=\"https:\/\/www.trendencias.com\/belleza\/estas-mechas-todo-mundo-dira-que-eres-rubia-raiz-este-oscura\">mechas<\/a> se ven incre\u00edbles, pero tambi\u00e9n sabemos que <strong>necesitan de unos cuidados espec\u00edficos <\/strong>para que ese color tan ideal se mantenga con el paso de los d\u00edas y no termine siendo un rubio apagado o <strong>con matices anaranjados o amarillos<\/strong>, que no, no molan nada.<\/p>\n<p><!-- BREAK 1 --> <\/p>\n<div class=\"article-asset article-asset-normal article-asset-center\">\n<div class=\"desvio-container\">\n<div class=\"desvio\">\n<div class=\"desvio-figure js-desvio-figure\"> <a href=\"https:\/\/www.trendencias.com\/belleza\/corte-pelo-corto-algo-largura-no-bob-que-ha-conquistado-a-mujeres-todas-edades\"> <img loading=\"lazy\" alt=\"El corte de pelo corto con algo de largura (y no es un bob) que ha conquistado a las mujeres de todas las edades\" width=\"375\" height=\"142\" src=\"http:\/\/hoycordobaweb.com\/wp-content\/uploads\/2024\/03\/garnier-tiene-el-producto-perfecto-para-recuperar-el-rubio-de-los-cabellos-tenidos-o-con-mechas-y-neutralizar-los-tonos-indeseados.jpg\"> <\/a> <\/div><\/div><\/div>\n<\/div>\n<p>Y como bien sabemos, esto es bastante probable que suceda con el paso de los d\u00edas, los lavados y las diferentes agresiones externas. <strong>\u00bfY qu\u00e9 podemos hacer?<\/strong> Pues aqu\u00ed es donde entra en juego el nuevo producto de Garnier que os traemos hoy. Nos referimos a <strong>Olia Hi-Shine Toner<\/strong> que es un producto espec\u00edfico para cabellos decolorados o aclarados.<\/p>\n<p><!-- BREAK 2 --><\/p>\n<div class=\"article-asset-image article-asset-normal article-asset-center\">\n<div class=\"asset-content\"> <img class=\"centro_sinmarco\" height=\"700\" width=\"700\" loading=\"lazy\" decoding=\"async\" sizes=\"100vw\" fetchpriority=\"high\" srcset=\"http:\/\/hoycordobaweb.com\/wp-content\/uploads\/2024\/03\/garnier-tiene-el-producto-perfecto-para-recuperar-el-rubio-de-los-cabellos-tenidos-o-con-mechas-y-neutralizar-los-tonos-indeseados.png 450w, http:\/\/hoycordobaweb.com\/wp-content\/uploads\/2024\/03\/garnier-tiene-el-producto-perfecto-para-recuperar-el-rubio-de-los-cabellos-tenidos-o-con-mechas-y-neutralizar-los-tonos-indeseados-1.png 681w, http:\/\/hoycordobaweb.com\/wp-content\/uploads\/2024\/03\/garnier-tiene-el-producto-perfecto-para-recuperar-el-rubio-de-los-cabellos-tenidos-o-con-mechas-y-neutralizar-los-tonos-indeseados-2.png 1024w, http:\/\/hoycordobaweb.com\/wp-content\/uploads\/2024\/03\/garnier-tiene-el-producto-perfecto-para-recuperar-el-rubio-de-los-cabellos-tenidos-o-con-mechas-y-neutralizar-los-tonos-indeseados-3.png 1366w\" src=\"http:\/\/hoycordobaweb.com\/wp-content\/uploads\/2024\/03\/garnier-tiene-el-producto-perfecto-para-recuperar-el-rubio-de-los-cabellos-tenidos-o-con-mechas-y-neutralizar-los-tonos-indeseados.png\" alt=\"pelo\"> <noscript><img alt=\"pelo\" class=\"centro_sinmarco\" src=\"http:\/\/hoycordobaweb.com\/wp-content\/uploads\/2024\/03\/garnier-tiene-el-producto-perfecto-para-recuperar-el-rubio-de-los-cabellos-tenidos-o-con-mechas-y-neutralizar-los-tonos-indeseados.png\"><\/noscript> <\/div>\n<\/div>\n<p>Este matizador para cabellos rubios ha sido <strong>dise\u00f1ado para neutralizar los tonos indeseados en cabellos con mechas o aclarados<\/strong>. Gracias a su composici\u00f3n con <strong>pigmentos fr\u00edos<\/strong> neutraliza los tonos amarillos, naranjas e incluso esos matices verdosos que a veces tambi\u00e9n se aprecian en los cabellos rubios. El resultado ser\u00e1 un cabello ultra radiante, con much\u00edsimo brillo y un rubio excepcional.<\/p>\n<p><!-- BREAK 3 --> <\/p>\n<p>En su formulaci\u00f3n no contiene <strong>amoniaco ni siliconas<\/strong> pero s\u00ed aceites florales nutritivos y se utiliza como si se tratase de un tinte. Se aplica por todo el cabello o \u00fanicamente sobre las mechas, y en tan solo 10 minutos el cabello ser\u00e1 completamente otro. Adem\u00e1s, tambi\u00e9n repara la estructura debilitada de la fibra capilar, por lo que el cabello se ver\u00e1 m\u00e1s sano, sedoso y con un color m\u00e1s bonito. Est\u00e1 disponible en dos tonos, para<strong> Rubio Platino <\/strong>y <a href=\"https:\/\/www.trendencias.com\/belleza\/rubio-ceniza-que-tonos-usar-para-conseguirlo-consejos-recomendaciones\">Rubio Ceniza<\/a>, y su precio es de <a rel=\"noopener, noreferrer\" class=\"js-ecommerce\" href=\"https:\/\/www.trendencias.com\/redirect?url=https%3A%2F%2Fwww.primor.eu%2Fes_es%2Fgarnier-olia-hi-shine-toner-para-cabello-decolorado-o-aclarado-95309.html&amp;category=belleza&amp;ecomPostExpiration=perish&amp;postId=624795\" data-vars-affiliate-url=\"https:\/\/www.trendencias.com\/redirect?url=https%3A%2F%2Fwww.primor.eu%2Fes_es%2Fgarnier-olia-hi-shine-toner-para-cabello-decolorado-o-aclarado-95309.html&amp;category=belleza&amp;ecomPostExpiration=perish&amp;postId=624795\">6,95 euros<\/a>.<\/p>\n<p><!-- BREAK 4 --><\/p>\n<p>Fotos | <a rel=\"noopener, noreferrer\" href=\"https:\/\/www.instagram.com\/rachelhilbert\/?hl=es&amp;e=d6347115-bed0-49d8-8370-37cc55902ace&amp;g=5\">@rachelhilbert<\/a>, Primor<\/p>\n<p><!-- BREAK 5 --><\/p>\n<p>En Trendencias | <a href=\"https:\/\/www.trendencias.com\/belleza\/15-cortes-pelo-tendencia-2024-que-se-pediran-peluquerias\">19 cortes de pelo de tendencia en 2024 que m\u00e1s se pedir\u00e1n en las peluquer\u00edas<\/a><\/p>\n<p><!-- BREAK 6 --> <\/p>\n<p>En Trendencias | <a href=\"https:\/\/www.trendencias.com\/belleza\/13-cortes-pelo-corto-que-seran-tendencia-2024\">17 cortes de pelo corto que son tendencia en 2024<\/a><\/p>\n<p><!-- BREAK 7 --><\/p>\n<p>En Trendencias |<a href=\"https:\/\/www.trendencias.com\/belleza\/estos-perfumes-mercadona-que-se-inspiran-firma-lujo-que-todo-mundo-habla\"> Estos son los perfumes de Mercadona que se inspiran en los de una firma de lujo (y de los que todo el mundo habla)<\/a><\/p>\n<p><!-- BREAK 8 --> <\/p>\n","protected":false},"excerpt":{"rendered":"<p>No podemos negar que las melenas rubias o con mechas se ven incre\u00edbles, pero tambi\u00e9n sabemos que necesitan de unos cuidados espec\u00edficos para que ese color tan ideal se mantenga con el paso de los d\u00edas y no termine siendo un rubio apagado o con matices anaranjados o amarillos, que no, no molan nada. Y [&hellip;]<\/p>\n","protected":false},"author":1,"featured_media":75291,"comment_status":"closed","ping_status":"closed","sticky":false,"template":"","format":"standard","meta":[],"categories":[1],"tags":[],"_links":{"self":[{"href":"http:\/\/hoycordobaweb.com\/index.php\/wp-json\/wp\/v2\/posts\/75290"}],"collection":[{"href":"http:\/\/hoycordobaweb.com\/index.php\/wp-json\/wp\/v2\/posts"}],"about":[{"href":"http:\/\/hoycordobaweb.com\/index.php\/wp-json\/wp\/v2\/types\/post"}],"author":[{"embeddable":true,"href":"http:\/\/hoycordobaweb.com\/index.php\/wp-json\/wp\/v2\/users\/1"}],"replies":[{"embeddable":true,"href":"http:\/\/hoycordobaweb.com\/index.php\/wp-json\/wp\/v2\/comments?post=75290"}],"version-history":[{"count":0,"href":"http:\/\/hoycordobaweb.com\/index.php\/wp-json\/wp\/v2\/posts\/75290\/revisions"}],"wp:featuredmedia":[{"embeddable":true,"href":"http:\/\/hoycordobaweb.com\/index.php\/wp-json\/wp\/v2\/media\/75291"}],"wp:attachment":[{"href":"http:\/\/hoycordobaweb.com\/index.php\/wp-json\/wp\/v2\/media?parent=75290"}],"wp:term":[{"taxonomy":"category","embeddable":true,"href":"http:\/\/hoycordobaweb.com\/index.php\/wp-json\/wp\/v2\/categories?post=75290"},{"taxonomy":"post_tag","embeddable":true,"href":"http:\/\/hoycordobaweb.com\/index.php\/wp-json\/wp\/v2\/tags?post=75290"}],"curies":[{"name":"wp","href":"https:\/\/api.w.org\/{rel}","templated":true}]}}