{"id":75266,"date":"2024-03-29T21:16:44","date_gmt":"2024-03-29T21:16:44","guid":{"rendered":"https:\/\/ladecimaweb.com\/?p=25937"},"modified":"2024-03-29T21:16:44","modified_gmt":"2024-03-29T21:16:44","slug":"crimen-del-playero-en-rosario-la-recompensa-de-10-millones-fue-util-dice-el-fiscal","status":"publish","type":"post","link":"http:\/\/hoycordobaweb.com\/index.php\/2024\/03\/29\/crimen-del-playero-en-rosario-la-recompensa-de-10-millones-fue-util-dice-el-fiscal\/","title":{"rendered":"Crimen del playero en Rosario: \u201cLa recompensa de $10 millones fue \u00fatil\u201d, dice el fiscal"},"content":{"rendered":"<div class=\"boldgrid-section\">\n<div class=\"container\">\n<div class=\"row\">\n<div class=\"col-md-12 col-xs-12 col-sm-12\">\n<p class>(NA) Uno de los fiscales que investiga el<span>&nbsp;<\/span><a href=\"https:\/\/noticiasargentinas.com\/sociedad\/crimen-del-playero-en-rosario--el-relato-de-los-testigos-que-permitio-la-detencion-del-presunto-asesino_a6606a16441ccb4cd393a0ca7\">crimen del playero<span>&nbsp;<\/span><span>Bruno Bussanich&nbsp;<\/span>en Rosario<\/a><span>&nbsp;<\/span>sostuvo que<span>&nbsp;<\/span><strong>la recompensa de $10 millones para detener al presunto asesino \u201cha sido \u00fatil\u201d<span>&nbsp;<\/span><\/strong>y remarc\u00f3 que<span>&nbsp;<\/span><strong>todas las investigaciones que se hicieron apuntaban contra el adolescente de 15 a\u00f1os.&nbsp;<\/strong><\/p>\n<p>Adem\u00e1s, el fiscal sostuvo:<span>&nbsp;<\/span><span>&#8220;a<\/span><strong>hora vamos a empezar a evaluar qui\u00e9n lo mand\u00f3. Por ahora, llegamos al autor material<\/strong><span>&#8220;.<\/span><\/p>\n<p><span>Este&nbsp;viernes el joven fue trasladado hasta el&nbsp;<\/span><strong>Juzgado de Menores&nbsp;<\/strong>para sentarse f<span>rente a la jueza de Menores N\u00ba4,&nbsp;<strong>Dolores Aguirre Guarrochena.<\/strong>&nbsp;A la espera de que comience la audiencia, el<strong>&nbsp;fiscal Adri\u00e1n Spelta&nbsp;<\/strong>habl\u00f3 sobre c\u00f3mo se lleg\u00f3 a la detenci\u00f3n del menor.<\/span><\/p>\n<p><span><strong>\u201cLas investigaciones apuntaron siempre contra esta persona. L<\/strong><\/span><strong>a recompensa puesta por el Gobierno de Santa Fe de 10 millones de pesos ha sido \u00fatil<\/strong><span><strong>&nbsp;ya que la colaboraci\u00f3n fue de mucha importancia\u201d<\/strong>, destac\u00f3 en di\u00e1logo con<\/span><i><span>&nbsp;Cadena 3.&nbsp;<\/span><\/i><\/p>\n<p><span>Asimismo, el fiscal manifest\u00f3 que la audiencia en el Juzgado es de&nbsp;<strong>suma importancia<\/strong>&nbsp;porque \u201c<\/span><strong>nos puede aportar con respecto a una causa m\u00e1s amplia&#8221;.<\/strong><\/p>\n<p>Spelta<span>&nbsp;<\/span><span>conforma la&nbsp;<strong>unidad especial&nbsp;<\/strong>que fue creada en las \u00faltimas semanas para resolver los atentados ocurridos en Rosario. Para los investigadores<strong>&nbsp;todos los ataques est\u00e1n ligados y por eso buscan a los autores intelectuales.&nbsp;<\/strong><\/span><\/p>\n<p><span>Al tratarse de un menor, el fiscal explic\u00f3 que&nbsp;<\/span><strong>\u201cno es punible\u201d<span>&nbsp;<\/span><\/strong>y<span>&nbsp;<\/span><span>podr\u00eda quedar&nbsp;<strong>\u201cbajo un tratamiento de Ni\u00f1ez\u201d.<\/strong><\/span><\/p>\n<p class><span>El allanamiento donde se procedi\u00f3 a la detenci\u00f3n del adolescente ocurri\u00f3 en las \u00faltimas horas del jueves en una vivienda ubicada en la&nbsp;<\/span><strong>Zona Cero<\/strong><span>, en el noroeste de la ciudad.<\/span><\/p>\n<p><span><strong>\u201cViv\u00eda con su madre y la pareja de ella&nbsp;<\/strong><\/span><strong>est\u00e1 privada de su libertad en la c\u00e1rcel de Coronda\u201d<\/strong>, destac\u00f3.<\/p>\n<p><span>La captura se logr\u00f3 tras la declaraci\u00f3n de testigos. Uno de ellos cont\u00f3 que estuvo al momento del asesinato y&nbsp;<\/span><strong>lo ubica en la estaci\u00f3n de servicio donde Bussanich recibi\u00f3 tres tiros,<\/strong><span><strong>&nbsp;<\/strong>mientras que el otro indic\u00f3 que&nbsp;<\/span><strong>escuch\u00f3 al adolescente advirti\u00e9ndole a otra persona que era \u00e9l quien asesin\u00f3 al playero.&nbsp;<\/strong><\/p>\n<p>En tanto, en conferencia de prensa, el fiscal fue consultado sobre la posibilidad de que el adolescente pudiera quedar en libertad o convertirse en testigo protegido, y dijo: &#8220;habr\u00e1 que ver qu\u00e9 dispone la jueza de Familia. Por otra parte quedar\u00eda como testigo si hubiera aportado alg\u00fan tipo de informaci\u00f3n&#8221;.<\/p>\n<p>&nbsp;<\/p>\n<div class=\"ubm_banner\"><a href=\"https:\/\/www.cba.gov.ar\/prevencion-dengue\/\" target=\"_blank\" rel=\"dofollow noopener noreferrer\"><img src=\"http:\/\/hoycordobaweb.com\/wp-content\/uploads\/2024\/03\/crimen-del-playero-en-rosario-la-recompensa-de-10-millones-fue-util-dice-el-fiscal.gif\" alt><\/a><\/div>\n<\/div>\n<\/div>\n<\/div>\n<\/div>\n<p>La entrada <a rel=\"nofollow\" href=\"https:\/\/ladecimaweb.com\/crimen-del-playero-en-rosario-la-recompensa-de-10-millones-fue-util-dice-el-fiscal\/\">Crimen del playero en Rosario: &#8220;La recompensa de $10 millones fue \u00fatil\u201d, dice el fiscal<\/a> se public\u00f3 primero en <a rel=\"nofollow\" href=\"https:\/\/ladecimaweb.com\">LaDecima<\/a>.<\/p>\n","protected":false},"excerpt":{"rendered":"<p>(NA) Uno de los fiscales que investiga el&nbsp;crimen del playero&nbsp;Bruno Bussanich&nbsp;en Rosario&nbsp;sostuvo que&nbsp;la recompensa de $10 millones para detener al presunto asesino \u201cha sido \u00fatil\u201d&nbsp;y remarc\u00f3 que&nbsp;todas las investigaciones que se hicieron apuntaban contra el adolescente de 15 a\u00f1os.&nbsp; Adem\u00e1s, el fiscal sostuvo:&nbsp;&#8220;ahora vamos a empezar a evaluar qui\u00e9n lo mand\u00f3. Por ahora, llegamos al [&hellip;]<\/p>\n","protected":false},"author":1,"featured_media":75267,"comment_status":"closed","ping_status":"closed","sticky":false,"template":"","format":"standard","meta":[],"categories":[19],"tags":[],"_links":{"self":[{"href":"http:\/\/hoycordobaweb.com\/index.php\/wp-json\/wp\/v2\/posts\/75266"}],"collection":[{"href":"http:\/\/hoycordobaweb.com\/index.php\/wp-json\/wp\/v2\/posts"}],"about":[{"href":"http:\/\/hoycordobaweb.com\/index.php\/wp-json\/wp\/v2\/types\/post"}],"author":[{"embeddable":true,"href":"http:\/\/hoycordobaweb.com\/index.php\/wp-json\/wp\/v2\/users\/1"}],"replies":[{"embeddable":true,"href":"http:\/\/hoycordobaweb.com\/index.php\/wp-json\/wp\/v2\/comments?post=75266"}],"version-history":[{"count":0,"href":"http:\/\/hoycordobaweb.com\/index.php\/wp-json\/wp\/v2\/posts\/75266\/revisions"}],"wp:featuredmedia":[{"embeddable":true,"href":"http:\/\/hoycordobaweb.com\/index.php\/wp-json\/wp\/v2\/media\/75267"}],"wp:attachment":[{"href":"http:\/\/hoycordobaweb.com\/index.php\/wp-json\/wp\/v2\/media?parent=75266"}],"wp:term":[{"taxonomy":"category","embeddable":true,"href":"http:\/\/hoycordobaweb.com\/index.php\/wp-json\/wp\/v2\/categories?post=75266"},{"taxonomy":"post_tag","embeddable":true,"href":"http:\/\/hoycordobaweb.com\/index.php\/wp-json\/wp\/v2\/tags?post=75266"}],"curies":[{"name":"wp","href":"https:\/\/api.w.org\/{rel}","templated":true}]}}