{"id":75264,"date":"2024-03-29T21:25:47","date_gmt":"2024-03-29T21:25:47","guid":{"rendered":"https:\/\/ladecimaweb.com\/?p=25940"},"modified":"2024-03-29T21:25:47","modified_gmt":"2024-03-29T21:25:47","slug":"instituto-emitio-un-comunicado-tras-los-enfrentamientos-entre-barras","status":"publish","type":"post","link":"http:\/\/hoycordobaweb.com\/index.php\/2024\/03\/29\/instituto-emitio-un-comunicado-tras-los-enfrentamientos-entre-barras\/","title":{"rendered":"Instituto emiti\u00f3 un comunicado tras los enfrentamientos entre barras"},"content":{"rendered":"<div class=\"boldgrid-section\">\n<div class=\"container\">\n<div class=\"row\">\n<div class=\"col-md-12 col-xs-12 col-sm-12\">\n<p><strong>Instituto de C\u00f3rdoba emiti\u00f3 un comunicado luego del hecho de violencia que se produjo en la previa ante Argentinos Juniors, en el cual se enfrentaron los barras en las inmediaciones del estadio.<\/strong><\/p>\n<p>El club public\u00f3 el<span>&nbsp;<\/span><strong>informe de la polic\u00eda de la provincia de C\u00f3rdoba<\/strong><span>&nbsp;<\/span>que se\u00f1ala que antes del comienzo del partido<span>&nbsp;<\/span>&#8220;se observa una<span>&nbsp;<\/span><strong>ri\u00f1a entre numerosos miembros de la hinchada del IACC,<\/strong><span>&nbsp;<\/span>donde se escuchan estampidas similares a las de arma de fuego y arrojamiento de elementos contundentes (piedras y botellas)&#8221;.<\/p>\n<p>Debido a esto,<span>&nbsp;<\/span>&#8220;personal de Unidades Especiales de la polic\u00eda de C\u00f3rdoba restablece el orden y la tranquilidad p\u00fablica mediante la utilizaci\u00f3n arma menos letal, disuadiendo el tumulto&#8221;.&nbsp;<\/p>\n<p>&#8220;Una vez despejado el sector siendo las 20:53 hs se visualiza en la intersecci\u00f3n mencionada y se procede al Secuestro de *03 vainas servidas cal 9mm aparentemente*&#8221;, contin\u00faa el parte. Adem\u00e1s, informan del ingreso de un menor de 17 a\u00f1os acompa\u00f1ado por su madre al Hospital de Urgencias.<\/p>\n<p><strong>Por su parte, el club, en tanto, agradeci\u00f3 el accionar policial y manifest\u00f3 su repudio a los actos de violencia<\/strong><span>&nbsp;<\/span>que da\u00f1an a los<span>&nbsp;<\/span>&#8220;socios, socias y vecinos del barrio, como as\u00ed tambi\u00e9n a nuestra instituci\u00f3n&#8221;.<span>&nbsp;<\/span><\/p>\n<p><strong>&#8220;Nos ponemos a disposici\u00f3n de los organismos de seguridad a fin de aplicar las medidas preventivas necesarias, como as\u00ed tambi\u00e9n los derechos de admisi\u00f3n a todos los actores identificados por las fuerzas de seguridad de estos hechos&#8221;<\/strong>, complet\u00f3.<\/p>\n<p>&nbsp;<\/p>\n<div class=\"ubm_banner\"><a href=\"https:\/\/www.cba.gov.ar\/prevencion-dengue\/\" target=\"_blank\" rel=\"dofollow noopener noreferrer\"><img src=\"http:\/\/hoycordobaweb.com\/wp-content\/uploads\/2024\/03\/instituto-emitio-un-comunicado-tras-los-enfrentamientos-entre-barras.gif\" alt><\/a><\/div>\n<\/div>\n<\/div>\n<\/div>\n<\/div>\n<p>La entrada <a rel=\"nofollow\" href=\"https:\/\/ladecimaweb.com\/instituto-emitio-un-comunicado-tras-los-enfrentamientos-entre-barras\/\">Instituto emiti\u00f3 un comunicado tras los enfrentamientos entre barras<\/a> se public\u00f3 primero en <a rel=\"nofollow\" href=\"https:\/\/ladecimaweb.com\">LaDecima<\/a>.<\/p>\n","protected":false},"excerpt":{"rendered":"<p>Instituto de C\u00f3rdoba emiti\u00f3 un comunicado luego del hecho de violencia que se produjo en la previa ante Argentinos Juniors, en el cual se enfrentaron los barras en las inmediaciones del estadio. El club public\u00f3 el&nbsp;informe de la polic\u00eda de la provincia de C\u00f3rdoba&nbsp;que se\u00f1ala que antes del comienzo del partido&nbsp;&#8220;se observa una&nbsp;ri\u00f1a entre numerosos [&hellip;]<\/p>\n","protected":false},"author":1,"featured_media":75265,"comment_status":"closed","ping_status":"closed","sticky":false,"template":"","format":"standard","meta":[],"categories":[19],"tags":[],"_links":{"self":[{"href":"http:\/\/hoycordobaweb.com\/index.php\/wp-json\/wp\/v2\/posts\/75264"}],"collection":[{"href":"http:\/\/hoycordobaweb.com\/index.php\/wp-json\/wp\/v2\/posts"}],"about":[{"href":"http:\/\/hoycordobaweb.com\/index.php\/wp-json\/wp\/v2\/types\/post"}],"author":[{"embeddable":true,"href":"http:\/\/hoycordobaweb.com\/index.php\/wp-json\/wp\/v2\/users\/1"}],"replies":[{"embeddable":true,"href":"http:\/\/hoycordobaweb.com\/index.php\/wp-json\/wp\/v2\/comments?post=75264"}],"version-history":[{"count":0,"href":"http:\/\/hoycordobaweb.com\/index.php\/wp-json\/wp\/v2\/posts\/75264\/revisions"}],"wp:featuredmedia":[{"embeddable":true,"href":"http:\/\/hoycordobaweb.com\/index.php\/wp-json\/wp\/v2\/media\/75265"}],"wp:attachment":[{"href":"http:\/\/hoycordobaweb.com\/index.php\/wp-json\/wp\/v2\/media?parent=75264"}],"wp:term":[{"taxonomy":"category","embeddable":true,"href":"http:\/\/hoycordobaweb.com\/index.php\/wp-json\/wp\/v2\/categories?post=75264"},{"taxonomy":"post_tag","embeddable":true,"href":"http:\/\/hoycordobaweb.com\/index.php\/wp-json\/wp\/v2\/tags?post=75264"}],"curies":[{"name":"wp","href":"https:\/\/api.w.org\/{rel}","templated":true}]}}