{"id":75230,"date":"2024-03-28T20:43:44","date_gmt":"2024-03-28T20:43:44","guid":{"rendered":"https:\/\/www.ole.com.ar\/messi\/messi-seleccion_0_oCh58hKGd6.html"},"modified":"2024-03-28T20:43:44","modified_gmt":"2024-03-28T20:43:44","slug":"messi-retro-se-cumplen-15-anos-de-la-primera-vez-que-uso-la-10-en-la-seleccion","status":"publish","type":"post","link":"http:\/\/hoycordobaweb.com\/index.php\/2024\/03\/28\/messi-retro-se-cumplen-15-anos-de-la-primera-vez-que-uso-la-10-en-la-seleccion\/","title":{"rendered":"Messi retro: se cumplen 15 a\u00f1os de la primera vez que us\u00f3 la 10 en la Selecci\u00f3n"},"content":{"rendered":"<p><img src=\"http:\/\/hoycordobaweb.com\/wp-content\/uploads\/2024\/03\/messi-retro-se-cumplen-15-anos-de-la-primera-vez-que-uso-la-10-en-la-seleccion.jpg\"><\/p>\n<p><time class=\"createDate\" datetime=\"2024-03-28T17:43:44-03:00\">28\/03\/2024 17:43hs.<\/time><time class=\"modificatedDate\" datetime=\"2024-03-28T17:49:44-03:00\"> Actualizado al 28\/03\/2024 17:49hs.<\/time><\/p>\n<div id=\"storyBody\">\n<div class=\"custom-text \" readability=\"38.976114649682\">\n<p>Un par de d\u00edas despu\u00e9s de un hecho hist\u00f3rico, l<strong>a tapa todav\u00eda est\u00e1 caliente. \u00ab10 + L\u00edo\u00bb, fue el t\u00edtulo de Ol\u00e9<\/strong> del 30 de marzo de 2009. Parece que fue ayer, pero <strong>este jueves 28 se cumplen 15 a\u00f1os desde la primera vez que <a href=\"https:\/\/www.ole.com.ar\/tema\/lionel-messi.html\" title=\"Lionel Messi\" alt=\"Lionel Messi\" class=\"slug\">Leo Messi <\/a>se puso la 10 de la Selecci\u00f3n Mayor<\/strong>. El mejor del mundo tuvo un debut con esa camiseta acorde a su grandeza: fue <strong>figura con gol incluido, el equipo gole\u00f3 4-0 a Venezuela y el que le entreg\u00f3 la 10 fue nada menos que<a href=\"https:\/\/www.ole.com.ar\/tema\/diego-maradona.html\" title=\"Diego Maradona\" alt=\"Diego Maradona\" class=\"slug\"> Diego Armando Maradona<\/a>,<\/strong> por entonces t\u00e9cnico de la Selecci\u00f3n. Eso no es todo: fue la primera vez que Leo jug\u00f3 por derecha en Argentina, tal como hac\u00eda en el Barcelona.<\/p>\n<\/div>\n<p><h2>El mano a mano de Messi con Ol\u00e9 <\/h2>\n<\/p>\n<div class=\"custom-text \" readability=\"37\">\n<p>Dos d\u00edas despu\u00e9s del partido, <strong>Ol\u00e9 tuvo la posibilidad de hacerle un mano a mano exclusivo a Messi. \u00bfQu\u00e9 dijo? \u00bfC\u00f3mo se sinti\u00f3? \u00bfPara qui\u00e9n fue esa 10 much\u00edsimo antes de coronarse en Qatar? \u00abSe est\u00e1n peleando por las camisetas.<\/strong> No s\u00e9 si una va para Rodrigo (hermano) y otra se queda ac\u00e1 (su casa). Se van a tener que arreglar entre ellos\u00bb, dijo el crack con su habitual frescura en una nota realizada por el recordado Topo L\u00f3pez y Hern\u00e1n Claus.<\/p>\n<\/div>\n<div class=\"sc-e7b891c4-0 jPbnQF\"><img alt=\"Est\u00e1 fue la tapa de Messi con Ol\u00e9.\" src=\"http:\/\/hoycordobaweb.com\/wp-content\/uploads\/2024\/03\/messi-retro-se-cumplen-15-anos-de-la-primera-vez-que-uso-la-10-en-la-seleccion-2.jpg\" width=\"720\" height=\"100\" decoding=\"async\" data-nimg=\"future\" loading=\"lazy\"><span class=\"epigraphe\">Est\u00e1 fue la tapa de Messi con Ol\u00e9.<\/span><\/div>\n<div class=\"custom-text \" readability=\"43\">\n<p><strong>\u00abMe sorprendi\u00f3 que Diego me diera la 10. No lo esperaba porque yo adem\u00e1s hab\u00eda dicho que me daba lo mismo el n\u00famero de camiseta. Fue muy especial porque sali\u00f3 de \u00e9l sin que se lo pidiera<\/strong>. Me dijo: \u00b4Vas a llevar la 10 de mi Selecci\u00f3n\u00b4\u00bb, supo contar emocionado Messi. De ah\u00ed en m\u00e1s, claro, llegar\u00edan todo tipo de sensaciones. De felicidad, de tristeza, de \u00e9xitos y de golpes duros. El tiempo, siempre sabio, le dar\u00eda a Leo todo lo que merec\u00eda: la Copa Am\u00e9rica, Finalissima y el Mundial.<\/p>\n<\/div>\n<p><h2>Los sue\u00f1os que ten\u00eda desde muy chico<\/h2>\n<\/p>\n<div class=\"sc-e7b891c4-0 jPbnQF\"><img alt=\"Messi con Ol\u00e9\" src=\"http:\/\/hoycordobaweb.com\/wp-content\/uploads\/2024\/03\/messi-retro-se-cumplen-15-anos-de-la-primera-vez-que-uso-la-10-en-la-seleccion-3.jpg\" width=\"720\" height=\"100\" decoding=\"async\" data-nimg=\"future\" loading=\"lazy\"><span class=\"epigraphe\">Messi con Ol\u00e9<\/span><\/div>\n<div class=\"custom-text \" readability=\"36\">\n<p><strong>\u00bfTe quedan sue\u00f1os? Le preguntaron sobre el final los periodistas de Ol\u00e9. \u00abClaro. Seguir de esta manera con la Selecci\u00f3n y poder demostrar en cada partido como lo hice con Venezuela.<\/strong> Quiero seguir creciendo con todo este grupo. No hay nada m\u00e1s lindo que la Selecci\u00f3n siga haciendo grandes partidos\u00bb, dijo un Messi que con la celeste y blanca reci\u00e9n asomaba con timidez y grandes gambetas. \u00a1Qu\u00e9 recuerdo!<\/p>\n<\/div>\n<\/div>\n","protected":false},"excerpt":{"rendered":"<p>28\/03\/2024 17:43hs. Actualizado al 28\/03\/2024 17:49hs. Un par de d\u00edas despu\u00e9s de un hecho hist\u00f3rico, la tapa todav\u00eda est\u00e1 caliente. \u00ab10 + L\u00edo\u00bb, fue el t\u00edtulo de Ol\u00e9 del 30 de marzo de 2009. Parece que fue ayer, pero este jueves 28 se cumplen 15 a\u00f1os desde la primera vez que Leo Messi se puso [&hellip;]<\/p>\n","protected":false},"author":1,"featured_media":75231,"comment_status":"open","ping_status":"closed","sticky":false,"template":"","format":"standard","meta":[],"categories":[16],"tags":[],"_links":{"self":[{"href":"http:\/\/hoycordobaweb.com\/index.php\/wp-json\/wp\/v2\/posts\/75230"}],"collection":[{"href":"http:\/\/hoycordobaweb.com\/index.php\/wp-json\/wp\/v2\/posts"}],"about":[{"href":"http:\/\/hoycordobaweb.com\/index.php\/wp-json\/wp\/v2\/types\/post"}],"author":[{"embeddable":true,"href":"http:\/\/hoycordobaweb.com\/index.php\/wp-json\/wp\/v2\/users\/1"}],"replies":[{"embeddable":true,"href":"http:\/\/hoycordobaweb.com\/index.php\/wp-json\/wp\/v2\/comments?post=75230"}],"version-history":[{"count":0,"href":"http:\/\/hoycordobaweb.com\/index.php\/wp-json\/wp\/v2\/posts\/75230\/revisions"}],"wp:featuredmedia":[{"embeddable":true,"href":"http:\/\/hoycordobaweb.com\/index.php\/wp-json\/wp\/v2\/media\/75231"}],"wp:attachment":[{"href":"http:\/\/hoycordobaweb.com\/index.php\/wp-json\/wp\/v2\/media?parent=75230"}],"wp:term":[{"taxonomy":"category","embeddable":true,"href":"http:\/\/hoycordobaweb.com\/index.php\/wp-json\/wp\/v2\/categories?post=75230"},{"taxonomy":"post_tag","embeddable":true,"href":"http:\/\/hoycordobaweb.com\/index.php\/wp-json\/wp\/v2\/tags?post=75230"}],"curies":[{"name":"wp","href":"https:\/\/api.w.org\/{rel}","templated":true}]}}