{"id":75222,"date":"2024-03-28T17:35:01","date_gmt":"2024-03-28T17:35:01","guid":{"rendered":"https:\/\/ladecimaweb.com\/?p=25925"},"modified":"2024-03-28T17:35:01","modified_gmt":"2024-03-28T17:35:01","slug":"entra-a-robar-a-un-departamento-y-se-arroja-desde-el-septimo-piso-con-almohadones","status":"publish","type":"post","link":"http:\/\/hoycordobaweb.com\/index.php\/2024\/03\/28\/entra-a-robar-a-un-departamento-y-se-arroja-desde-el-septimo-piso-con-almohadones\/","title":{"rendered":"Entra a robar a un departamento y se arroja desde el s\u00e9ptimo piso con almohadones"},"content":{"rendered":"<div class=\"boldgrid-section\">\n<div class=\"container\">\n<div class=\"row\">\n<div class=\"col-md-12 col-xs-12 col-sm-12\">\n<div class=\"css-175oi2r\">\n<div class=\"css-175oi2r r-1s2bzr4\">\n<p id=\"id__zlhsbss1n2\" class=\"css-1rynq56 r-bcqeeo r-qvutc0 r-37j5jr r-1inkyih r-16dba41 r-bnwqim r-135wba7\" dir=\"auto\" lang=\"es\" data-testid=\"tweetText\"><span class=\"css-1qaijid r-bcqeeo r-qvutc0 r-poiln3\">La Polic\u00eda detuvo en las \u00faltimas horas a dos malvivientes que ingresaron a robar al inmueble de un edificio en barrio Centro.&nbsp;<\/span><\/p>\n<p class=\"css-1rynq56 r-bcqeeo r-qvutc0 r-37j5jr r-1inkyih r-16dba41 r-bnwqim r-135wba7\" dir=\"auto\" lang=\"es\" data-testid=\"tweetText\">El hecho ocurri\u00f3 en calle Figueroa Alcorta 115, por La Ca\u00f1ada.&nbsp;<\/p>\n<p class dir=\"auto\" lang=\"es\" data-testid=\"tweetText\">Los detenidos son dos hombres&nbsp;<span class=\"css-1qaijid r-bcqeeo r-qvutc0 r-poiln3\">de 30 y 31 a\u00f1os quienes intentaron <\/span><span class=\"css-1qaijid r-bcqeeo r-qvutc0 r-poiln3\">cometer un il\u00edcito en el interior de un departamento, ubicado en el s\u00e9ptimo piso de un edificio bajo el ardid de ser ser operarios de mantenimiento. <\/span><\/p>\n<p class dir=\"auto\" lang=\"es\" data-testid=\"tweetText\"><span class=\"css-1qaijid r-bcqeeo r-qvutc0 r-poiln3\">Al advertir la presencia policial, uno de los aprehendidos intent\u00f3 escapar arroj\u00e1ndose a un patio interno del lugar, resultando lesionado. Fuentes policiales informan que se arroj\u00f3 con almohadones para amortig\u00fcar la ca\u00edda, aunque no pudo evitar lesiones en ambas piernas.&nbsp;<\/span><\/p>\n<p class dir=\"auto\" lang=\"es\" data-testid=\"tweetText\"><img loading=\"lazy\" class=\"alignnone wp-image-25926\" src=\"http:\/\/hoycordobaweb.com\/wp-content\/uploads\/2024\/03\/entra-a-robar-a-un-departamento-y-se-arroja-desde-el-septimo-piso-con-almohadones.jpg\" alt width=\"591\" height=\"324\" srcset=\"http:\/\/hoycordobaweb.com\/wp-content\/uploads\/2024\/03\/entra-a-robar-a-un-departamento-y-se-arroja-desde-el-septimo-piso-con-almohadones.jpg 1600w, http:\/\/hoycordobaweb.com\/wp-content\/uploads\/2024\/03\/entra-a-robar-a-un-departamento-y-se-arroja-desde-el-septimo-piso-con-almohadones-1.jpg 800w, http:\/\/hoycordobaweb.com\/wp-content\/uploads\/2024\/03\/entra-a-robar-a-un-departamento-y-se-arroja-desde-el-septimo-piso-con-almohadones-2.jpg 768w, http:\/\/hoycordobaweb.com\/wp-content\/uploads\/2024\/03\/entra-a-robar-a-un-departamento-y-se-arroja-desde-el-septimo-piso-con-almohadones-3.jpg 1536w\" sizes=\"(max-width: 591px) 100vw, 591px\" \/><\/p>\n<p class dir=\"auto\" lang=\"es\" data-testid=\"tweetText\"><span class=\"css-1qaijid r-bcqeeo r-qvutc0 r-poiln3\">En el procedimiento, se secuestraron un arma de fuego (Bersa 22), varios cartuchos, un casco y una suma de dinero, entre otros elementos relacionados al hecho.<\/span><\/p>\n<p class dir=\"auto\" lang=\"es\" data-testid=\"tweetText\">Al lugar llegaron las m\u00e1ximas autoridades policiales y el ministro de Seguridad, Juan Pablo Quinteros.&nbsp;<\/p>\n<p dir=\"auto\" lang=\"es\" data-testid=\"tweetText\">&nbsp;<\/p>\n<div class=\"ubm_banner\"><a href=\"https:\/\/www.cba.gov.ar\/prevencion-dengue\" target=\"_blank\" rel=\"dofollow noopener noreferrer\"><img src=\"http:\/\/hoycordobaweb.com\/wp-content\/uploads\/2024\/03\/entra-a-robar-a-un-departamento-y-se-arroja-desde-el-septimo-piso-con-almohadones.png\" alt><\/a><\/div>\n<\/div>\n<\/div>\n<\/div>\n<\/div>\n<\/div>\n<\/div>\n<p>La entrada <a rel=\"nofollow\" href=\"https:\/\/ladecimaweb.com\/entrar-a-robar-a-un-depto-y-se-arroja-desde-el-septimo-piso-con-almohadones\/\">Entra a robar a un departamento y se arroja desde el s\u00e9ptimo piso con almohadones<\/a> se public\u00f3 primero en <a rel=\"nofollow\" href=\"https:\/\/ladecimaweb.com\">LaDecima<\/a>.<\/p>\n","protected":false},"excerpt":{"rendered":"<p>La Polic\u00eda detuvo en las \u00faltimas horas a dos malvivientes que ingresaron a robar al inmueble de un edificio en barrio Centro.&nbsp; El hecho ocurri\u00f3 en calle Figueroa Alcorta 115, por La Ca\u00f1ada.&nbsp; Los detenidos son dos hombres&nbsp;de 30 y 31 a\u00f1os quienes intentaron cometer un il\u00edcito en el interior de un departamento, ubicado en [&hellip;]<\/p>\n","protected":false},"author":1,"featured_media":75223,"comment_status":"closed","ping_status":"closed","sticky":false,"template":"","format":"standard","meta":[],"categories":[19],"tags":[],"_links":{"self":[{"href":"http:\/\/hoycordobaweb.com\/index.php\/wp-json\/wp\/v2\/posts\/75222"}],"collection":[{"href":"http:\/\/hoycordobaweb.com\/index.php\/wp-json\/wp\/v2\/posts"}],"about":[{"href":"http:\/\/hoycordobaweb.com\/index.php\/wp-json\/wp\/v2\/types\/post"}],"author":[{"embeddable":true,"href":"http:\/\/hoycordobaweb.com\/index.php\/wp-json\/wp\/v2\/users\/1"}],"replies":[{"embeddable":true,"href":"http:\/\/hoycordobaweb.com\/index.php\/wp-json\/wp\/v2\/comments?post=75222"}],"version-history":[{"count":0,"href":"http:\/\/hoycordobaweb.com\/index.php\/wp-json\/wp\/v2\/posts\/75222\/revisions"}],"wp:featuredmedia":[{"embeddable":true,"href":"http:\/\/hoycordobaweb.com\/index.php\/wp-json\/wp\/v2\/media\/75223"}],"wp:attachment":[{"href":"http:\/\/hoycordobaweb.com\/index.php\/wp-json\/wp\/v2\/media?parent=75222"}],"wp:term":[{"taxonomy":"category","embeddable":true,"href":"http:\/\/hoycordobaweb.com\/index.php\/wp-json\/wp\/v2\/categories?post=75222"},{"taxonomy":"post_tag","embeddable":true,"href":"http:\/\/hoycordobaweb.com\/index.php\/wp-json\/wp\/v2\/tags?post=75222"}],"curies":[{"name":"wp","href":"https:\/\/api.w.org\/{rel}","templated":true}]}}