{"id":75213,"date":"2024-03-28T11:39:00","date_gmt":"2024-03-28T11:39:00","guid":{"rendered":"https:\/\/fm-comunicar.com.ar\/contenido\/21470\/liga-regional-colon-se-disputaran-la-fecha-4-y-5-en-el-fin-de-semana-largo"},"modified":"2024-03-28T11:39:00","modified_gmt":"2024-03-28T11:39:00","slug":"liga-regional-colon-se-disputaran-la-fecha-4-y-5-en-el-fin-de-semana-largo","status":"publish","type":"post","link":"http:\/\/hoycordobaweb.com\/index.php\/2024\/03\/28\/liga-regional-colon-se-disputaran-la-fecha-4-y-5-en-el-fin-de-semana-largo\/","title":{"rendered":"Liga Regional Col\u00f3n: Se disputaran la fecha 4 y 5 en el fin de semana largo."},"content":{"rendered":"<p>La Cuarta fecha se llevar\u00e1 a cabo entre jueves, viernes y s\u00e1bado, mientras que la Quinta se desarrollar\u00e1 durante el lunes y el martes.<img src=\"http:\/\/hoycordobaweb.com\/wp-content\/uploads\/2024\/03\/liga-regional-colon-se-disputaran-la-fecha-4-y-5-en-el-fin-de-semana-largo.jpg\"><\/p>\n","protected":false},"excerpt":{"rendered":"<p>La Cuarta fecha se llevar\u00e1 a cabo entre jueves, viernes y s\u00e1bado, mientras que la Quinta se desarrollar\u00e1 durante el lunes y el martes.<\/p>\n","protected":false},"author":1,"featured_media":75214,"comment_status":"closed","ping_status":"closed","sticky":false,"template":"","format":"standard","meta":[],"categories":[16,18],"tags":[],"_links":{"self":[{"href":"http:\/\/hoycordobaweb.com\/index.php\/wp-json\/wp\/v2\/posts\/75213"}],"collection":[{"href":"http:\/\/hoycordobaweb.com\/index.php\/wp-json\/wp\/v2\/posts"}],"about":[{"href":"http:\/\/hoycordobaweb.com\/index.php\/wp-json\/wp\/v2\/types\/post"}],"author":[{"embeddable":true,"href":"http:\/\/hoycordobaweb.com\/index.php\/wp-json\/wp\/v2\/users\/1"}],"replies":[{"embeddable":true,"href":"http:\/\/hoycordobaweb.com\/index.php\/wp-json\/wp\/v2\/comments?post=75213"}],"version-history":[{"count":0,"href":"http:\/\/hoycordobaweb.com\/index.php\/wp-json\/wp\/v2\/posts\/75213\/revisions"}],"wp:featuredmedia":[{"embeddable":true,"href":"http:\/\/hoycordobaweb.com\/index.php\/wp-json\/wp\/v2\/media\/75214"}],"wp:attachment":[{"href":"http:\/\/hoycordobaweb.com\/index.php\/wp-json\/wp\/v2\/media?parent=75213"}],"wp:term":[{"taxonomy":"category","embeddable":true,"href":"http:\/\/hoycordobaweb.com\/index.php\/wp-json\/wp\/v2\/categories?post=75213"},{"taxonomy":"post_tag","embeddable":true,"href":"http:\/\/hoycordobaweb.com\/index.php\/wp-json\/wp\/v2\/tags?post=75213"}],"curies":[{"name":"wp","href":"https:\/\/api.w.org\/{rel}","templated":true}]}}