{"id":75188,"date":"2024-03-27T19:49:49","date_gmt":"2024-03-27T19:49:49","guid":{"rendered":"https:\/\/www.ole.com.ar\/racing\/racing-costas-juanfer-quintero_0_vLEw2cYZUe.html"},"modified":"2024-03-27T19:49:49","modified_gmt":"2024-03-27T19:49:49","slug":"el-problema-de-costas-sin-lugar-para-tantos-delanteros","status":"publish","type":"post","link":"http:\/\/hoycordobaweb.com\/index.php\/2024\/03\/27\/el-problema-de-costas-sin-lugar-para-tantos-delanteros\/","title":{"rendered":"El problema de Costas: sin lugar para tantos delanteros"},"content":{"rendered":"<p><img src=\"http:\/\/hoycordobaweb.com\/wp-content\/uploads\/2024\/03\/el-problema-de-costas-sin-lugar-para-tantos-delanteros.jpg\"><\/p>\n<div><img src=\"http:\/\/hoycordobaweb.com\/wp-content\/uploads\/2024\/03\/el-problema-de-costas-sin-lugar-para-tantos-delanteros.jpg\" class=\"ff-og-image-inserted\"><\/div>\n<p><time class=\"createDate\" datetime=\"2024-03-27T16:49:49-03:00\">27\/03\/2024 16:49hs.<\/time><\/p>\n<div id=\"storyBody\">\n<div class=\"custom-text \" readability=\"33.595317725753\">\n<p>Ya sin margen en la Copa de la Liga, <strong><a href=\"https:\/\/www.ole.com.ar\/tema\/racing.html\" title=\"Racing\" alt=\"Racing\" class=\"slug\">Racing <\/a>visitar\u00e1 el s\u00e1bado a Central C\u00f3rdoba obligado a ganar. <\/strong>Ser\u00e1 el primero de los tres triunfos en fila que debe conseguir el equipo de <a href=\"https:\/\/www.ole.com.ar\/tema\/gustavo-costas.html\" title=\"Gustavo Costas\" alt=\"Gustavo Costas\" class=\"slug\">Costas<\/a> para poder llegar a los cuartos de final. Se tiene que meter entre los cuatro. Hoy est\u00e1 lejos pero con chances. <\/p>\n<\/div>\n<p><h2>Carbonero pide pista en Racing, pero&#8230;<\/h2>\n<\/p>\n<div class=\"custom-text \" readability=\"36\">\n<p><strong>En este contexto est\u00e1 claro que la Academia saldr\u00e1 a atacar en Santiago del Estero. Pero as\u00ed y todo, el t\u00e9cnico tiene un problema may\u00fasculo: no tiene lugar para tantos delanteros.<\/strong> \u00bfPor qu\u00e9 ahora naci\u00f3 este problema? Porque <strong>Carbonero viene de tener su mejor partido desde que se recuper\u00f3 de la rotura de ligamentos cruzados<\/strong> y pide pista. Por Copa Argentina mostr\u00f3 destellos de su calidad y Costas sabe que necesita continuidad. <\/p>\n<\/div>\n<div class=\"custom-text \" readability=\"39\">\n<p>En cancha de Gimnasia, en el 3-0 a San Mart\u00edn de Burzaco, <strong>Racing termin\u00f3 con un tridente que funcion\u00f3 b\u00e1rbaro. A Carbonero se sumaron Salas y Maravilla Mart\u00ednez.<\/strong> Los tres hicieron goles y se destacaron. Pero, detalle menor, <strong>no estaba Juanfer Quintero, de gira con la selecci\u00f3n de Colombia.<\/strong><\/p>\n<\/div>\n<div class=\"custom-text \" readability=\"36\">\n<p>Este jueves ya se sumar\u00e1 a los trabajos. E<strong>s dif\u00edcil que la Academia salga de arranque con tres delanteros y Juanfer. Quedar\u00eda un equipo descompensado<\/strong>, con poco presencia en el medio. A priori, es Carbonero el que tiene todas las fichas para salir. <\/p>\n<\/div>\n<p><h2>Los posibles 11 de Racing<\/h2>\n<\/p>\n<div class=\"custom-text \" readability=\"41\">\n<p>El posible 11, a la espera de que se sumen los seleccionados para hacer f\u00fatbol, podr\u00eda estar conformado con Arias; Rubio, Sigali, Basso, Mura; Nardoni, Sosa, Almendra; Quintero; Salas y Maravilla Mart\u00ednez.<\/p>\n<\/div>\n<\/div>\n","protected":false},"excerpt":{"rendered":"<p>27\/03\/2024 16:49hs. Ya sin margen en la Copa de la Liga, Racing visitar\u00e1 el s\u00e1bado a Central C\u00f3rdoba obligado a ganar. Ser\u00e1 el primero de los tres triunfos en fila que debe conseguir el equipo de Costas para poder llegar a los cuartos de final. Se tiene que meter entre los cuatro. Hoy est\u00e1 lejos [&hellip;]<\/p>\n","protected":false},"author":1,"featured_media":75189,"comment_status":"open","ping_status":"closed","sticky":false,"template":"","format":"standard","meta":[],"categories":[16],"tags":[],"_links":{"self":[{"href":"http:\/\/hoycordobaweb.com\/index.php\/wp-json\/wp\/v2\/posts\/75188"}],"collection":[{"href":"http:\/\/hoycordobaweb.com\/index.php\/wp-json\/wp\/v2\/posts"}],"about":[{"href":"http:\/\/hoycordobaweb.com\/index.php\/wp-json\/wp\/v2\/types\/post"}],"author":[{"embeddable":true,"href":"http:\/\/hoycordobaweb.com\/index.php\/wp-json\/wp\/v2\/users\/1"}],"replies":[{"embeddable":true,"href":"http:\/\/hoycordobaweb.com\/index.php\/wp-json\/wp\/v2\/comments?post=75188"}],"version-history":[{"count":0,"href":"http:\/\/hoycordobaweb.com\/index.php\/wp-json\/wp\/v2\/posts\/75188\/revisions"}],"wp:featuredmedia":[{"embeddable":true,"href":"http:\/\/hoycordobaweb.com\/index.php\/wp-json\/wp\/v2\/media\/75189"}],"wp:attachment":[{"href":"http:\/\/hoycordobaweb.com\/index.php\/wp-json\/wp\/v2\/media?parent=75188"}],"wp:term":[{"taxonomy":"category","embeddable":true,"href":"http:\/\/hoycordobaweb.com\/index.php\/wp-json\/wp\/v2\/categories?post=75188"},{"taxonomy":"post_tag","embeddable":true,"href":"http:\/\/hoycordobaweb.com\/index.php\/wp-json\/wp\/v2\/tags?post=75188"}],"curies":[{"name":"wp","href":"https:\/\/api.w.org\/{rel}","templated":true}]}}