{"id":75159,"date":"2024-03-27T17:17:24","date_gmt":"2024-03-27T17:17:24","guid":{"rendered":"https:\/\/fono.fcm.unc.edu.ar\/?p=11926"},"modified":"2024-03-27T17:17:24","modified_gmt":"2024-03-27T17:17:24","slug":"ciclo-de-complementacion-curricular-prorrogas-en-las-inscripciones","status":"publish","type":"post","link":"http:\/\/hoycordobaweb.com\/index.php\/2024\/03\/27\/ciclo-de-complementacion-curricular-prorrogas-en-las-inscripciones\/","title":{"rendered":"Ciclo de Complementaci\u00f3n Curricular: pr\u00f3rrogas en las inscripciones"},"content":{"rendered":"<p><img loading=\"lazy\" class=\"alignright wp-image-11930 size-fusion-400\" src=\"https:\/\/fono.fcm.unc.edu.ar\/wp-content\/uploads\/sites\/14\/2024\/03\/ccc-400x400.jpg\" alt width=\"400\" height=\"400\" srcset=\"https:\/\/fono.fcm.unc.edu.ar\/wp-content\/uploads\/sites\/14\/2024\/03\/ccc-66x66.jpg 66w, https:\/\/fono.fcm.unc.edu.ar\/wp-content\/uploads\/sites\/14\/2024\/03\/ccc-150x150.jpg 150w, https:\/\/fono.fcm.unc.edu.ar\/wp-content\/uploads\/sites\/14\/2024\/03\/ccc-200x200.jpg 200w, https:\/\/fono.fcm.unc.edu.ar\/wp-content\/uploads\/sites\/14\/2024\/03\/ccc-300x300.jpg 300w, https:\/\/fono.fcm.unc.edu.ar\/wp-content\/uploads\/sites\/14\/2024\/03\/ccc-400x400.jpg 400w, https:\/\/fono.fcm.unc.edu.ar\/wp-content\/uploads\/sites\/14\/2024\/03\/ccc-600x600.jpg 600w, https:\/\/fono.fcm.unc.edu.ar\/wp-content\/uploads\/sites\/14\/2024\/03\/ccc-768x768.jpg 768w, https:\/\/fono.fcm.unc.edu.ar\/wp-content\/uploads\/sites\/14\/2024\/03\/ccc-800x800.jpg 800w, https:\/\/fono.fcm.unc.edu.ar\/wp-content\/uploads\/sites\/14\/2024\/03\/ccc-1024x1024.jpg 1024w, https:\/\/fono.fcm.unc.edu.ar\/wp-content\/uploads\/sites\/14\/2024\/03\/ccc.jpg 1080w\" sizes=\"(max-width: 400px) 100vw, 400px\"><\/p>\n<p>La Escuela de Fonoaudiolog\u00eda informa que se extiende el per\u00edodo de inscripci\u00f3n <em>del 3 al 5 de abril de 2024<\/em> al Ciclo de Complementaci\u00f3n Curricular para que Fonoaudi\u00f3logas\/os de planes no vigentes puedan acceder al t\u00edtulo de Licenciadas\/os.<br \/>El tr\u00e1mite es presencial. No personal ( pueden enviar la documentaci\u00f3n requerida con otra persona).<br \/>Interesados deber\u00e1n presentarse en Despacho de Alumnos de la Escuela. entre el mi\u00e9rcoles y el viernes de la semana pr\u00f3xima en el horario de 9 a 13 horas con la documentaci\u00f3n correspondiente.<\/p>\n","protected":false},"excerpt":{"rendered":"<p>La Escuela de Fonoaudiolog\u00eda informa que se extiende el per\u00edodo de inscripci\u00f3n del 3 al 5 de abril de 2024 al Ciclo de Complementaci\u00f3n Curricular para que Fonoaudi\u00f3logas\/os de planes no vigentes puedan acceder al t\u00edtulo de Licenciadas\/os.El tr\u00e1mite es presencial. No personal ( pueden enviar la documentaci\u00f3n requerida con otra persona).Interesados deber\u00e1n presentarse en [&hellip;]<\/p>\n","protected":false},"author":1,"featured_media":0,"comment_status":"closed","ping_status":"closed","sticky":false,"template":"","format":"standard","meta":[],"categories":[1],"tags":[],"_links":{"self":[{"href":"http:\/\/hoycordobaweb.com\/index.php\/wp-json\/wp\/v2\/posts\/75159"}],"collection":[{"href":"http:\/\/hoycordobaweb.com\/index.php\/wp-json\/wp\/v2\/posts"}],"about":[{"href":"http:\/\/hoycordobaweb.com\/index.php\/wp-json\/wp\/v2\/types\/post"}],"author":[{"embeddable":true,"href":"http:\/\/hoycordobaweb.com\/index.php\/wp-json\/wp\/v2\/users\/1"}],"replies":[{"embeddable":true,"href":"http:\/\/hoycordobaweb.com\/index.php\/wp-json\/wp\/v2\/comments?post=75159"}],"version-history":[{"count":0,"href":"http:\/\/hoycordobaweb.com\/index.php\/wp-json\/wp\/v2\/posts\/75159\/revisions"}],"wp:attachment":[{"href":"http:\/\/hoycordobaweb.com\/index.php\/wp-json\/wp\/v2\/media?parent=75159"}],"wp:term":[{"taxonomy":"category","embeddable":true,"href":"http:\/\/hoycordobaweb.com\/index.php\/wp-json\/wp\/v2\/categories?post=75159"},{"taxonomy":"post_tag","embeddable":true,"href":"http:\/\/hoycordobaweb.com\/index.php\/wp-json\/wp\/v2\/tags?post=75159"}],"curies":[{"name":"wp","href":"https:\/\/api.w.org\/{rel}","templated":true}]}}