{"id":75142,"date":"2024-03-26T17:18:37","date_gmt":"2024-03-26T17:18:37","guid":{"rendered":"https:\/\/www.ole.com.ar\/san-lorenzo\/paulo-silas-san-lorenzo-copa-libertadores-endrick-seleccion-brasil_0_bPqpXTswix.html"},"modified":"2024-03-26T17:18:37","modified_gmt":"2024-03-26T17:18:37","slug":"silas-y-la-tactica-para-que-san-lorenzo-frene-a-endrick","status":"publish","type":"post","link":"http:\/\/hoycordobaweb.com\/index.php\/2024\/03\/26\/silas-y-la-tactica-para-que-san-lorenzo-frene-a-endrick\/","title":{"rendered":"Silas y la t\u00e1ctica para que San Lorenzo frene a Endrick"},"content":{"rendered":"<p><img src=\"http:\/\/hoycordobaweb.com\/wp-content\/uploads\/2024\/03\/silas-y-la-tactica-para-que-san-lorenzo-frene-a-endrick.jpg\"><\/p>\n<p><time class=\"createDate\" datetime=\"2024-03-26T14:18:37-03:00\">26\/03\/2024 14:18hs.<\/time><\/p>\n<div id=\"storyBody\">\n<div class=\"custom-text \" readability=\"37\">\n<p>Paulo Silas, el nuevo embajador de <strong>San Lorenzo<\/strong> en Conmebol convers\u00f3 con Espn en la previa del complejo fixture que tendr\u00e1 que atravesar el Cicl\u00f3n en los pr\u00f3ximos d\u00edas: el s\u00e1bado visita a Boca, y el mi\u00e9rcoles 3 de abril recibe al Palmeiras, con <strong>Endrick <\/strong>como figura estelar.<\/p>\n<\/div>\n<div class=\"custom-text \" readability=\"42\">\n<p>Se acerca el debut copero del Cuervo en la fase de grupos de la Copa Libertadores donde enfrentar\u00e1 al Verd\u00e3o que comanda <strong>Abel Ferreira<\/strong> junto a un equipazo de lujo,<strong> y que cuenta con la figura rutilante de<\/strong> <strong>Endrick<\/strong>. Sobre esto, se refiri\u00f3 <strong>Paulo Silas<\/strong>, ex jugador de San Lorenzo, y, entre risas, afirm\u00f3: <strong>\u00abHay que pararlo a Endrick en el hotel, que no salga\u00bb.<\/strong><\/p>\n<\/div>\n<div class=\"custom-text \" readability=\"41\">\n<p>Uno de los jugadores m\u00e1s queridos por el p\u00fablico de Boedo supo disputar el Mundial de Italia en 1990 con la selecci\u00f3n brasile\u00f1a, que termin\u00f3 eliminada por la Argentina. En ese contexto, y con una extensa experiencia en el f\u00fatbol de Brasil, habl\u00f3 del rival de CASLA y coment\u00f3: \u00abTiene un partido importante en el estadual, <strong>Abel Ferreira suele empezar la Libertadores con un segundo equipo.<\/strong> Eso no s\u00e9 si es una ventaja, San Lorenzo viene de dos triunfos. Est\u00e1n en momentos distintos de administraci\u00f3n del equipo, est\u00e1 en formaci\u00f3n y Palmeiras viene hace tres a\u00f1os con el mismo entrenador\u00bb.<\/p>\n<\/div>\n<div class=\"sc-e7b891c4-0 jPbnQF\"><img alt=\"Paulo Silas, embajador de San Lorenzo en Conmebol.\" src=\"http:\/\/hoycordobaweb.com\/wp-content\/uploads\/2024\/03\/silas-y-la-tactica-para-que-san-lorenzo-frene-a-endrick-2.jpg\" width=\"720\" height=\"100\" decoding=\"async\" data-nimg=\"future\" loading=\"lazy\"><span class=\"epigraphe\">Paulo Silas, embajador de San Lorenzo en Conmebol.<\/span><\/div>\n<div class=\"custom-text \" readability=\"40\">\n<p>Silas, ex diez Azulgrana, deslumbr\u00f3 en nuestro f\u00fatbol y, sobre \u00e9l, relat\u00f3:<strong> \u00abLos equipos argentinos son los equipos argentinos y hay que respetarlos, saber que son fuertes de local. Ojal\u00e1 sea un lindo partido y gane San Lorenzo, obvio\u00bb.<\/strong> <\/p>\n<\/div>\n<p><h2><strong>La actualidad de Endrick en Brasil y Palmeiras<\/strong><\/h2>\n<\/p>\n<div class=\"custom-text \" readability=\"44\">\n<p>El crack del <strong>Palmeiras <\/strong>ingres\u00f3 a los 71&#8242; del partido entre <strong>Brasil e Inglaterra<\/strong> y, nueve minutos m\u00e1s tarde, aprovech\u00f3 un rebote para anotar por primera vez con la Verdeamarela. Pese a que, sin dudas, no fue el gol m\u00e1s vistoso, este quedar\u00e1 entre los m\u00e1s importantes y destacados del pibe de la Canarinha. Adem\u00e1s, a pesar de su corta edad, ha dejado una marca importante al convertirse en el cuarto jugador m\u00e1s joven en anotar para la selecci\u00f3n brasile\u00f1a, solo por detr\u00e1s de figuras legendarias como Ronaldo, Ed\u00fa y Pel\u00e9.<\/p>\n<\/div>\n<div class=\"custom-text \" readability=\"37\">\n<p>Su talento y potencial han generado enormes expectativas en el mundo del f\u00fatbol. Siendo uno de los pibes m\u00e1s prometedores a nivel mundial, desde su debut en octubre del 2022, ya ha ganado cuatro t\u00edtulos con el Verd\u00e3o: Brasileirao (dos veces), Supercopa de Brasil y campeonato Paulista.<\/p>\n<\/div>\n<div class=\"sc-e7b891c4-0 jPbnQF\"><img alt=\"Endrick, la figura del Palmeiras. (AP Photo\/Alastair Grant)\" src=\"http:\/\/hoycordobaweb.com\/wp-content\/uploads\/2024\/03\/silas-y-la-tactica-para-que-san-lorenzo-frene-a-endrick-3.jpg\" width=\"720\" height=\"100\" decoding=\"async\" data-nimg=\"future\" loading=\"lazy\"><span class=\"epigraphe\">Endrick, la figura del Palmeiras. (AP Photo\/Alastair Grant)<\/span><\/div>\n<div class=\"sc-a7166897-0 exHLBh\" readability=\"6.5\">\n<section readability=\"3\"><picture><img alt=\"Los 16 jugadores que se rompieron los ligamentos cruzados en esta Copa de la Liga Profesional\" src=\"http:\/\/hoycordobaweb.com\/wp-content\/uploads\/2024\/03\/silas-y-la-tactica-para-que-san-lorenzo-frene-a-endrick-4.jpg\" width=\"290\" height=\"290\" decoding=\"async\" data-nimg=\"future\" loading=\"lazy\"><\/picture>\n<p><span>Mir\u00e1 tambi\u00e9n<\/span><\/p>\n<hr>\n<h3>Los 16 jugadores que se rompieron los ligamentos cruzados en esta Copa de la Liga Profesional<\/h3>\n<\/p>\n<\/section>\n<\/div>\n<div class=\"sc-a7166897-0 exHLBh\" readability=\"6.5\">\n<section readability=\"3\"><picture><img alt=\"La in\u00e9dita conferencia de prensa que dar\u00e1 Diego Mart\u00ednez antes del cl\u00e1sico con San Lorenzo\" src=\"http:\/\/hoycordobaweb.com\/wp-content\/uploads\/2024\/03\/silas-y-la-tactica-para-que-san-lorenzo-frene-a-endrick-5.jpg\" width=\"290\" height=\"290\" decoding=\"async\" data-nimg=\"future\" loading=\"lazy\"><\/picture>\n<p><span>Mir\u00e1 tambi\u00e9n<\/span><\/p>\n<hr>\n<h3>La in\u00e9dita conferencia de prensa que dar\u00e1 Diego Mart\u00ednez antes del cl\u00e1sico con San Lorenzo<\/h3>\n<\/p>\n<\/section>\n<\/div>\n<\/div>\n","protected":false},"excerpt":{"rendered":"<p>26\/03\/2024 14:18hs. Paulo Silas, el nuevo embajador de San Lorenzo en Conmebol convers\u00f3 con Espn en la previa del complejo fixture que tendr\u00e1 que atravesar el Cicl\u00f3n en los pr\u00f3ximos d\u00edas: el s\u00e1bado visita a Boca, y el mi\u00e9rcoles 3 de abril recibe al Palmeiras, con Endrick como figura estelar. Se acerca el debut copero [&hellip;]<\/p>\n","protected":false},"author":1,"featured_media":75143,"comment_status":"open","ping_status":"closed","sticky":false,"template":"","format":"standard","meta":[],"categories":[16],"tags":[],"_links":{"self":[{"href":"http:\/\/hoycordobaweb.com\/index.php\/wp-json\/wp\/v2\/posts\/75142"}],"collection":[{"href":"http:\/\/hoycordobaweb.com\/index.php\/wp-json\/wp\/v2\/posts"}],"about":[{"href":"http:\/\/hoycordobaweb.com\/index.php\/wp-json\/wp\/v2\/types\/post"}],"author":[{"embeddable":true,"href":"http:\/\/hoycordobaweb.com\/index.php\/wp-json\/wp\/v2\/users\/1"}],"replies":[{"embeddable":true,"href":"http:\/\/hoycordobaweb.com\/index.php\/wp-json\/wp\/v2\/comments?post=75142"}],"version-history":[{"count":0,"href":"http:\/\/hoycordobaweb.com\/index.php\/wp-json\/wp\/v2\/posts\/75142\/revisions"}],"wp:featuredmedia":[{"embeddable":true,"href":"http:\/\/hoycordobaweb.com\/index.php\/wp-json\/wp\/v2\/media\/75143"}],"wp:attachment":[{"href":"http:\/\/hoycordobaweb.com\/index.php\/wp-json\/wp\/v2\/media?parent=75142"}],"wp:term":[{"taxonomy":"category","embeddable":true,"href":"http:\/\/hoycordobaweb.com\/index.php\/wp-json\/wp\/v2\/categories?post=75142"},{"taxonomy":"post_tag","embeddable":true,"href":"http:\/\/hoycordobaweb.com\/index.php\/wp-json\/wp\/v2\/tags?post=75142"}],"curies":[{"name":"wp","href":"https:\/\/api.w.org\/{rel}","templated":true}]}}