{"id":75074,"date":"2024-03-25T18:35:22","date_gmt":"2024-03-25T18:35:22","guid":{"rendered":"http:\/\/hoycordobaweb.com\/index.php\/2024\/03\/25\/el-futbol-tambien-estuvo-en-la-plaza-opinion-pagina12-pagina12\/"},"modified":"2024-03-25T18:35:22","modified_gmt":"2024-03-25T18:35:22","slug":"el-futbol-tambien-estuvo-en-la-plaza-opinion-pagina12-pagina12","status":"publish","type":"post","link":"http:\/\/hoycordobaweb.com\/index.php\/2024\/03\/25\/el-futbol-tambien-estuvo-en-la-plaza-opinion-pagina12-pagina12\/","title":{"rendered":"El <b>f\u00fatbol<\/b> tambi\u00e9n estuvo en la Plaza | Opini\u00f3n | P\u00e1gina|12 &#8211; P\u00e1gina12"},"content":{"rendered":"<p>Durante su largo ciclo al frente del <b>f\u00fatbol argentino<\/b> (1979\/2014), Julio Grondona puso especial cuidado en mantener a la AFA, a sus clubes y a la&nbsp;&#8230; <\/p>\n","protected":false},"excerpt":{"rendered":"<p>Durante su largo ciclo al frente del f\u00fatbol argentino (1979\/2014), Julio Grondona puso especial cuidado en mantener a la AFA, a sus clubes y a la&nbsp;&#8230;<\/p>\n","protected":false},"author":1,"featured_media":0,"comment_status":"closed","ping_status":"closed","sticky":false,"template":"","format":"standard","meta":[],"categories":[22],"tags":[],"_links":{"self":[{"href":"http:\/\/hoycordobaweb.com\/index.php\/wp-json\/wp\/v2\/posts\/75074"}],"collection":[{"href":"http:\/\/hoycordobaweb.com\/index.php\/wp-json\/wp\/v2\/posts"}],"about":[{"href":"http:\/\/hoycordobaweb.com\/index.php\/wp-json\/wp\/v2\/types\/post"}],"author":[{"embeddable":true,"href":"http:\/\/hoycordobaweb.com\/index.php\/wp-json\/wp\/v2\/users\/1"}],"replies":[{"embeddable":true,"href":"http:\/\/hoycordobaweb.com\/index.php\/wp-json\/wp\/v2\/comments?post=75074"}],"version-history":[{"count":0,"href":"http:\/\/hoycordobaweb.com\/index.php\/wp-json\/wp\/v2\/posts\/75074\/revisions"}],"wp:attachment":[{"href":"http:\/\/hoycordobaweb.com\/index.php\/wp-json\/wp\/v2\/media?parent=75074"}],"wp:term":[{"taxonomy":"category","embeddable":true,"href":"http:\/\/hoycordobaweb.com\/index.php\/wp-json\/wp\/v2\/categories?post=75074"},{"taxonomy":"post_tag","embeddable":true,"href":"http:\/\/hoycordobaweb.com\/index.php\/wp-json\/wp\/v2\/tags?post=75074"}],"curies":[{"name":"wp","href":"https:\/\/api.w.org\/{rel}","templated":true}]}}