{"id":75043,"date":"2024-03-24T19:35:28","date_gmt":"2024-03-24T19:35:28","guid":{"rendered":"https:\/\/www.ole.com.ar\/futbol-primera\/racing-costas-almendra-roger-martinez_0_wSiFbb0eWq.html"},"modified":"2024-03-24T19:35:28","modified_gmt":"2024-03-24T19:35:28","slug":"lo-que-se-viene-con-roger-martinez-y-almendra-en-racing","status":"publish","type":"post","link":"http:\/\/hoycordobaweb.com\/index.php\/2024\/03\/24\/lo-que-se-viene-con-roger-martinez-y-almendra-en-racing\/","title":{"rendered":"Lo que se viene con Roger Mart\u00ednez y Almendra en Racing"},"content":{"rendered":"<p><img src=\"http:\/\/hoycordobaweb.com\/wp-content\/uploads\/2024\/03\/lo-que-se-viene-con-roger-martinez-y-almendra-en-racing.jpg\"><\/p>\n<p><time class=\"createDate\" datetime=\"2024-03-24T16:35:28-03:00\">24\/03\/2024 16:35hs.<\/time><time class=\"modificatedDate\" datetime=\"2024-03-24T17:12:21-03:00\"> Actualizado al 24\/03\/2024 17:12hs.<\/time><\/p>\n<div id=\"storyBody\">\n<div class=\"custom-text \" readability=\"41\">\n<p>Gustavo Costas arrancar\u00e1 la semana con la inclusi\u00f3n de dos jugadores dentro de las tareas del el grupo. De acuerdo con lo estipulado, <strong>Agust\u00edn Almendra y Roger Mart\u00ednez este lunes volver\u00e1n a entrenarse a la par del plantel despu\u00e9s de sus contratiempos f\u00edsicos y de salud, respectivamente<\/strong>. De todos modos, m\u00e1s all\u00e1 de la jerarqu\u00eda de ambos, <strong>ninguno tiene asegurada la titularidad en el partido del s\u00e1bado 26 contra Central C\u00f3rdoba<\/strong>, en Santiago del Estero, por la 12\u00b0 fecha de la Copa de la Liga.<\/p>\n<\/div>\n<div class=\"custom-text \" readability=\"39\">\n<p>Durante la semana, <strong>el t\u00e9cnico evaluar\u00e1 al volante que viene de un desgarro en el isquiotibial de la pierna derecha<\/strong>, sufrido en la derrota contra Sarmiento cuando atravesaba su mejor momento en Racing y se hab\u00eda consolidado como titular. Por ese percance se perdi\u00f3 los juegos frente a Boca, Defensa y Justicia y San Mart\u00edn de Burzaco (Copa Argentina) y Costas lo reemplaz\u00f3 con Leonel Miranda y desde entonces empez\u00f3 a utilizar a Santiago Sosa en la mitad de la cancha; antes de ello, el ex River hab\u00eda actuado de l\u00edbero.<\/p>\n<\/div>\n<div class=\"custom-text \" readability=\"40\">\n<p><strong>Para el compromiso con el Ferroviario Costas tendr\u00e1 la baja de Bruno Zuculini. El volante cumplir\u00e1 con una fecha de suspensi\u00f3n por haber acumulado cinco amarillas <\/strong>y, adem\u00e1s, se repone de una dolencia en el aductor derecho. Seg\u00fan c\u00f3mo lo vea en ritmo, el DT definir\u00e1 si a Almendra lo colocar\u00e1 de arranque o no. En el caso de llevarlo al banco, elegir\u00e1 entre Lolo Miranda y Juan Nardoni para acompa\u00f1ar a Sosa en el medio. El ex Uni\u00f3n se reincorporar\u00e1 a Racing luego de integrar la selecci\u00f3n Argentina Sub 23 que en el primer partido le gan\u00f3 a M\u00e9xico por 4-2 (Nardoni no sum\u00f3 minutos) y que volver\u00e1 a enfrentar a ese rival este lunes, en Puebla.<\/p>\n<\/div>\n<div class=\"sc-e7b891c4-0 jPbnQF\"><img alt=\"Almendra viene de una lesi\u00f3n muscular. Foto: @racingclub\" src=\"http:\/\/hoycordobaweb.com\/wp-content\/uploads\/2024\/03\/lo-que-se-viene-con-roger-martinez-y-almendra-en-racing-2.jpg\" width=\"720\" height=\"100\" decoding=\"async\" data-nimg=\"future\" loading=\"lazy\"><span class=\"epigraphe\">Almendra viene de una lesi\u00f3n muscular. Foto: @racingclub<\/span><\/div>\n<p><h2>El nuevo problema que tuvo Roger Mart\u00ednez en Racing <\/h2>\n<\/p>\n<div class=\"custom-text \" readability=\"39\">\n<p><strong>Con respecto a Roger, previo al juego contra el Halc\u00f3n, present\u00f3 un s\u00edndrome febril (producto de una infecci\u00f3n respiratoria) y guard\u00f3 reposo durante cuatro d\u00edas. <\/strong>La semana pasada comenz\u00f3 a entrenarse con ejercicios aer\u00f3bicos alrededor de la cancha como parte de un reacondicionamiento f\u00edsico y se espera que vaya al banco de los suplentes ante Central C\u00f3rdoba. M\u00e1s all\u00e1 de aquella afecci\u00f3n de salud, hoy no tiene espacio en el equipo titular porque por delante tiene a Maximiliano Salas, autor de un gol y una asistencia en el 3-0 sobre San Mart\u00edn de Burzaco.<\/p>\n<\/div>\n<div class=\"sc-e7b891c4-0 jPbnQF\"><img alt=\"Roger Mart\u00ednez tuvo un s\u00edndrome febril que lo afect\u00f3 mucho. EFE\/ Juan Ignacio Roncoroni\" src=\"http:\/\/hoycordobaweb.com\/wp-content\/uploads\/2024\/03\/lo-que-se-viene-con-roger-martinez-y-almendra-en-racing-3.jpg\" width=\"720\" height=\"100\" decoding=\"async\" data-nimg=\"future\" loading=\"lazy\"><span class=\"epigraphe\">Roger Mart\u00ednez tuvo un s\u00edndrome febril que lo afect\u00f3 mucho. EFE\/ Juan Ignacio Roncoroni<\/span><\/div>\n<div class=\"custom-text \" readability=\"39\">\n<p><strong>Por lo bajo, en el club cuentan que Roger nunca termin\u00f3 de ponerse al 100% luego de las lesiones musculares que tuvo y que eso afect\u00f3 su rendimiento<\/strong>, motivo por el cual nunca pudo consolidarse como titular en lo que va del semestre. As\u00ed las cosas, son una fija para estar nuevamente de arranque Salas y Maravilla Mart\u00ednez en el ataque, m\u00e1s la vuelta de Juanfer Quintero una vez que termine de formar parte de la selecci\u00f3n de Colombia.<\/p>\n<\/div>\n<p><h2>Costas tiene que definir c\u00f3mo ocupar\u00e1 el costado izquierdo de la defensa en Racing ante Central C\u00f3rdoba<\/h2>\n<\/p>\n<div class=\"custom-text \" readability=\"31.315985130112\">\n<p>Asimismo,<strong> Costas deber\u00e1 resolver<a href=\"https:\/\/www.ole.com.ar\/futbol-primera\/racing-gabriel-rojas-nacho-galvan-copa-argentina_0_PQ5lhuvOpa.html\" target=\"_self\" title=\" c\u00f3mo cubrir\u00e1 el lateral izquierdo\" alt=\" c\u00f3mo cubrir\u00e1 el lateral izquierdo\" rel=\"noopener noreferrer\"> c\u00f3mo cubrir\u00e1 el lateral izquierdo<\/a>, donde perdi\u00f3 dos jugadores contra San Mart\u00edn: Gabriel Rojas e Ignacio Galv\u00e1n. <\/strong>Gabi sufri\u00f3 una lesi\u00f3n en un isquiotibial de la pierna izquierda y Nacho tiene un esguince en el tobillo izquierdo.<\/p>\n<\/div>\n<div class=\"sc-a7166897-0 exHLBh\" readability=\"6\">\n<section readability=\"2\"><picture><img alt=\"Costas apret\u00f3 el pu\u00f1o tras la clasificaci\u00f3n de Racing: &quot;Esta era una final&quot;\" src=\"http:\/\/hoycordobaweb.com\/wp-content\/uploads\/2024\/03\/lo-que-se-viene-con-roger-martinez-y-almendra-en-racing-4.jpg\" width=\"290\" height=\"290\" decoding=\"async\" data-nimg=\"future\" loading=\"lazy\"><\/picture>\n<p><span>Mir\u00e1 tambi\u00e9n<\/span><\/p>\n<hr>\n<h3>Costas apret\u00f3 el pu\u00f1o tras la clasificaci\u00f3n de Racing: \u00abEsta era una final\u00bb<\/h3>\n<\/p>\n<\/section>\n<\/div>\n<div class=\"sc-a7166897-0 exHLBh\" readability=\"6\">\n<section readability=\"2\"><picture><img alt=\"El uno por uno de Racing ante San Mart\u00edn de Burzaco\" src=\"http:\/\/hoycordobaweb.com\/wp-content\/uploads\/2024\/03\/lo-que-se-viene-con-roger-martinez-y-almendra-en-racing-5.jpg\" width=\"290\" height=\"290\" decoding=\"async\" data-nimg=\"future\" loading=\"lazy\"><\/picture>\n<p><span>Mir\u00e1 tambi\u00e9n<\/span><\/p>\n<hr>\n<h3>El uno por uno de Racing ante San Mart\u00edn de Burzaco<\/h3>\n<\/p>\n<\/section>\n<\/div>\n<div class=\"sc-a7166897-0 exHLBh\" readability=\"6\">\n<section readability=\"2\"><picture><img alt=\"V\u00edctor Blanco: &quot;No tengo dudas de que Racing es el tercer grande\" src=\"http:\/\/hoycordobaweb.com\/wp-content\/uploads\/2024\/03\/lo-que-se-viene-con-roger-martinez-y-almendra-en-racing-6.jpg\" width=\"290\" height=\"290\" decoding=\"async\" data-nimg=\"future\" loading=\"lazy\"><\/picture>\n<p><span>Mir\u00e1 tambi\u00e9n<\/span><\/p>\n<hr>\n<h3>V\u00edctor Blanco: \u00abNo tengo dudas de que Racing es el tercer grande<\/h3>\n<\/p>\n<\/section>\n<\/div>\n<div class=\"sc-a7166897-0 exHLBh\" readability=\"6\">\n<section readability=\"2\"><picture><img alt=\"Costas endios\u00f3 a Maravilla Mart\u00ednez en Racing y Salas fue muy categ\u00f3rico\" src=\"http:\/\/hoycordobaweb.com\/wp-content\/uploads\/2024\/03\/lo-que-se-viene-con-roger-martinez-y-almendra-en-racing-7.jpg\" width=\"290\" height=\"290\" decoding=\"async\" data-nimg=\"future\" loading=\"lazy\"><\/picture>\n<p><span>Mir\u00e1 tambi\u00e9n<\/span><\/p>\n<hr>\n<h3>Costas endios\u00f3 a Maravilla Mart\u00ednez en Racing y Salas fue muy categ\u00f3rico<\/h3>\n<\/p>\n<\/section>\n<\/div>\n<\/div>\n","protected":false},"excerpt":{"rendered":"<p>24\/03\/2024 16:35hs. Actualizado al 24\/03\/2024 17:12hs. Gustavo Costas arrancar\u00e1 la semana con la inclusi\u00f3n de dos jugadores dentro de las tareas del el grupo. De acuerdo con lo estipulado, Agust\u00edn Almendra y Roger Mart\u00ednez este lunes volver\u00e1n a entrenarse a la par del plantel despu\u00e9s de sus contratiempos f\u00edsicos y de salud, respectivamente. De todos [&hellip;]<\/p>\n","protected":false},"author":1,"featured_media":75044,"comment_status":"open","ping_status":"closed","sticky":false,"template":"","format":"standard","meta":[],"categories":[16],"tags":[],"_links":{"self":[{"href":"http:\/\/hoycordobaweb.com\/index.php\/wp-json\/wp\/v2\/posts\/75043"}],"collection":[{"href":"http:\/\/hoycordobaweb.com\/index.php\/wp-json\/wp\/v2\/posts"}],"about":[{"href":"http:\/\/hoycordobaweb.com\/index.php\/wp-json\/wp\/v2\/types\/post"}],"author":[{"embeddable":true,"href":"http:\/\/hoycordobaweb.com\/index.php\/wp-json\/wp\/v2\/users\/1"}],"replies":[{"embeddable":true,"href":"http:\/\/hoycordobaweb.com\/index.php\/wp-json\/wp\/v2\/comments?post=75043"}],"version-history":[{"count":0,"href":"http:\/\/hoycordobaweb.com\/index.php\/wp-json\/wp\/v2\/posts\/75043\/revisions"}],"wp:featuredmedia":[{"embeddable":true,"href":"http:\/\/hoycordobaweb.com\/index.php\/wp-json\/wp\/v2\/media\/75044"}],"wp:attachment":[{"href":"http:\/\/hoycordobaweb.com\/index.php\/wp-json\/wp\/v2\/media?parent=75043"}],"wp:term":[{"taxonomy":"category","embeddable":true,"href":"http:\/\/hoycordobaweb.com\/index.php\/wp-json\/wp\/v2\/categories?post=75043"},{"taxonomy":"post_tag","embeddable":true,"href":"http:\/\/hoycordobaweb.com\/index.php\/wp-json\/wp\/v2\/tags?post=75043"}],"curies":[{"name":"wp","href":"https:\/\/api.w.org\/{rel}","templated":true}]}}