{"id":75001,"date":"2024-03-23T16:32:13","date_gmt":"2024-03-23T16:32:13","guid":{"rendered":"https:\/\/www.ole.com.ar\/futbol-internacional\/inglaterra\/sven-goran-eriksson-liverpool_0_Qf1pHGCovO.html"},"modified":"2024-03-23T16:32:13","modified_gmt":"2024-03-23T16:32:13","slug":"liverpool-le-cumplio-un-sueno-a-un-entrenador-que-padece-una-enfermedad-terminal","status":"publish","type":"post","link":"http:\/\/hoycordobaweb.com\/index.php\/2024\/03\/23\/liverpool-le-cumplio-un-sueno-a-un-entrenador-que-padece-una-enfermedad-terminal\/","title":{"rendered":"Liverpool le cumpli\u00f3 un sue\u00f1o a un entrenador que padece una enfermedad terminal"},"content":{"rendered":"<p><img src=\"http:\/\/hoycordobaweb.com\/wp-content\/uploads\/2024\/03\/liverpool-le-cumplio-un-sueno-a-un-entrenador-que-padece-una-enfermedad-terminal.jpg\"><\/p>\n<div><img src=\"http:\/\/hoycordobaweb.com\/wp-content\/uploads\/2024\/03\/liverpool-le-cumplio-un-sueno-a-un-entrenador-que-padece-una-enfermedad-terminal.jpg\" class=\"ff-og-image-inserted\"><\/div>\n<p><time class=\"createDate\" datetime=\"2024-03-23T13:32:13-03:00\">23\/03\/2024 13:32hs.<\/time><\/p>\n<div id=\"storyBody\">\n<div class=\"custom-text \" readability=\"35\">\n<p><strong>Liverpool <\/strong>(que est\u00e1 segundo en la tabla de posiciones de la Premier League por diferencia de gol) organiz\u00f3 un partido de leyendas para cumplirle un sue\u00f1o a <strong>Sven-Goran Eriksson<\/strong>, un hist\u00f3rico entrenador que actualmente padece una enfermedad terminal.<\/p>\n<\/div>\n<div class=\"custom-text \" readability=\"41\">\n<p>\u00abEstar en este encuentro es un sue\u00f1o y nunca podr\u00eda haber so\u00f1ado con tanto, pero cuando fui entrenador siempre quise ir al Liverpool, pero nunca pas\u00f3. Estuve cerca una vez y hubo conversaciones. Fue hace muchos a\u00f1os y nunca lleg\u00f3 a ocurrir\u00bb, reconoci\u00f3 en la conferencia de prensa previa al encuentro. Acto seguido, revel\u00f3 de d\u00f3nde surge su pasi\u00f3n por este club. \u00ab<strong>Mi padre fue aficionado del Liverpool y a\u00fan es aficionado del Liverpool, as\u00ed que mi amor por el equipo viene de ah\u00ed<\/strong>\u00ab, record\u00f3.<\/p>\n<\/div>\n<div class=\"custom-text \" readability=\"41\">\n<p>Tiempo atr\u00e1s, <strong>el reconocido t\u00e9cnico confes\u00f3 que ten\u00eda un objetivo pendiente: dirigir a los Reds<\/strong>. En este contexto, el club decidi\u00f3 llevar adelante la idea y cederle, por un d\u00eda, el lugar que ocupar\u00e1 <strong>Jurgen Klopp<\/strong> hasta final de la temporada. A su vez, con una cancha repleta de hinchas, <strong>la instituci\u00f3n organiz\u00f3 un recibimiento \u00fanico<\/strong> que termin\u00f3 con el protagonista en cuesti\u00f3n sumamente emocionado. <\/p>\n<\/div>\n<div class=\"custom-text \" readability=\"37\">\n<p>En esta oportunidad, <strong>los presentes se pusieron de pie y lo aplaudieron<\/strong> hasta el cansancio. Acto seguido, el entrenador camin\u00f3 por la cancha, salud\u00f3 a todos con las manos y fue abrazado por varios de los futbolistas que saldr\u00edan a la cancha minutos despu\u00e9s.<\/p>\n<\/div>\n<div type=\"embed\" class=\"sc-7ce6049-0 dwIKul\">\n<div class=\"sc-7ce6049-1 bdcBBS videoText\" id=\"contentTitleembedHSKAcm3j\" type=\"embed\"><svg fill=\"#ffffff\"><symbol id=\"play\" viewBox=\"0 0 512 512\"><path d=\"M512 256C512 397.4 397.4 512 256 512C114.6 512 0 397.4 0 256C0 114.6 114.6 0 256 0C397.4 0 512 114.6 512 256zM176 168V344C176 352.7 180.7 360.7 188.3 364.9C195.8 369.2 205.1 369 212.5 364.5L356.5 276.5C363.6 272.1 368 264.4 368 256C368 247.6 363.6 239.9 356.5 235.5L212.5 147.5C205.1 142.1 195.8 142.8 188.3 147.1C180.7 151.3 176 159.3 176 168V168z\" \/><\/symbol><use xlink:href=\"#play\" \/><\/svg><\/p>\n<div class=\"right\">\n<p>Liverpool<!-- --> &#8211;<!-- --> <span>23-3-2024<\/span><\/p>\n<h2 class=\"title-vid\">Sven-Goran Eriksson dirigi\u00f3 al Liverpool por un d\u00eda<\/h2>\n<\/div>\n<\/div>\n<p><span class=\"back\" id=\"spanBackembedHSKAcm3j\"><\/span><\/div>\n<p><h2>Ins\u00f3lito: por error, un periodista asegur\u00f3 que Klopp sufre una enfermedad terminal<\/h2>\n<\/p>\n<div class=\"custom-text \" readability=\"40\">\n<p><strong>Jurgen Klopp<\/strong> anunci\u00f3 en enero que dejar\u00e1 su cargo como entrenador del Liverpool cuando finalice la temporada. \u00abMe estoy quedando sin energ\u00eda. <strong>No tengo ning\u00fan problema ahora<\/strong>. Yo lo sab\u00eda desde hace tiempo y ten\u00eda que anunciarlo en alg\u00fan momento, pero ahora estoy absolutamente bien. S\u00e9 que no puedo hacer el trabajo una y otra y otra y otra vez. Puedo entender que sea un shock para mucha gente en este momento, cuando lo escuchas por primera vez, pero obviamente puedo explicarlo, o al menos intentar explicarlo\u00bb, reconoci\u00f3 el t\u00e9cnico en conferencia de prensa.<\/p>\n<\/div>\n<div class=\"custom-text \" readability=\"43\">\n<p>Sin embargo, un periodista uruguayo contradijo sus declaraciones y, por error, asegur\u00f3 que el alem\u00e1n atraviesa una enfermedad terminal, motivo por el cual habr\u00eda dejado su cargo. \u00ab<strong>Los m\u00e9dicos le diagnosticaron c\u00e1ncer de p\u00e1ncreas y le han dado un a\u00f1o m\u00e1s de vida, esto hizo que el t\u00e9cnico renunciara<\/strong>\u00ab, sostuvo al aire. No obstante, hubo una fuerte confusi\u00f3n: quien sufre dicha enfermedad es <strong>Sven-G\u00f6ran Eriksson<\/strong>, un ex entrenador sueco con quien <strong>Jurgen Klopp<\/strong> se solidariz\u00f3 tiempo atr\u00e1s.<\/p>\n<\/div>\n<div type=\"embed\" class=\"sc-7ce6049-0 dwIKul\">\n<div class=\"sc-7ce6049-1 bdcBBS videoText\" id=\"contentTitleembedw2yonf1A\" type=\"embed\"><svg fill=\"#ffffff\"><symbol id=\"play\" viewBox=\"0 0 512 512\"><path d=\"M512 256C512 397.4 397.4 512 256 512C114.6 512 0 397.4 0 256C0 114.6 114.6 0 256 0C397.4 0 512 114.6 512 256zM176 168V344C176 352.7 180.7 360.7 188.3 364.9C195.8 369.2 205.1 369 212.5 364.5L356.5 276.5C363.6 272.1 368 264.4 368 256C368 247.6 363.6 239.9 356.5 235.5L212.5 147.5C205.1 142.1 195.8 142.8 188.3 147.1C180.7 151.3 176 159.3 176 168V168z\" \/><\/symbol><use xlink:href=\"#play\" \/><\/svg><\/p>\n<div class=\"right\">\n<p>Jurgen Klopp<!-- --> &#8211;<!-- --> <span>23-3-2024<\/span><\/p>\n<h2 class=\"title-vid\">El error de un periodista uruguayo con Klopp<\/h2>\n<\/div>\n<\/div>\n<p><span class=\"back\" id=\"spanBackembedw2yonf1A\"><\/span><\/div>\n<\/div>\n","protected":false},"excerpt":{"rendered":"<p>23\/03\/2024 13:32hs. Liverpool (que est\u00e1 segundo en la tabla de posiciones de la Premier League por diferencia de gol) organiz\u00f3 un partido de leyendas para cumplirle un sue\u00f1o a Sven-Goran Eriksson, un hist\u00f3rico entrenador que actualmente padece una enfermedad terminal. \u00abEstar en este encuentro es un sue\u00f1o y nunca podr\u00eda haber so\u00f1ado con tanto, pero [&hellip;]<\/p>\n","protected":false},"author":1,"featured_media":75002,"comment_status":"open","ping_status":"closed","sticky":false,"template":"","format":"standard","meta":[],"categories":[16],"tags":[],"_links":{"self":[{"href":"http:\/\/hoycordobaweb.com\/index.php\/wp-json\/wp\/v2\/posts\/75001"}],"collection":[{"href":"http:\/\/hoycordobaweb.com\/index.php\/wp-json\/wp\/v2\/posts"}],"about":[{"href":"http:\/\/hoycordobaweb.com\/index.php\/wp-json\/wp\/v2\/types\/post"}],"author":[{"embeddable":true,"href":"http:\/\/hoycordobaweb.com\/index.php\/wp-json\/wp\/v2\/users\/1"}],"replies":[{"embeddable":true,"href":"http:\/\/hoycordobaweb.com\/index.php\/wp-json\/wp\/v2\/comments?post=75001"}],"version-history":[{"count":0,"href":"http:\/\/hoycordobaweb.com\/index.php\/wp-json\/wp\/v2\/posts\/75001\/revisions"}],"wp:featuredmedia":[{"embeddable":true,"href":"http:\/\/hoycordobaweb.com\/index.php\/wp-json\/wp\/v2\/media\/75002"}],"wp:attachment":[{"href":"http:\/\/hoycordobaweb.com\/index.php\/wp-json\/wp\/v2\/media?parent=75001"}],"wp:term":[{"taxonomy":"category","embeddable":true,"href":"http:\/\/hoycordobaweb.com\/index.php\/wp-json\/wp\/v2\/categories?post=75001"},{"taxonomy":"post_tag","embeddable":true,"href":"http:\/\/hoycordobaweb.com\/index.php\/wp-json\/wp\/v2\/tags?post=75001"}],"curies":[{"name":"wp","href":"https:\/\/api.w.org\/{rel}","templated":true}]}}