{"id":74981,"date":"2024-03-23T13:04:46","date_gmt":"2024-03-23T13:04:46","guid":{"rendered":"https:\/\/ladecimaweb.com\/?p=25889"},"modified":"2024-03-23T13:04:46","modified_gmt":"2024-03-23T13:04:46","slug":"desarticulan-banda-que-vendia-drogas-en-cordoba-y-santa-fe","status":"publish","type":"post","link":"http:\/\/hoycordobaweb.com\/index.php\/2024\/03\/23\/desarticulan-banda-que-vendia-drogas-en-cordoba-y-santa-fe\/","title":{"rendered":"Desarticulan banda que vend\u00eda drogas en C\u00f3rdoba y Santa Fe"},"content":{"rendered":"<div class=\"boldgrid-section\">\n<div class=\"container\">\n<div class=\"row\">\n<div class=\"col-md-12 col-xs-12 col-sm-12\">\n<div class=\"col-sm-8\">\n<p class>Efectivos de la Fuerza Policial Antinarcotr\u00e1fico junto a Gendarmer\u00eda Nacional, efectuaron un operativo en diversas ciudades del departamento San Justo. El mismo se desarroll\u00f3 en el marco de investigaciones por venta de drogas en las provincias de C\u00f3rdoba y Santa Fe y donde se logr\u00f3 desarticular una banda narcocriminal.<\/p>\n<p>Las pesquisas fueron llevadas adelante por la Fiscal\u00eda Federal de San Francisco a cargo de la Dra. Mar\u00eda Schianni, la PROCUNAR, a cargo del Dr. Diego Iglesias, la Fiscal\u00eda Regional del Ministerio P\u00fablico Fiscal de la Acusaci\u00f3n de Santa Fe, a cargo del Dr. Carlos Vottero, y la Secretar\u00eda de Lucha Contra el Narcotr\u00e1fico de San Francisco, por entonces a cargo del Dr. Bernardo Alberione.<\/p>\n<p>Dichas investigaciones culminaron en la efectivizaci\u00f3n de m\u00e1s de 40 allanamientos en localidades del departamento San Justo y de la provincia de Santa Fe.<\/p>\n<p>En la Provincia de C\u00f3rdoba, personal de la Fuerza Policial Antinarcotr\u00e1fico junto a dotaciones de Gendarmer\u00eda Nacional realizaron un total de 21 operativos en las ciudades de Morteros (17), Brinkmann (3) y Porte\u00f1a (1).<\/p>\n<p>En mencionados domicilios se logr\u00f3 el secuestro de sustancia como coca\u00edna, marihuana, cuatro armas de fuego, dinero en efectivo, entre otros elementos de inter\u00e9s para la causa.<\/p>\n<p>Cabe destacar que, en la provincia de Santa Fe se allanaron domicilios ubicados en las ciudades de Rafaela (22), Sauce Viejo (1), Suardi (1) y Frontera (1).<\/p>\n<p>Como finalidad de dicho dispositivo se desarticul\u00f3 una organizaci\u00f3n narcodelictiva la cual ten\u00eda a su cabecilla que operaba desde la c\u00e1rcel desde la cual se encontraba alojado (Unidad Residencial n\u00b0 6 de Ezeiza). A su vez, fueron detenidas otras 22 personas quienes ser\u00edan miembros de dicha organizaci\u00f3n, entre las cuales se encontrar\u00eda la pareja del cabecilla.<\/p>\n<p>Se trabaj\u00f3 en conjunto con efectivos de Gendarmer\u00eda Nacional, Polic\u00eda de C\u00f3rdoba, Servicio Penitenciario Federal y fiscales de la Justicia Federal y funcionarios del Ministerio P\u00fablico Fiscal de la Provincia de C\u00f3rdoba y Santa Fe.<\/p>\n<p class><img loading=\"lazy\" class=\"alignnone wp-image-44492\" src=\"http:\/\/hoycordobaweb.com\/wp-content\/uploads\/2024\/03\/desarticulan-banda-que-vendia-drogas-en-cordoba-y-santa-fe.jpg\" sizes=\"(max-width: 500px) 100vw, 500px\" srcset=\"http:\/\/hoycordobaweb.com\/wp-content\/uploads\/2024\/03\/desarticulan-banda-que-vendia-drogas-en-cordoba-y-santa-fe.jpg?v=1711139456 940w, http:\/\/hoycordobaweb.com\/wp-content\/uploads\/2024\/03\/desarticulan-banda-que-vendia-drogas-en-cordoba-y-santa-fe-1.jpg 768w, http:\/\/hoycordobaweb.com\/wp-content\/uploads\/2024\/03\/desarticulan-banda-que-vendia-drogas-en-cordoba-y-santa-fe-2.jpg 1536w, http:\/\/hoycordobaweb.com\/wp-content\/uploads\/2024\/03\/desarticulan-banda-que-vendia-drogas-en-cordoba-y-santa-fe-3.jpg 1600w\" alt width=\"500\" height=\"333\"><\/p>\n<div class=\"at-below-post addthis_tool\" data-url=\"https:\/\/www.mpfcordoba.gob.ar\/cordoba-fpa-junto-a-gendarmeria-nacional-desbarataron-una-organizacion-narcodelictiva\/\"><\/div>\n<\/div>\n<div class=\"col-sm-4\">\n<div class=\"row\">\n<div class=\"col-sm-12\">\n<ul class=\"nav nav-pills nav-stacked submenu\">\n<li role=\"presentation\">&nbsp;<\/li>\n<\/ul>\n<\/div>\n<\/div>\n<\/div>\n<\/div>\n<\/div>\n<\/div>\n<\/div>\n<p>La entrada <a rel=\"nofollow\" href=\"https:\/\/ladecimaweb.com\/desarticulan-banda-que-vendia-drogas-en-cordoba-y-santa-fe\/\">Desarticulan banda que vend\u00eda drogas en C\u00f3rdoba y Santa Fe<\/a> se public\u00f3 primero en <a rel=\"nofollow\" href=\"https:\/\/ladecimaweb.com\">LaDecima<\/a>.<\/p>\n","protected":false},"excerpt":{"rendered":"<p>Efectivos de la Fuerza Policial Antinarcotr\u00e1fico junto a Gendarmer\u00eda Nacional, efectuaron un operativo en diversas ciudades del departamento San Justo. El mismo se desarroll\u00f3 en el marco de investigaciones por venta de drogas en las provincias de C\u00f3rdoba y Santa Fe y donde se logr\u00f3 desarticular una banda narcocriminal. Las pesquisas fueron llevadas adelante por [&hellip;]<\/p>\n","protected":false},"author":1,"featured_media":74982,"comment_status":"closed","ping_status":"closed","sticky":false,"template":"","format":"standard","meta":[],"categories":[19],"tags":[],"_links":{"self":[{"href":"http:\/\/hoycordobaweb.com\/index.php\/wp-json\/wp\/v2\/posts\/74981"}],"collection":[{"href":"http:\/\/hoycordobaweb.com\/index.php\/wp-json\/wp\/v2\/posts"}],"about":[{"href":"http:\/\/hoycordobaweb.com\/index.php\/wp-json\/wp\/v2\/types\/post"}],"author":[{"embeddable":true,"href":"http:\/\/hoycordobaweb.com\/index.php\/wp-json\/wp\/v2\/users\/1"}],"replies":[{"embeddable":true,"href":"http:\/\/hoycordobaweb.com\/index.php\/wp-json\/wp\/v2\/comments?post=74981"}],"version-history":[{"count":0,"href":"http:\/\/hoycordobaweb.com\/index.php\/wp-json\/wp\/v2\/posts\/74981\/revisions"}],"wp:featuredmedia":[{"embeddable":true,"href":"http:\/\/hoycordobaweb.com\/index.php\/wp-json\/wp\/v2\/media\/74982"}],"wp:attachment":[{"href":"http:\/\/hoycordobaweb.com\/index.php\/wp-json\/wp\/v2\/media?parent=74981"}],"wp:term":[{"taxonomy":"category","embeddable":true,"href":"http:\/\/hoycordobaweb.com\/index.php\/wp-json\/wp\/v2\/categories?post=74981"},{"taxonomy":"post_tag","embeddable":true,"href":"http:\/\/hoycordobaweb.com\/index.php\/wp-json\/wp\/v2\/tags?post=74981"}],"curies":[{"name":"wp","href":"https:\/\/api.w.org\/{rel}","templated":true}]}}