{"id":74952,"date":"2024-03-22T17:42:58","date_gmt":"2024-03-22T17:42:58","guid":{"rendered":"https:\/\/www.ole.com.ar\/futbol-internacional\/francia\/mbappe-dejo-aire-llegada-real-madrid-anunciar-psg-juegos-olimpicos_0_VPxMkrkXlz.html"},"modified":"2024-03-22T17:42:58","modified_gmt":"2024-03-22T17:42:58","slug":"mbappe-dejo-en-el-aire-su-llegada-al-real-madrid-no-tengo-nada-jugoso-que-anunciar","status":"publish","type":"post","link":"http:\/\/hoycordobaweb.com\/index.php\/2024\/03\/22\/mbappe-dejo-en-el-aire-su-llegada-al-real-madrid-no-tengo-nada-jugoso-que-anunciar\/","title":{"rendered":"Mbapp\u00e9 dej\u00f3 en el aire su llegada al Real Madrid: \u00abNo tengo nada jugoso que anunciar&#8230;\u00bb"},"content":{"rendered":"<p><img src=\"http:\/\/hoycordobaweb.com\/wp-content\/uploads\/2024\/03\/mbappe-dejo-en-el-aire-su-llegada-al-real-madrid-no-tengo-nada-jugoso-que-anunciar.jpg\"><\/p>\n<p><time class=\"createDate\" datetime=\"2024-03-22T14:42:58-03:00\">22\/03\/2024 14:42hs.<\/time><\/p>\n<div id=\"storyBody\">\n<div class=\"custom-text \" readability=\"36.165697674419\">\n<p>En la previa del amistoso entre Francia y Alemania (s\u00e1bado 17 hs), <a href=\"https:\/\/www.ole.com.ar\/tema\/kylian-mbappe.html\" title=\"Kylian Mbapp\u00e9\" alt=\"Kylian Mbapp\u00e9\" class=\"slug\">Kylian Mbapp\u00e9<\/a> rompi\u00f3 el silencio en conferencia de prensa. El crack del PSG, que no hablaba p\u00fablicamente desde inicios de enero, fue consultado varias veces por<strong> su posible paso al <a href=\"https:\/\/www.ole.com.ar\/tema\/real-madrid.html\" title=\"Real Madrid\" alt=\"Real Madrid\" class=\"slug\">Real Madrid<\/a> al final de la temporada<\/strong>, pero decidi\u00f3 tirarla afuera y dej\u00f3 todo en el aire&#8230;<\/p>\n<\/div>\n<div class=\"custom-text \" readability=\"39\">\n<p>\u201cPregunten al que lo ha anunciado. No he anunciado nada porque no ten\u00eda nada que anunciar. Si no lo he hecho es porque no tengo nada que anunciar.<strong> El d\u00eda que tenga algo que anunciar, lo dir\u00e9. Nunca me he callado. Siento decepcionarte, pero no tengo nada jugoso que anunciar\u201d<\/strong>, tir\u00f3 Mbapp\u00e9, con buena onda pero sin dar pistas. <\/p>\n<\/div>\n<div class=\"custom-text \" readability=\"37\">\n<p>Lo \u00fanico que dijo es que, para mitad de a\u00f1o, la historia seguramente est\u00e9 definida: \u00abEstar\u00e9 centrado en la selecci\u00f3n de Francia cuando llegue la Eurocopa.<strong> Creo que para entonces ya estar\u00e1 resuelto\u00bb<\/strong>. \u00bfAfectan los rumores a su presente en en el PSG? \u201cHe dicho que no es un problema. Estamos en un sprint final. La idea de hacer un triplete es m\u00e1s importante que si me quedo o no. Estamos muy centrados en eso. Mi futuro es irrelevante\u00bb.<\/p>\n<\/div>\n<p><h2><strong>\u00bfMbapp\u00e9 a los Juegos Ol\u00edmpicos?<\/strong><\/h2>\n<\/p>\n<div class=\"custom-text \" readability=\"35.465853658537\">\n<p>Otro de los temas que acapararon la conferencia de prensa de Mbapp\u00e9 fue el de los <a href=\"https:\/\/www.ole.com.ar\/tema\/juegos-olimpicos-2024.html\" title=\"Juegos Ol\u00edmpicos 2024\" alt=\"Juegos Ol\u00edmpicos 2024\" class=\"slug\">Juegos Ol\u00edmpicos<\/a> de Par\u00eds. Al respecto, la puerta tambi\u00e9n qued\u00f3 abierta: \u00abSiempre he dicho que para m\u00ed son especiales y me gustar\u00eda estar.<strong> Pero la decisi\u00f3n final no me pertenece a m\u00ed. <\/strong>Todo est\u00e1 en manos de otra persona. No tengo ninguna noticia sobre si me van a dejar ir. <strong>Si voy ser\u00e1 un sue\u00f1o. Si no, la aceptar\u00e9\u00bb.<\/strong><\/p>\n<\/div>\n<div class=\"sc-e7b891c4-0 jPbnQF\"><img alt=\"Mbapp\u00e9 rompi\u00f3 el silencio en conferencia de prensa (REUTERS).\" src=\"http:\/\/hoycordobaweb.com\/wp-content\/uploads\/2024\/03\/mbappe-dejo-en-el-aire-su-llegada-al-real-madrid-no-tengo-nada-jugoso-que-anunciar-2.jpg\" width=\"720\" height=\"100\" decoding=\"async\" data-nimg=\"future\" loading=\"lazy\"><span class=\"epigraphe\">Mbapp\u00e9 rompi\u00f3 el silencio en conferencia de prensa (REUTERS).<\/span><\/div>\n<div class=\"custom-text \" readability=\"38\">\n<p>Incluso lleg\u00f3 a decirse que Macron, presidente de Francia, hab\u00eda metido presi\u00f3n para que el PSG le diera permiso a su estrella de estar en los JJOO.<strong> \u00ab\u00bfMe has visto afectado? Yo siempre estoy centrado en lo que pasa en el campo.<\/strong> Mi objetivo siempre es rendir en los partidos. No soy responsable de lo que se hable fuera\u00bb, respondi\u00f3 Mbapp\u00e9.<\/p>\n<\/div>\n<div class=\"custom-text \" readability=\"37\">\n<p>En ese sentido, consultado por la posible seguidilla Eurocopa &#8211; Juegos Ol\u00edmpicos y el riesgo de tener alg\u00fan inconveniente f\u00edsico, Mbapp\u00e9 ratific\u00f3: \u00abMe da un poco igual. Nunca he encadenado estas dos competiciones, por lo que no s\u00e9 si supone un riesgo\u00bb.<\/p>\n<\/div>\n<div class=\"sc-e7b891c4-0 jPbnQF\"><img alt=\"Mbapp\u00e9 y el t\u00e9cnico Deschamps a pura risa en la pr\u00e1ctica previa al amistoso con Alemania (AFP).\" src=\"http:\/\/hoycordobaweb.com\/wp-content\/uploads\/2024\/03\/mbappe-dejo-en-el-aire-su-llegada-al-real-madrid-no-tengo-nada-jugoso-que-anunciar-3.jpg\" width=\"720\" height=\"100\" decoding=\"async\" data-nimg=\"future\" loading=\"lazy\"><span class=\"epigraphe\">Mbapp\u00e9 y el t\u00e9cnico Deschamps a pura risa en la pr\u00e1ctica previa al amistoso con Alemania (AFP).<\/span><\/div>\n<div class=\"custom-text \" readability=\"35\">\n<p><strong>Francia y Alemania se medir\u00e1n este s\u00e1bado en Lyon<\/strong>, en un amistoso preparatorio para la Eurocopa, torneo que se disputar\u00e1 entre el 14 de junio y el 14 de julio de este a\u00f1o.<\/p>\n<\/div>\n<div class=\"sc-a7166897-0 exHLBh\" readability=\"6\">\n<section readability=\"2\"><picture><img alt=\"El plan de Scaloni para llegar enchufado a la Copa Am\u00e9rica\" src=\"http:\/\/hoycordobaweb.com\/wp-content\/uploads\/2024\/03\/mbappe-dejo-en-el-aire-su-llegada-al-real-madrid-no-tengo-nada-jugoso-que-anunciar-4.jpg\" width=\"290\" height=\"290\" decoding=\"async\" data-nimg=\"future\" loading=\"lazy\"><\/picture>\n<p><span>Mir\u00e1 tambi\u00e9n<\/span><\/p>\n<hr>\n<h3>El plan de Scaloni para llegar enchufado a la Copa Am\u00e9rica<\/h3>\n<\/p>\n<\/section>\n<\/div>\n<div class=\"sc-a7166897-0 exHLBh\" readability=\"7\">\n<section readability=\"4\"><picture><img alt=\"Comenz\u00f3 el juicio contra Jorge Mart\u00ednez, ex entrenador de Boca: qu\u00e9 dijo el acusado al ingresar\" src=\"http:\/\/hoycordobaweb.com\/wp-content\/uploads\/2024\/03\/mbappe-dejo-en-el-aire-su-llegada-al-real-madrid-no-tengo-nada-jugoso-que-anunciar-5.jpg\" width=\"290\" height=\"290\" decoding=\"async\" data-nimg=\"future\" loading=\"lazy\"><\/picture>\n<p><span>Mir\u00e1 tambi\u00e9n<\/span><\/p>\n<hr>\n<h3>Comenz\u00f3 el juicio contra Jorge Mart\u00ednez, ex entrenador de Boca: qu\u00e9 dijo el acusado al ingresar<\/h3>\n<\/p>\n<\/section>\n<\/div>\n<div class=\"sc-a7166897-0 exHLBh\" readability=\"7.5\">\n<section readability=\"5\"><picture><img alt=\"Hizo inferiores en Boca, debut\u00f3 en Primera, qued\u00f3 libre y ahora lo enfrenta con Central Norte\" src=\"http:\/\/hoycordobaweb.com\/wp-content\/uploads\/2024\/03\/mbappe-dejo-en-el-aire-su-llegada-al-real-madrid-no-tengo-nada-jugoso-que-anunciar-6.jpg\" width=\"290\" height=\"290\" decoding=\"async\" data-nimg=\"future\" loading=\"lazy\"><\/picture>\n<p><span>Mir\u00e1 tambi\u00e9n<\/span><\/p>\n<hr>\n<h3>Hizo inferiores en Boca, debut\u00f3 en Primera, qued\u00f3 libre y ahora lo enfrenta con Central Norte<\/h3>\n<\/p>\n<\/section>\n<\/div>\n<\/div>\n","protected":false},"excerpt":{"rendered":"<p>22\/03\/2024 14:42hs. En la previa del amistoso entre Francia y Alemania (s\u00e1bado 17 hs), Kylian Mbapp\u00e9 rompi\u00f3 el silencio en conferencia de prensa. El crack del PSG, que no hablaba p\u00fablicamente desde inicios de enero, fue consultado varias veces por su posible paso al Real Madrid al final de la temporada, pero decidi\u00f3 tirarla afuera [&hellip;]<\/p>\n","protected":false},"author":1,"featured_media":74953,"comment_status":"open","ping_status":"closed","sticky":false,"template":"","format":"standard","meta":[],"categories":[16],"tags":[],"_links":{"self":[{"href":"http:\/\/hoycordobaweb.com\/index.php\/wp-json\/wp\/v2\/posts\/74952"}],"collection":[{"href":"http:\/\/hoycordobaweb.com\/index.php\/wp-json\/wp\/v2\/posts"}],"about":[{"href":"http:\/\/hoycordobaweb.com\/index.php\/wp-json\/wp\/v2\/types\/post"}],"author":[{"embeddable":true,"href":"http:\/\/hoycordobaweb.com\/index.php\/wp-json\/wp\/v2\/users\/1"}],"replies":[{"embeddable":true,"href":"http:\/\/hoycordobaweb.com\/index.php\/wp-json\/wp\/v2\/comments?post=74952"}],"version-history":[{"count":0,"href":"http:\/\/hoycordobaweb.com\/index.php\/wp-json\/wp\/v2\/posts\/74952\/revisions"}],"wp:featuredmedia":[{"embeddable":true,"href":"http:\/\/hoycordobaweb.com\/index.php\/wp-json\/wp\/v2\/media\/74953"}],"wp:attachment":[{"href":"http:\/\/hoycordobaweb.com\/index.php\/wp-json\/wp\/v2\/media?parent=74952"}],"wp:term":[{"taxonomy":"category","embeddable":true,"href":"http:\/\/hoycordobaweb.com\/index.php\/wp-json\/wp\/v2\/categories?post=74952"},{"taxonomy":"post_tag","embeddable":true,"href":"http:\/\/hoycordobaweb.com\/index.php\/wp-json\/wp\/v2\/tags?post=74952"}],"curies":[{"name":"wp","href":"https:\/\/api.w.org\/{rel}","templated":true}]}}