{"id":74942,"date":"2024-03-22T18:57:33","date_gmt":"2024-03-22T18:57:33","guid":{"rendered":"https:\/\/www.ole.com.ar\/river-plate\/matias-almeyda-da-valor-merece-demichelis-gallardo-river_0_DixNtK3Smr.html"},"modified":"2024-03-22T18:57:33","modified_gmt":"2024-03-22T18:57:33","slug":"almeyda-a-demichelis-no-se-le-da-el-valor-que-merece","status":"publish","type":"post","link":"http:\/\/hoycordobaweb.com\/index.php\/2024\/03\/22\/almeyda-a-demichelis-no-se-le-da-el-valor-que-merece\/","title":{"rendered":"Almeyda: \u201cA Demichelis no se le da el valor que merece\u201d"},"content":{"rendered":"<p><img src=\"http:\/\/hoycordobaweb.com\/wp-content\/uploads\/2024\/03\/almeyda-a-demichelis-no-se-le-da-el-valor-que-merece.jpg\"><\/p>\n<p><time class=\"createDate\" datetime=\"2024-03-22T15:57:33-03:00\">22\/03\/2024 15:57hs.<\/time><\/p>\n<div id=\"storyBody\">\n<div class=\"custom-text \" readability=\"31.241830065359\">\n<p><strong><a href=\"https:\/\/www.ole.com.ar\/tema\/matias-almeyda.html\" title=\"Mat\u00edas Almeyda\" alt=\"Mat\u00edas Almeyda\" class=\"slug\">Mat\u00edas Almeyda<\/a>, <\/strong>ex futbolista y entrenador de River Plate,<strong> habl\u00f3 sobre <a href=\"https:\/\/www.ole.com.ar\/tema\/martin-demichelis.html\" title=\"Martin Demichelis\" alt=\"Martin Demichelis\" class=\"slug\">Mart\u00edn Demichelis<\/a>, actual DT del Millonario, y las cr\u00edticas que recibe <\/strong>a pesar de estar pasando un buen momento desde los resultados, que lo tienen como <a href=\"https:\/\/www.ole.com.ar\/futbol-primera\/river-vs-estudiantes-hoy-vivo-supercopa-argentina-2024-hora-ver-formacion-resumen-video_0_t9BizwfVqm.html\" target=\"_blank\" title=\"campe\u00f3n de la Supercopa Argentina\" alt=\"campe\u00f3n de la Supercopa Argentina\" rel=\"noopener noreferrer\">campe\u00f3n de la Supercopa Argentina<\/a> y puntero de su zona en la Copa de la Liga.<\/p>\n<\/div>\n<div class=\"custom-text \" readability=\"38\">\n<p>\u201cVeo que viene ganando t\u00edtulos: ha cambiado un poco la manera futbol\u00edstica con su idea, han cambiado muchos jugadores tambi\u00e9n, pero creo que en l\u00edneas generales lo viene haciendo muy bien\u201d comenz\u00f3 Almeyda, quien dijo que el DT sigue con cierta t\u00f3nica del ciclo anterior: <strong>\u201cSe ha acostumbrado a ganar seguido y en ese sentido no ha cambiado<\/strong>\u201d.<\/p>\n<\/div>\n<div class=\"custom-text \" readability=\"39\">\n<p>Autorreferencial, el Pelado se\u00f1al\u00f3 que Demichelis \u201cest\u00e1 aprovechando, un poco lo que hab\u00eda hecho yo en su momento: se est\u00e1 aferrando a ese banco\u201d y defendi\u00f3 a su colega de las cr\u00edticas: <strong>\u201cDesde lejos veo que se lo critica bastante, viene ganando pero no se entiende\u201d, <\/strong>respondi\u00f3 en una entrevista con TNT Sports.<\/p>\n<\/div>\n<div class=\"custom-text \" readability=\"38\">\n<p>El actual entrenador del AEK de Atenas vivi\u00f3 en carne propia los cuestionamientos cuando estuvo en el banco millonario (2011-2013) y asegur\u00f3 que \u201cno es f\u00e1cil cuando vos gan\u00e1s y no se termina de aceptar tu trabajo\u201d, apuntando adem\u00e1s contra los detractores de Micho: \u201cTodos sabemos los manejos: ustedes, yo. Sabemos varios manejos en el f\u00fatbol como son: <strong>cuando est\u00e1s ganando y vienen tantas cr\u00edticas, a veces se sabe de d\u00f3nde vienen<\/strong>\u201d.<\/p>\n<\/div>\n<div class=\"sc-e7b891c4-0 jPbnQF\"><img alt=\"El DT apunt\u00f3 contra dos ex Boca por su manejo de las cr\u00edticas.\" src=\"http:\/\/hoycordobaweb.com\/wp-content\/uploads\/2024\/03\/almeyda-a-demichelis-no-se-le-da-el-valor-que-merece-2.jpg\" width=\"720\" height=\"100\" decoding=\"async\" data-nimg=\"future\" loading=\"lazy\"><span class=\"epigraphe\">El DT apunt\u00f3 contra dos ex Boca por su manejo de las cr\u00edticas.<\/span><\/div>\n<div class=\"custom-text \" readability=\"35.888888888889\">\n<p>El entrenador le dijo a Demichelis que las malas opiniones no son su responsabilidad y le recomend\u00f3: \u201cTiene que seguir como est\u00e1, enfocado en eso, no caer\u201d. Adem\u00e1s, se\u00f1al\u00f3 como malos ejemplos a dos ex t\u00e9cnicos xeneizes: <strong>\u201cLe ha pasado a <a href=\"https:\/\/www.ole.com.ar\/tema\/guilermo-barros-schelotto.html\" title=\"Guilermo Barros Schelotto\" alt=\"Guilermo Barros Schelotto\" class=\"slug\">Barros Schelotto<\/a> en un momento, le pas\u00f3 a <a href=\"https:\/\/www.ole.com.ar\/tema\/rodolfo-arruabarrena.html\" title=\"Rodolfo Arruabarrena\" alt=\"Rodolfo Arruabarrena\" class=\"slug\">Arruabarrena<\/a> en otro: no caer porque sino termina afuera\u201d<\/strong>.<\/p>\n<\/div>\n<div class=\"custom-text \" readability=\"36.987096774194\">\n<p>Sobre el inevitable recuerdo de <a href=\"https:\/\/www.ole.com.ar\/tema\/marcelo-gallardo.html\" title=\"Marcelo Gallardo\" alt=\"Marcelo Gallardo\" class=\"slug\">Marcelo Gallardo<\/a>, Almeyda record\u00f3 que Micho eligi\u00f3 dirigir a River \u201cdespu\u00e9s de una historia que el club ha hecho con el entrenador que hab\u00eda pasado, que hab\u00eda ganado todo. Entonces <strong>no es f\u00e1cil lo que \u00e9l fue a hacer, no se le da el valor que merece<\/strong>, yo s\u00ed se lo doy\u201d.<\/p>\n<\/div>\n<div class=\"sc-e7b891c4-0 jPbnQF\"><img alt=\"Demichelis sigue en la lupa de los hinchas pese a los buenos resultados (FOTOBAIRES).\" src=\"http:\/\/hoycordobaweb.com\/wp-content\/uploads\/2024\/03\/almeyda-a-demichelis-no-se-le-da-el-valor-que-merece-3.jpg\" width=\"720\" height=\"100\" decoding=\"async\" data-nimg=\"future\" loading=\"lazy\"><span class=\"epigraphe\">Demichelis sigue en la lupa de los hinchas pese a los buenos resultados (FOTOBAIRES).<\/span><\/div>\n<div class=\"custom-text \" readability=\"33.75\">\n<p>A pesar de esto, Almeyda se\u00f1al\u00f3 que las comparaciones no sirven y que en Argentina bien lo sabemos con \u201cla experiencia \u2018<a href=\"https:\/\/www.ole.com.ar\/tema\/diego-maradona.html\" title=\"Diego Maradona\" alt=\"Diego Maradona\" class=\"slug\">Maradona<\/a>&#8211;<a href=\"https:\/\/www.ole.com.ar\/tema\/lionel-messi.html\" title=\"Lionel Messi\" alt=\"Lionel Messi\" class=\"slug\">Messi<\/a>\u2019\u201d. El ex volante sentenci\u00f3:<strong> \u201cRiver gan\u00f3 con <a href=\"https:\/\/www.ole.com.ar\/tema\/leonardo-astrada.html\" title=\"Leonardo Astrada\" alt=\"Leonardo Astrada\" class=\"slug\">Astrada<\/a>, ha ganado con <a href=\"https:\/\/www.ole.com.ar\/tema\/ramon-diaz.html\" title=\"Ram\u00f3n D\u00edaz\" alt=\"Ram\u00f3n D\u00edaz\" class=\"slug\">Ram\u00f3n D\u00edaz<\/a>, gan\u00f3 con <a href=\"https:\/\/www.ole.com.ar\/tema\/daniel-passarella.html\" title=\"Daniel Passarella\" alt=\"Daniel Passarella\" class=\"slug\">Passarella<\/a>, gan\u00f3 con Marcelo [Gallardo] y ahora gana con Demichelis\u201d<\/strong>.<\/p>\n<\/div>\n<p><h2>El buen presente de River<\/h2>\n<\/p>\n<div class=\"custom-text \" readability=\"39\">\n<p>Llegada la fecha FIFA de marzo, River marcha puntero de la Zona A de la Copa de la Liga con 21 puntos, al igual que Argentinos Juniors y V\u00e9lez, aunque con mejor diferencia de gol y un agregado no menor: <strong>el Millonario es el \u00fanico equipo del campeonato que a\u00fan permanece invicto, no s\u00f3lo en la Copa LPF sino en lo que va del a\u00f1o<\/strong>.<\/p>\n<\/div>\n<div class=\"sc-e7b891c4-0 jPbnQF\"><img alt=\"River viene de salir campe\u00f3n y Almeyda banc\u00f3 a Micho :&quot;que River siga como est\u00e1&quot;.\" src=\"http:\/\/hoycordobaweb.com\/wp-content\/uploads\/2024\/03\/almeyda-a-demichelis-no-se-le-da-el-valor-que-merece-4.jpg\" width=\"720\" height=\"100\" decoding=\"async\" data-nimg=\"future\" loading=\"lazy\"><span class=\"epigraphe\">River viene de salir campe\u00f3n y Almeyda banc\u00f3 a Micho :\u00bbque River siga como est\u00e1\u00bb.<\/span><\/div>\n<div class=\"custom-text \" readability=\"34\">\n<p>En l\u00ednea con esto, Almeyda dej\u00f3 una chicana para el cl\u00e1sico rival: \u201cSomos de River y estamos contentos con los triunfos.<strong> Que los dem\u00e1s sigan como est\u00e1n y River que siga como est\u00e1<\/strong>\u201d.<\/p>\n<\/div>\n<div class=\"sc-a7166897-0 exHLBh\" readability=\"6\">\n<section readability=\"2\"><picture><img alt=\"Mat\u00edas Almeyda gan\u00f3 el premio al DT del a\u00f1o\" src=\"http:\/\/hoycordobaweb.com\/wp-content\/uploads\/2024\/03\/almeyda-a-demichelis-no-se-le-da-el-valor-que-merece-5.jpg\" width=\"290\" height=\"290\" decoding=\"async\" data-nimg=\"future\" loading=\"lazy\"><\/picture>\n<p><span>Mir\u00e1 tambi\u00e9n<\/span><\/p>\n<hr>\n<h3>Mat\u00edas Almeyda gan\u00f3 el premio al DT del a\u00f1o<\/h3>\n<\/p>\n<\/section>\n<\/div>\n<div class=\"sc-a7166897-0 exHLBh\" readability=\"6\">\n<section readability=\"2\"><picture><img alt=\"El consejo de Almeyda a Demichelis: &quot;Aferrate y no te muevas del banco de River&quot;\" src=\"http:\/\/hoycordobaweb.com\/wp-content\/uploads\/2024\/03\/almeyda-a-demichelis-no-se-le-da-el-valor-que-merece-6.jpg\" width=\"290\" height=\"290\" decoding=\"async\" data-nimg=\"future\" loading=\"lazy\"><\/picture>\n<p><span>Mir\u00e1 tambi\u00e9n<\/span><\/p>\n<hr>\n<h3>El consejo de Almeyda a Demichelis: \u00abAferrate y no te muevas del banco de River\u00bb<\/h3>\n<\/p>\n<\/section>\n<\/div>\n<div class=\"sc-a7166897-0 exHLBh\" readability=\"6.5\">\n<section readability=\"3\"><picture><img alt=\"Almeyda: &quot;No espero ning\u00fan llamado de River, quiero un palco en el Monumental&quot;\" src=\"http:\/\/hoycordobaweb.com\/wp-content\/uploads\/2024\/03\/almeyda-a-demichelis-no-se-le-da-el-valor-que-merece-7.jpg\" width=\"290\" height=\"290\" decoding=\"async\" data-nimg=\"future\" loading=\"lazy\"><\/picture>\n<p><span>Mir\u00e1 tambi\u00e9n<\/span><\/p>\n<hr>\n<h3>Almeyda: \u00abNo espero ning\u00fan llamado de River, quiero un palco en el Monumental\u00bb<\/h3>\n<\/p>\n<\/section>\n<\/div>\n<\/div>\n","protected":false},"excerpt":{"rendered":"<p>22\/03\/2024 15:57hs. Mat\u00edas Almeyda, ex futbolista y entrenador de River Plate, habl\u00f3 sobre Mart\u00edn Demichelis, actual DT del Millonario, y las cr\u00edticas que recibe a pesar de estar pasando un buen momento desde los resultados, que lo tienen como campe\u00f3n de la Supercopa Argentina y puntero de su zona en la Copa de la Liga. [&hellip;]<\/p>\n","protected":false},"author":1,"featured_media":74943,"comment_status":"open","ping_status":"closed","sticky":false,"template":"","format":"standard","meta":[],"categories":[16],"tags":[],"_links":{"self":[{"href":"http:\/\/hoycordobaweb.com\/index.php\/wp-json\/wp\/v2\/posts\/74942"}],"collection":[{"href":"http:\/\/hoycordobaweb.com\/index.php\/wp-json\/wp\/v2\/posts"}],"about":[{"href":"http:\/\/hoycordobaweb.com\/index.php\/wp-json\/wp\/v2\/types\/post"}],"author":[{"embeddable":true,"href":"http:\/\/hoycordobaweb.com\/index.php\/wp-json\/wp\/v2\/users\/1"}],"replies":[{"embeddable":true,"href":"http:\/\/hoycordobaweb.com\/index.php\/wp-json\/wp\/v2\/comments?post=74942"}],"version-history":[{"count":0,"href":"http:\/\/hoycordobaweb.com\/index.php\/wp-json\/wp\/v2\/posts\/74942\/revisions"}],"wp:featuredmedia":[{"embeddable":true,"href":"http:\/\/hoycordobaweb.com\/index.php\/wp-json\/wp\/v2\/media\/74943"}],"wp:attachment":[{"href":"http:\/\/hoycordobaweb.com\/index.php\/wp-json\/wp\/v2\/media?parent=74942"}],"wp:term":[{"taxonomy":"category","embeddable":true,"href":"http:\/\/hoycordobaweb.com\/index.php\/wp-json\/wp\/v2\/categories?post=74942"},{"taxonomy":"post_tag","embeddable":true,"href":"http:\/\/hoycordobaweb.com\/index.php\/wp-json\/wp\/v2\/tags?post=74942"}],"curies":[{"name":"wp","href":"https:\/\/api.w.org\/{rel}","templated":true}]}}