{"id":74901,"date":"2024-03-21T18:00:10","date_gmt":"2024-03-21T18:00:10","guid":{"rendered":"https:\/\/www.ole.com.ar\/futbol-internacional\/hincha-campo-juego-cesped-cancha-tribuna-brasil-avai-brusque-avai-batalla-campal-trompada-pinas_0_Ug7BtFvtoY.html"},"modified":"2024-03-21T18:00:10","modified_gmt":"2024-03-21T18:00:10","slug":"video-hinchas-brasilenos-se-fueron-a-las-pinas-sobre-el-campo-de-juego-y-recibieron-disparos-de-la-policia","status":"publish","type":"post","link":"http:\/\/hoycordobaweb.com\/index.php\/2024\/03\/21\/video-hinchas-brasilenos-se-fueron-a-las-pinas-sobre-el-campo-de-juego-y-recibieron-disparos-de-la-policia\/","title":{"rendered":"Video: hinchas brasile\u00f1os se fueron a las pi\u00f1as sobre el campo de juego y recibieron disparos de la polic\u00eda"},"content":{"rendered":"<p><img src=\"http:\/\/hoycordobaweb.com\/wp-content\/uploads\/2024\/03\/video-hinchas-brasilenos-se-fueron-a-las-pinas-sobre-el-campo-de-juego-y-recibieron-disparos-de-la-policia.jpg\"><\/p>\n<p><time class=\"createDate\" datetime=\"2024-03-21T15:00:10-03:00\">21\/03\/2024 15:00hs.<\/time><\/p>\n<div id=\"storyBody\">\n<div class=\"custom-text \" readability=\"31.75\">\n<p>Lo vivido en la primera semifinal del <strong><a href=\"https:\/\/www.ole.com.ar\/tema\/brasil.html\" title=\"Brasil\" alt=\"Brasil\" class=\"slug\">Campeonato Catarinense<\/a><\/strong> <strong>entre <a href=\"https:\/\/www.ole.com.ar\/tema\/brusque.html\" title=\"Brusque\" alt=\"Brusque\" class=\"slug\">Brusque<\/a> y <\/strong><a href=\"https:\/\/www.ole.com.ar\/tema\/avai.html\" title=\"Ava\u00ed\" alt=\"Ava\u00ed\" class=\"slug\">Ava\u00ed<\/a> ha sido lamentable. Tanto hinchas como polic\u00edas violentos transformaron un llamativo encuentro en una <strong>batalla campal dentro del Arena Joinville, que tuvo pi\u00f1as, disparos y una persona herida de gravedad.<\/strong><\/p>\n<\/div>\n<div class=\"custom-text \" readability=\"39\">\n<p>Todo ocurri\u00f3 unos segundos despu\u00e9s del final del primer tiempo, cuando todos los jugadores se encontraban dentro de los vestuarios, preparando la estrategia para el complemento. Justo en ese momento, <strong>varios fan\u00e1ticos de ambas parcialidades saltaron las vallas de las tribunas, aterrizaron en el c\u00e9sped y protagonizaron una brutal pelea. <\/strong><\/p>\n<\/div>\n<div class=\"custom-text \" readability=\"40\">\n<p>Al ver semejantes disturbios, los polic\u00edas presentes decidieron dispersar el foco de conflicto con <strong>balazos de goma y, tambi\u00e9n, golpes con la porra que desembocaron en un hecho terrible: un aficionado fue agredido por un oficial militar y cay\u00f3 inconsciente al suelo<\/strong>. Gracias a la r\u00e1pida labor de los m\u00e9dicos, no hubo consecuencias fatales y el hombre fue trasladado a una cl\u00ednica cercana, donde se encuentra internado. <\/p>\n<\/div>\n<div class=\"sc-e7b891c4-0 jPbnQF\"><img alt=\"Brusque venci\u00f3 al Ava\u00ed. (@Brusqueoficial)\" src=\"http:\/\/hoycordobaweb.com\/wp-content\/uploads\/2024\/03\/video-hinchas-brasilenos-se-fueron-a-las-pinas-sobre-el-campo-de-juego-y-recibieron-disparos-de-la-policia-2.jpg\" width=\"720\" height=\"100\" decoding=\"async\" data-nimg=\"future\" loading=\"lazy\"><span class=\"epigraphe\">Brusque venci\u00f3 al Ava\u00ed. (@Brusqueoficial)<\/span><\/div>\n<div class=\"custom-text \" readability=\"38\">\n<p>Y el show continu\u00f3. Con goles de Guilherme Queir\u00f3z y Olavio, <strong>el Bruscao se impuso frente al Le\u00f3n de la Isla y, ahora, tendr\u00e1 que defender su ventaja en el partido de vuelta<\/strong>, que se disputar\u00e1 el pr\u00f3ximo s\u00e1bado 23 de marzo en el Estadio da Ressacada. <\/p>\n<\/div>\n<p><h2><strong>Video: la batalla campal en el Brusque &#8211; Ava\u00ed<\/strong><\/h2>\n<\/p>\n<div type=\"embed\" class=\"sc-7ce6049-0 dwIKul\">\n<div class=\"sc-7ce6049-1 bdcBBS videoText\" id=\"contentTitleembedX2to7d4i\" type=\"embed\"><svg fill=\"#ffffff\"><symbol id=\"play\" viewBox=\"0 0 512 512\"><path d=\"M512 256C512 397.4 397.4 512 256 512C114.6 512 0 397.4 0 256C0 114.6 114.6 0 256 0C397.4 0 512 114.6 512 256zM176 168V344C176 352.7 180.7 360.7 188.3 364.9C195.8 369.2 205.1 369 212.5 364.5L356.5 276.5C363.6 272.1 368 264.4 368 256C368 247.6 363.6 239.9 356.5 235.5L212.5 147.5C205.1 142.1 195.8 142.8 188.3 147.1C180.7 151.3 176 159.3 176 168V168z\" \/><\/symbol><use xlink:href=\"#play\" \/><\/svg><\/p>\n<div class=\"right\">\n<p>Brasil<!-- --> &#8211;<!-- --> <span>21-3-2024<\/span><\/p>\n<h2 class=\"title-vid\">La batalla campal en el entretiempo del Brusque &#8211; Ava\u00ed<\/h2>\n<\/div>\n<\/div>\n<p><span class=\"back\" id=\"spanBackembedX2to7d4i\"><\/span><\/div>\n<div class=\"sc-a7166897-0 exHLBh\" readability=\"7\">\n<section readability=\"4\"><picture><img alt=\"Scaloni: Valentini, Barco, Garnacho y la importancia de los mayores\" src=\"http:\/\/hoycordobaweb.com\/wp-content\/uploads\/2024\/03\/video-hinchas-brasilenos-se-fueron-a-las-pinas-sobre-el-campo-de-juego-y-recibieron-disparos-de-la-policia-3.jpg\" width=\"290\" height=\"290\" decoding=\"async\" data-nimg=\"future\" loading=\"lazy\"><\/picture>\n<p><span>Mir\u00e1 tambi\u00e9n<\/span><\/p>\n<hr>\n<h3>Scaloni: Valentini, Barco, Garnacho y la importancia de los mayores<\/h3>\n<\/p>\n<\/section>\n<\/div>\n<div class=\"sc-a7166897-0 exHLBh\" readability=\"6\">\n<section readability=\"2\"><picture><img alt=\"Furor por Messi en el Masters de Miami: tenistas lucieron la camiseta del argentino\" src=\"http:\/\/hoycordobaweb.com\/wp-content\/uploads\/2024\/03\/video-hinchas-brasilenos-se-fueron-a-las-pinas-sobre-el-campo-de-juego-y-recibieron-disparos-de-la-policia-4.jpg\" width=\"290\" height=\"290\" decoding=\"async\" data-nimg=\"future\" loading=\"lazy\"><\/picture>\n<p><span>Mir\u00e1 tambi\u00e9n<\/span><\/p>\n<hr>\n<h3>Furor por Messi en el Masters de Miami: tenistas lucieron la camiseta del argentino<\/h3>\n<\/p>\n<\/section>\n<\/div>\n<div class=\"sc-a7166897-0 exHLBh\" readability=\"6\">\n<section readability=\"2\"><picture><img alt=\"Lionel Scaloni: &quot;Yo nunca dije que no iba a seguir en la Selecci\u00f3n&quot;\" src=\"http:\/\/hoycordobaweb.com\/wp-content\/uploads\/2024\/03\/video-hinchas-brasilenos-se-fueron-a-las-pinas-sobre-el-campo-de-juego-y-recibieron-disparos-de-la-policia-5.jpg\" width=\"290\" height=\"290\" decoding=\"async\" data-nimg=\"future\" loading=\"lazy\"><\/picture>\n<p><span>Mir\u00e1 tambi\u00e9n<\/span><\/p>\n<hr>\n<h3>Lionel Scaloni: \u00abYo nunca dije que no iba a seguir en la Selecci\u00f3n\u00bb<\/h3>\n<\/p>\n<\/section>\n<\/div>\n<\/div>\n","protected":false},"excerpt":{"rendered":"<p>21\/03\/2024 15:00hs. Lo vivido en la primera semifinal del Campeonato Catarinense entre Brusque y Ava\u00ed ha sido lamentable. Tanto hinchas como polic\u00edas violentos transformaron un llamativo encuentro en una batalla campal dentro del Arena Joinville, que tuvo pi\u00f1as, disparos y una persona herida de gravedad. Todo ocurri\u00f3 unos segundos despu\u00e9s del final del primer tiempo, [&hellip;]<\/p>\n","protected":false},"author":1,"featured_media":74902,"comment_status":"open","ping_status":"closed","sticky":false,"template":"","format":"standard","meta":[],"categories":[16],"tags":[],"_links":{"self":[{"href":"http:\/\/hoycordobaweb.com\/index.php\/wp-json\/wp\/v2\/posts\/74901"}],"collection":[{"href":"http:\/\/hoycordobaweb.com\/index.php\/wp-json\/wp\/v2\/posts"}],"about":[{"href":"http:\/\/hoycordobaweb.com\/index.php\/wp-json\/wp\/v2\/types\/post"}],"author":[{"embeddable":true,"href":"http:\/\/hoycordobaweb.com\/index.php\/wp-json\/wp\/v2\/users\/1"}],"replies":[{"embeddable":true,"href":"http:\/\/hoycordobaweb.com\/index.php\/wp-json\/wp\/v2\/comments?post=74901"}],"version-history":[{"count":0,"href":"http:\/\/hoycordobaweb.com\/index.php\/wp-json\/wp\/v2\/posts\/74901\/revisions"}],"wp:featuredmedia":[{"embeddable":true,"href":"http:\/\/hoycordobaweb.com\/index.php\/wp-json\/wp\/v2\/media\/74902"}],"wp:attachment":[{"href":"http:\/\/hoycordobaweb.com\/index.php\/wp-json\/wp\/v2\/media?parent=74901"}],"wp:term":[{"taxonomy":"category","embeddable":true,"href":"http:\/\/hoycordobaweb.com\/index.php\/wp-json\/wp\/v2\/categories?post=74901"},{"taxonomy":"post_tag","embeddable":true,"href":"http:\/\/hoycordobaweb.com\/index.php\/wp-json\/wp\/v2\/tags?post=74901"}],"curies":[{"name":"wp","href":"https:\/\/api.w.org\/{rel}","templated":true}]}}