{"id":74820,"date":"2024-03-20T14:00:21","date_gmt":"2024-03-20T14:00:21","guid":{"rendered":"https:\/\/fono.fcm.unc.edu.ar\/?p=11862"},"modified":"2024-03-20T14:00:21","modified_gmt":"2024-03-20T14:00:21","slug":"asimilacion-al-nuevo-plan-de-estudios-se-extiende-hasta-el-21-de-marzo","status":"publish","type":"post","link":"http:\/\/hoycordobaweb.com\/index.php\/2024\/03\/20\/asimilacion-al-nuevo-plan-de-estudios-se-extiende-hasta-el-21-de-marzo\/","title":{"rendered":"Asimilaci\u00f3n al nuevo Plan de Estudios: se extiende hasta el 21 de marzo"},"content":{"rendered":"<p><img loading=\"lazy\" class=\"alignright wp-image-11837 size-fusion-400\" src=\"https:\/\/fono.fcm.unc.edu.ar\/wp-content\/uploads\/sites\/14\/2024\/03\/tramiteasimilacion-400x392.jpg\" alt width=\"400\" height=\"392\" srcset=\"https:\/\/fono.fcm.unc.edu.ar\/wp-content\/uploads\/sites\/14\/2024\/03\/tramiteasimilacion-66x66.jpg 66w, https:\/\/fono.fcm.unc.edu.ar\/wp-content\/uploads\/sites\/14\/2024\/03\/tramiteasimilacion-200x196.jpg 200w, https:\/\/fono.fcm.unc.edu.ar\/wp-content\/uploads\/sites\/14\/2024\/03\/tramiteasimilacion-300x294.jpg 300w, https:\/\/fono.fcm.unc.edu.ar\/wp-content\/uploads\/sites\/14\/2024\/03\/tramiteasimilacion-400x392.jpg 400w, https:\/\/fono.fcm.unc.edu.ar\/wp-content\/uploads\/sites\/14\/2024\/03\/tramiteasimilacion-600x588.jpg 600w, https:\/\/fono.fcm.unc.edu.ar\/wp-content\/uploads\/sites\/14\/2024\/03\/tramiteasimilacion-768x752.jpg 768w, https:\/\/fono.fcm.unc.edu.ar\/wp-content\/uploads\/sites\/14\/2024\/03\/tramiteasimilacion-800x784.jpg 800w, https:\/\/fono.fcm.unc.edu.ar\/wp-content\/uploads\/sites\/14\/2024\/03\/tramiteasimilacion-1024x1003.jpg 1024w, https:\/\/fono.fcm.unc.edu.ar\/wp-content\/uploads\/sites\/14\/2024\/03\/tramiteasimilacion.jpg 1080w\" sizes=\"(max-width: 400px) 100vw, 400px\"><\/p>\n<p>Los estudiantes del Plan 90 que deseen asimilarse al Plan 2021 podr\u00e1n presentarse en Despacho de Alumnos de la Escuela de Fonoaudiolog\u00eda con lo siguiente:<\/p>\n<ul>\n<li>Formulario de cambio de plan completado y firmado. Para descargar el formulario ingrese&nbsp;<a href=\"https:\/\/fono.fcm.unc.edu.ar\/wp-content\/uploads\/sites\/14\/2024\/03\/FORMULARIO-DE-CAMBIO-DE-PLAN.pdf\" target=\"_blank\" rel=\"noopener noreferrer\">AQU\u00cd<\/a><\/li>\n<li>DNI o libreta-credencial estudiantil<\/li>\n<li>Historia Acad\u00e9mica.<\/li>\n<li>Simulador de equivalencias y asimilaci\u00f3n realizado. Ingresa&nbsp;<a href=\"https:\/\/fono.fcm.unc.edu.ar\/simulador-de-equivalencias-y-asimilacion-del-plan-90-al-plan-2021\/\" target=\"_blank\" rel=\"noopener noreferrer\">AQU\u00cd<\/a><\/li>\n<\/ul>\n<p>D\u00edas de recepci\u00f3n del tr\u00e1mite:&nbsp; 19 y 20 de marzo. <em>Se extiende el plazo hasta el 21 de marzo.<\/em><\/p>\n<p>Horario: de 8 a 12 horas<\/p>\n<p>Estudiantes que no puedan asistir pueden enviar con otra persona el formulario firmado junto a una autorizaci\u00f3n para registrar el tr\u00e1mite.<\/p>\n","protected":false},"excerpt":{"rendered":"<p>Los estudiantes del Plan 90 que deseen asimilarse al Plan 2021 podr\u00e1n presentarse en Despacho de Alumnos de la Escuela de Fonoaudiolog\u00eda con lo siguiente: Formulario de cambio de plan completado y firmado. Para descargar el formulario ingrese&nbsp;AQU\u00cd DNI o libreta-credencial estudiantil Historia Acad\u00e9mica. Simulador de equivalencias y asimilaci\u00f3n realizado. Ingresa&nbsp;AQU\u00cd D\u00edas de recepci\u00f3n del [&hellip;]<\/p>\n","protected":false},"author":1,"featured_media":0,"comment_status":"closed","ping_status":"closed","sticky":false,"template":"","format":"standard","meta":[],"categories":[1],"tags":[],"_links":{"self":[{"href":"http:\/\/hoycordobaweb.com\/index.php\/wp-json\/wp\/v2\/posts\/74820"}],"collection":[{"href":"http:\/\/hoycordobaweb.com\/index.php\/wp-json\/wp\/v2\/posts"}],"about":[{"href":"http:\/\/hoycordobaweb.com\/index.php\/wp-json\/wp\/v2\/types\/post"}],"author":[{"embeddable":true,"href":"http:\/\/hoycordobaweb.com\/index.php\/wp-json\/wp\/v2\/users\/1"}],"replies":[{"embeddable":true,"href":"http:\/\/hoycordobaweb.com\/index.php\/wp-json\/wp\/v2\/comments?post=74820"}],"version-history":[{"count":0,"href":"http:\/\/hoycordobaweb.com\/index.php\/wp-json\/wp\/v2\/posts\/74820\/revisions"}],"wp:attachment":[{"href":"http:\/\/hoycordobaweb.com\/index.php\/wp-json\/wp\/v2\/media?parent=74820"}],"wp:term":[{"taxonomy":"category","embeddable":true,"href":"http:\/\/hoycordobaweb.com\/index.php\/wp-json\/wp\/v2\/categories?post=74820"},{"taxonomy":"post_tag","embeddable":true,"href":"http:\/\/hoycordobaweb.com\/index.php\/wp-json\/wp\/v2\/tags?post=74820"}],"curies":[{"name":"wp","href":"https:\/\/api.w.org\/{rel}","templated":true}]}}