{"id":74764,"date":"2024-03-18T15:55:24","date_gmt":"2024-03-18T15:55:24","guid":{"rendered":"https:\/\/www.ole.com.ar\/futbol-internacional\/espana\/gerard-pique-fuerte-critica-polemica-reflexion-futbol-actual-presente-tiktok-redes-kings-league-declaracion_0_jh3VMN3SWb.html"},"modified":"2024-03-18T15:55:24","modified_gmt":"2024-03-18T15:55:24","slug":"pique-y-una-polemica-reflexion-sobre-el-futbol-durante-90-minutos-ya-no-es-tan-emocionante","status":"publish","type":"post","link":"http:\/\/hoycordobaweb.com\/index.php\/2024\/03\/18\/pique-y-una-polemica-reflexion-sobre-el-futbol-durante-90-minutos-ya-no-es-tan-emocionante\/","title":{"rendered":"Piqu\u00e9 y una pol\u00e9mica reflexi\u00f3n sobre el f\u00fatbol: \u00abDurante 90 minutos ya no es tan emocionante\u00bb"},"content":{"rendered":"<p><img src=\"http:\/\/hoycordobaweb.com\/wp-content\/uploads\/2024\/03\/pique-y-una-polemica-reflexion-sobre-el-futbol-durante-90-minutos-ya-no-es-tan-emocionante.jpg\"><\/p>\n<p><time class=\"createDate\" datetime=\"2024-03-18T12:55:24-03:00\">18\/03\/2024 12:55hs.<\/time><\/p>\n<div id=\"storyBody\">\n<div class=\"custom-text \" readability=\"37.174157303371\">\n<p>Despu\u00e9s de anunciar su retiro profesional en noviembre del 2022 y tener una inolvidable despedida sobre el c\u00e9sped del Camp Nou, <strong><a href=\"https:\/\/www.ole.com.ar\/tema\/gerard-pique.html\" title=\"Gerard Piqu\u00e9\" alt=\"Gerard Piqu\u00e9\" class=\"slug\">Gerard Piqu\u00e9<\/a> se alej\u00f3 de las canchas para crear la <a href=\"https:\/\/www.ole.com.ar\/tema\/kings-league.html\" title=\"Kings League\" alt=\"Kings League\" class=\"slug\">Kings League<\/a><\/strong>, una competici\u00f3n repleta de creadores de contenido que tiene una din\u00e1mica completamente diferente al f\u00fatbol tradicional. <strong>No quiso dedicarse a ser entrenador ni mucho menos dirigente de alg\u00fan club. Opt\u00f3 por seguir sus gustos y, para sorpresa de muchos, entre ellos no se encuentra el deporte que practic\u00f3 a lo largo de toda su vida..<\/strong><\/p>\n<\/div>\n<div class=\"custom-text \" readability=\"45\">\n<p>\u00abUna de las razones por las que empezamos la Kings League es porque vi a mis hijos viendo un partido de f\u00fatbol y despu\u00e9s de diez minutos estaban en sus tel\u00e9fonos, sus tablets, viendo otra cosa. <strong>El f\u00fatbol compite con Netflix, Amazon, YouTube, TikTok. Cada uno tiene su l\u00edmite de tiempo. El f\u00fatbol durante 90 minutos ya no es tan emocionante.<\/strong> Los clubes pagar\u00e1n a los aficionados para que vayan al estadio, porque la experiencia en casa, en pijama, con galletas en el sof\u00e1, es incluso mejor que ir al estadio\u00bb, explic\u00f3 Piqu\u00e9 en di\u00e1logo con el peri\u00f3dico The Times.<\/p>\n<\/div>\n<div class=\"custom-text \" readability=\"43\">\n<p>A pesar de haberlo jugado -y de gran manera, al ex defensor catal\u00e1n le aburre ver un partido: \u00ab<strong>Puedo ver un Barcelona-N\u00e1poles, por ejemplo, alg\u00fan partido importante de la Champions \u00bfpero el vig\u00e9simo quinto partido de una liga? No lo veo. <\/strong>Algunos del Barcelona, cuando puedo, pero no veo 90 minutos, quiz\u00e1 30 o 40 minutos. Es una tendencia, est\u00e1 pasando, es imparable y vamos a tener que adaptarnos\u00bb. <\/p>\n<\/div>\n<div class=\"custom-text \" readability=\"39\">\n<p>\u00abTenemos que encontrar formas de marcar m\u00e1s goles o asegurarnos de que un partido no termine en empate. <strong>El f\u00fatbol tiene miedo al cambio. <\/strong>Tiene una enorme historia, es muy tradicional, pero el cambio llegar\u00e1, debe llegar. Un partido de 90 minutos que puede terminar 0-0 es muy dif\u00edcil de entender para la nueva generaci\u00f3n\u00bb, explic\u00f3. <\/p>\n<\/div>\n<div class=\"sc-e7b891c4-0 jPbnQF\"><img alt=\"Piqu\u00e9 y una pol\u00e9mica reflexi\u00f3n sobre el f\u00fatbol. (@3gerardpique).\" src=\"http:\/\/hoycordobaweb.com\/wp-content\/uploads\/2024\/03\/pique-y-una-polemica-reflexion-sobre-el-futbol-durante-90-minutos-ya-no-es-tan-emocionante-2.jpg\" width=\"720\" height=\"100\" decoding=\"async\" data-nimg=\"future\" loading=\"lazy\"><span class=\"epigraphe\">Piqu\u00e9 y una pol\u00e9mica reflexi\u00f3n sobre el f\u00fatbol. (@3gerardpique).<\/span><\/div>\n<div class=\"custom-text \" readability=\"39\">\n<p>\u00abLa gente elige lo que quiere ver y esos son s\u00f3lo los partidos importantes. No se puede detener la tecnolog\u00eda. <strong>El otro d\u00eda me puse unas gafas de realidad virtual. Estaba en pijama en casa, listo para irme a dormir, y vi un partido de la NBA desde la cancha.<\/strong> Cada a\u00f1o estos productos mejoran. Habr\u00e1 un momento en el que te pongas estas gafas y ser\u00e1 igual que estar en el estadio, excepto que podr\u00e1s decir: &#8216;\u00a1Ahora quiero sentarme al lado de Xavi! \u00a1Ahora quiero mirar desde detr\u00e1s del objetivo!'\u00bb, agreg\u00f3.<\/p>\n<\/div>\n<p><h2><strong><em>La opini\u00f3n de Piqu\u00e9 sobre el presente del Barcelona<\/em><\/strong><\/h2>\n<\/p>\n<div class=\"custom-text \" readability=\"39\">\n<p>Si bien piensa que Xavi \u00abse queda\u00bb, el catal\u00e1n de 37 a\u00f1os baraj\u00f3 las posibles alternativas para el puesto de entrenador del Barsa: \u00abPara dirigir al Barsa hay que ser un tipo espec\u00edfico de entrenador y entender la forma de jugar del Barsa, por lo que las opciones son muchas menos. <strong>Las m\u00e1s obvias son (Pep) Guardiola, porque tiene su pasado aqu\u00ed y \u00e9l es el mejor entrenador en este momento, y (Mikel) Arteta tambi\u00e9n ser\u00eda un buen entrenador. Entiende al Barcelona y jug\u00f3 para el Barsa en el pasado<\/strong>\u00ab.<\/p>\n<\/div>\n<div class=\"custom-text \" readability=\"35\">\n<p>Cuando le consultaron sobre un posible regreso de Pep, Piqu\u00e9 no dud\u00f3 en mostrar su ilusi\u00f3n al respecto: \u00abTendr\u00edas que pregunt\u00e1rselo. Todav\u00eda hablo con \u00e9l a veces. <strong>Estoy seguro de que a \u00e9l y a la gente del Barcelona les encantar\u00eda verlo de regreso<\/strong>\u00ab.<\/p>\n<\/div>\n<div class=\"sc-e7b891c4-0 jPbnQF\"><img alt=\"Piqu\u00e9 y una pol\u00e9mica reflexi\u00f3n sobre el f\u00fatbol. (Instagram Gerard Piqu\u00e9).\" src=\"http:\/\/hoycordobaweb.com\/wp-content\/uploads\/2024\/03\/pique-y-una-polemica-reflexion-sobre-el-futbol-durante-90-minutos-ya-no-es-tan-emocionante-3.jpg\" width=\"720\" height=\"100\" decoding=\"async\" data-nimg=\"future\" loading=\"lazy\"><span class=\"epigraphe\">Piqu\u00e9 y una pol\u00e9mica reflexi\u00f3n sobre el f\u00fatbol. (Instagram Gerard Piqu\u00e9).<\/span><\/div>\n<p><h2><strong><em>M\u00e1s declaraciones de P\u00edqu\u00e9<\/em><\/strong><\/h2>\n<\/p>\n<div class=\"custom-text \" readability=\"43\">\n<p><strong>La vida fuera del f\u00fatbol: <\/strong>\u00abYo ten\u00eda compa\u00f1eros que quer\u00edan tener un restaurante o jugar a la PlayStation, yo quer\u00eda tener una compa\u00f1\u00eda. No hay nada malo en ello, pero a la gente le importa de verdad el f\u00fatbol. F\u00fatbol y pol\u00edtica, esas son las cosas por las que la gente pelea en la vida, as\u00ed que tienen que sentir que la \u00fanica cosa que hay en la cabeza del futbolista es el f\u00fatbol, que est\u00e1n pensando 24\/7 en ganar y cuando no ganan dicen &#8216;Oh, Piqu\u00e9 est\u00e1 distra\u00eddo porque ha ido a un evento&#8217; es est\u00fapido, es irracional, pero es lo que piensa la gente\u00bb.<\/p>\n<\/div>\n<div class=\"custom-text \" readability=\"38\">\n<p><strong>Los silbidos en la selecci\u00f3n de Espa\u00f1a por ser catal\u00e1n:<\/strong> \u00abMe encantaba aquello, cuando iba con la Selecci\u00f3n y los fans me pitaban me encantaba. A la gente le gusta que los jugadores est\u00e9n en silencio y es una de esas cosas que hace da\u00f1o al f\u00fatbol. Lo que los clubes est\u00e1n haciendo es intentar proteger a los jugadores y que aparezcan menos, que hablen menos, y hay una generaci\u00f3n de jugadores que no dicen nada. No sabemos nada de ellos\u00bb.<\/p>\n<\/div>\n<div class=\"sc-e7b891c4-0 jPbnQF\"><img alt=\"Piqu\u00e9 y una pol\u00e9mica reflexi\u00f3n sobre el f\u00fatbol. (EFE\/Marta P\u00e9rez)\" src=\"http:\/\/hoycordobaweb.com\/wp-content\/uploads\/2024\/03\/pique-y-una-polemica-reflexion-sobre-el-futbol-durante-90-minutos-ya-no-es-tan-emocionante-4.jpg\" width=\"720\" height=\"100\" decoding=\"async\" data-nimg=\"future\" loading=\"lazy\"><span class=\"epigraphe\">Piqu\u00e9 y una pol\u00e9mica reflexi\u00f3n sobre el f\u00fatbol. (EFE\/Marta P\u00e9rez)<\/span><\/div>\n<div class=\"sc-a7166897-0 exHLBh\" readability=\"6.5\">\n<section readability=\"3\"><picture><img alt=\"Con un cambio, la nueva lista de Mascherano para la gira del Sub 23\" src=\"http:\/\/hoycordobaweb.com\/wp-content\/uploads\/2024\/03\/pique-y-una-polemica-reflexion-sobre-el-futbol-durante-90-minutos-ya-no-es-tan-emocionante-5.jpg\" width=\"290\" height=\"290\" decoding=\"async\" data-nimg=\"future\" loading=\"lazy\"><\/picture>\n<p><span>Mir\u00e1 tambi\u00e9n<\/span><\/p>\n<hr>\n<h3>Con un cambio, la nueva lista de Mascherano para la gira del Sub 23<\/h3>\n<\/p>\n<\/section>\n<\/div>\n<div class=\"sc-a7166897-0 exHLBh\" readability=\"6.5\">\n<section readability=\"3\"><picture><img alt=\"El Nottingham Forest de Montiel y Dom\u00ednguez puede descender de la Premier por una sanci\u00f3n\" src=\"http:\/\/hoycordobaweb.com\/wp-content\/uploads\/2024\/03\/pique-y-una-polemica-reflexion-sobre-el-futbol-durante-90-minutos-ya-no-es-tan-emocionante-6.jpg\" width=\"290\" height=\"290\" decoding=\"async\" data-nimg=\"future\" loading=\"lazy\"><\/picture>\n<p><span>Mir\u00e1 tambi\u00e9n<\/span><\/p>\n<hr>\n<h3>El Nottingham Forest de Montiel y Dom\u00ednguez puede descender de la Premier por una sanci\u00f3n<\/h3>\n<\/p>\n<\/section>\n<\/div>\n<div class=\"sc-a7166897-0 exHLBh\" readability=\"7\">\n<section readability=\"4\"><picture><img alt=\"Contundente decisi\u00f3n de la Federaci\u00f3n italiana con Acerbi, quien fue acusado de racismo\" src=\"http:\/\/hoycordobaweb.com\/wp-content\/uploads\/2024\/03\/pique-y-una-polemica-reflexion-sobre-el-futbol-durante-90-minutos-ya-no-es-tan-emocionante-7.jpg\" width=\"290\" height=\"290\" decoding=\"async\" data-nimg=\"future\" loading=\"lazy\"><\/picture>\n<p><span>Mir\u00e1 tambi\u00e9n<\/span><\/p>\n<hr>\n<h3>Contundente decisi\u00f3n de la Federaci\u00f3n italiana con Acerbi, quien fue acusado de racismo<\/h3>\n<\/p>\n<\/section>\n<\/div>\n<\/div>\n","protected":false},"excerpt":{"rendered":"<p>18\/03\/2024 12:55hs. Despu\u00e9s de anunciar su retiro profesional en noviembre del 2022 y tener una inolvidable despedida sobre el c\u00e9sped del Camp Nou, Gerard Piqu\u00e9 se alej\u00f3 de las canchas para crear la Kings League, una competici\u00f3n repleta de creadores de contenido que tiene una din\u00e1mica completamente diferente al f\u00fatbol tradicional. No quiso dedicarse a [&hellip;]<\/p>\n","protected":false},"author":1,"featured_media":74765,"comment_status":"open","ping_status":"closed","sticky":false,"template":"","format":"standard","meta":[],"categories":[16],"tags":[],"_links":{"self":[{"href":"http:\/\/hoycordobaweb.com\/index.php\/wp-json\/wp\/v2\/posts\/74764"}],"collection":[{"href":"http:\/\/hoycordobaweb.com\/index.php\/wp-json\/wp\/v2\/posts"}],"about":[{"href":"http:\/\/hoycordobaweb.com\/index.php\/wp-json\/wp\/v2\/types\/post"}],"author":[{"embeddable":true,"href":"http:\/\/hoycordobaweb.com\/index.php\/wp-json\/wp\/v2\/users\/1"}],"replies":[{"embeddable":true,"href":"http:\/\/hoycordobaweb.com\/index.php\/wp-json\/wp\/v2\/comments?post=74764"}],"version-history":[{"count":0,"href":"http:\/\/hoycordobaweb.com\/index.php\/wp-json\/wp\/v2\/posts\/74764\/revisions"}],"wp:featuredmedia":[{"embeddable":true,"href":"http:\/\/hoycordobaweb.com\/index.php\/wp-json\/wp\/v2\/media\/74765"}],"wp:attachment":[{"href":"http:\/\/hoycordobaweb.com\/index.php\/wp-json\/wp\/v2\/media?parent=74764"}],"wp:term":[{"taxonomy":"category","embeddable":true,"href":"http:\/\/hoycordobaweb.com\/index.php\/wp-json\/wp\/v2\/categories?post=74764"},{"taxonomy":"post_tag","embeddable":true,"href":"http:\/\/hoycordobaweb.com\/index.php\/wp-json\/wp\/v2\/tags?post=74764"}],"curies":[{"name":"wp","href":"https:\/\/api.w.org\/{rel}","templated":true}]}}