{"id":74752,"date":"2024-03-19T00:10:00","date_gmt":"2024-03-19T00:10:00","guid":{"rendered":"https:\/\/www.ole.com.ar\/futbol-internacional\/libertadores\/internacional-copa-libertadores-independiente-delvalle-datos-equipo-entrenador_0_2F9dxWk4qC.html"},"modified":"2024-03-19T00:10:00","modified_gmt":"2024-03-19T00:10:00","slug":"copa-libertadores-cuatro-datos-que-tenes-que-saber-de-independiente-del-valle","status":"publish","type":"post","link":"http:\/\/hoycordobaweb.com\/index.php\/2024\/03\/19\/copa-libertadores-cuatro-datos-que-tenes-que-saber-de-independiente-del-valle\/","title":{"rendered":"Copa Libertadores: cuatro datos que ten\u00e9s que saber de Independiente del Valle"},"content":{"rendered":"<p><img src=\"http:\/\/hoycordobaweb.com\/wp-content\/uploads\/2024\/03\/copa-libertadores-cuatro-datos-que-tenes-que-saber-de-independiente-del-valle.jpg\"><\/p>\n<p><time class=\"createDate\" datetime=\"2024-03-18T21:10:00-03:00\">18\/03\/2024 21:10hs.<\/time><\/p>\n<div id=\"storyBody\">\n<div class=\"custom-text \" readability=\"30.555555555556\">\n<p>Uno de los equipos que mejor viene compitiendo a nivel continental en los \u00faltimos a\u00f1os es<strong><a href=\"https:\/\/www.ole.com.ar\/tema\/independiente-del-valle.html\" title=\"Independiente del Valle\" alt=\"Independiente del Valle\" class=\"slug\"> Independiente del Valle<\/a><\/strong>. El conjunto ecuatoriano est\u00e1 buscando dar un golpe m\u00e1s sobre la mesa y en <strong>Ol\u00e9<\/strong> te mostramos este informe especial sobre un duro rival para cualquiera en la actual edici\u00f3n de la<strong><a href=\"https:\/\/www.ole.com.ar\/tema\/copa-libertadores.html\" title=\"Copa Libertadores\" alt=\"Copa Libertadores\" class=\"slug\"> Copa Libertadores<\/a><\/strong>.<\/p>\n<\/div>\n<p><h2><strong>El posible equipo<\/strong><\/h2>\n<\/p>\n<div class=\"custom-text \" readability=\"45\">\n<p><strong>El 11 de gala y la posible formaci\u00f3n para el debut en la Copa ser\u00eda<\/strong>: Guido Villar; Anthony Land\u00e1zuri, Luis Z\u00e1rate, Richard Schunke, Beder Caicedo; Cristian Zabala, Julio Ortiz, Junior Sornoza; Kendry P\u00e1ez, Renzo L\u00f3pez y Yaimar Medina. El DT es el argentino Javier Gandolfi. La salida de Cristian Anselmi como entrenador y de Lorenzo Faravelli (ambos se marcharon a Cruz Azul de M\u00e9xico) como pilares fuertes de los \u00faltimos a\u00f1os de buenos resultados del equipo, sembraron algunas dudas sobre una posible reestructuraci\u00f3n que pod\u00eda llegar a ser complicada. Finalmente, el 2024 vino con sensaciones m\u00e1s que positivas y, de cara a la competencia internacional, parece todo encaminado para estar a la altura de las circunstancias.<\/p>\n<\/div>\n<p><h2><strong>La figura<\/strong><\/h2>\n<\/p>\n<div class=\"custom-text \" readability=\"36.055319148936\">\n<p>Por estos tiempos hay unanimidad en que <strong><a href=\"https:\/\/www.ole.com.ar\/tema\/kendry-paez.html\" title=\"Kendry P\u00e1ez\" alt=\"Kendry P\u00e1ez\" class=\"slug\">Kendry P\u00e1ez <\/a><\/strong>no s\u00f3lo es la figura de Independiente del Valle sino una de las m\u00e1ximas promesas del f\u00fatbol ecuatoriano. <strong>Con apenas 16 a\u00f1os hace levantar a todos de la silla con su gambeta impredecible<\/strong>. El pibe tendr\u00e1 una oportunidad de oro con IDV en esta Copa Libertadores. Su pase ya pertenece al Chelsea, pero reci\u00e9n viajar\u00e1 a Londres en 2025, por lo que el sue\u00f1o de conquistar algo grande en Am\u00e9rica ya est\u00e1 en marcha.<\/p>\n<\/div>\n<div class=\"sc-e7b891c4-0 jPbnQF\"><img alt=\"Kendry P\u00e1ez es la figura del equipo. (@IDV_EC)\" src=\"http:\/\/hoycordobaweb.com\/wp-content\/uploads\/2024\/03\/copa-libertadores-cuatro-datos-que-tenes-que-saber-de-independiente-del-valle-2.jpg\" width=\"720\" height=\"100\" decoding=\"async\" data-nimg=\"future\" loading=\"lazy\"><span class=\"epigraphe\">Kendry P\u00e1ez es la figura del equipo. (@IDV_EC)<\/span><\/div>\n<p><h2><strong>El entrenador<\/strong><\/h2>\n<\/p>\n<div class=\"custom-text \" readability=\"34.512396694215\">\n<p><strong><a href=\"https:\/\/www.ole.com.ar\/tema\/javier-gandolfi.html\" title=\"Javier Gandolfi\" alt=\"Javier Gandolfi\" class=\"slug\">Javier Gandolfi<\/a><\/strong> hizo un excelente 2023 al frente de Talleres de C\u00f3rdoba. Termin\u00f3 siendo subcampe\u00f3n en la tabla anual y tras su salida de la T arm\u00f3 las valijas y se mud\u00f3 hacia Sangolqu\u00ed, donde empez\u00f3 a construir un nuevo proyecto que tiene como principales objetivos ser candidatos en la competencia dom\u00e9stica y volver a competir en el plano internacional.<\/p>\n<\/div>\n<div class=\"sc-e7b891c4-0 jPbnQF\"><img alt=\"Javier Gandolfi en Independiente del Valle.\" src=\"http:\/\/hoycordobaweb.com\/wp-content\/uploads\/2024\/03\/copa-libertadores-cuatro-datos-que-tenes-que-saber-de-independiente-del-valle-3.jpg\" width=\"720\" height=\"100\" decoding=\"async\" data-nimg=\"future\" loading=\"lazy\"><span class=\"epigraphe\">Javier Gandolfi en Independiente del Valle.<\/span><\/div>\n<p><h2><strong>C\u00f3mo se clasific\u00f3 a la Copa Libertadores<\/strong><\/h2>\n<\/p>\n<div class=\"custom-text \" readability=\"39\">\n<p>El equipo gan\u00f3 la Fase 1 de la LigaPro y obtuvo su pasaje directo a la fase de grupos. La expectativa, despu\u00e9s de ganar la Copa Sudamericana en los a\u00f1os 2019 y 2022, es dar un paso m\u00e1s en busca de la gloria y tratar de emular lo hecho en 2016, a\u00f1o en el que llegaron a la final. En aquella oportunidad, cayeron ante Atl\u00e9tico Nacional.<\/p>\n<\/div>\n<div class=\"sc-a7166897-0 exHLBh\" readability=\"6\">\n<section readability=\"2\"><picture><img alt=\"Independiente del Valle tiene un arranque perfecto de la mano de Javier Gandolfi\" src=\"http:\/\/hoycordobaweb.com\/wp-content\/uploads\/2024\/03\/copa-libertadores-cuatro-datos-que-tenes-que-saber-de-independiente-del-valle-4.jpg\" width=\"290\" height=\"290\" decoding=\"async\" data-nimg=\"future\" loading=\"lazy\"><\/picture>\n<p><span>Mir\u00e1 tambi\u00e9n<\/span><\/p>\n<hr>\n<h3>Independiente del Valle tiene un arranque perfecto de la mano de Javier Gandolfi<\/h3>\n<\/p>\n<\/section>\n<\/div>\n<div class=\"sc-a7166897-0 exHLBh\" readability=\"7.5\">\n<section readability=\"5\"><picture><img alt=\"Sorteo de la Copa Sudamericana 2024: equipos clasificados, bombos, a qu\u00e9 hora y c\u00f3mo ver\" src=\"http:\/\/hoycordobaweb.com\/wp-content\/uploads\/2024\/03\/copa-libertadores-cuatro-datos-que-tenes-que-saber-de-independiente-del-valle-5.jpg\" width=\"290\" height=\"290\" decoding=\"async\" data-nimg=\"future\" loading=\"lazy\"><\/picture>\n<p><span>Mir\u00e1 tambi\u00e9n<\/span><\/p>\n<hr>\n<h3>Sorteo de la Copa Sudamericana 2024: equipos clasificados, bombos, a qu\u00e9 hora y c\u00f3mo ver<\/h3>\n<\/p>\n<\/section>\n<\/div>\n<\/div>\n","protected":false},"excerpt":{"rendered":"<p>18\/03\/2024 21:10hs. Uno de los equipos que mejor viene compitiendo a nivel continental en los \u00faltimos a\u00f1os es Independiente del Valle. El conjunto ecuatoriano est\u00e1 buscando dar un golpe m\u00e1s sobre la mesa y en Ol\u00e9 te mostramos este informe especial sobre un duro rival para cualquiera en la actual edici\u00f3n de la Copa Libertadores. [&hellip;]<\/p>\n","protected":false},"author":1,"featured_media":74753,"comment_status":"open","ping_status":"closed","sticky":false,"template":"","format":"standard","meta":[],"categories":[16],"tags":[],"_links":{"self":[{"href":"http:\/\/hoycordobaweb.com\/index.php\/wp-json\/wp\/v2\/posts\/74752"}],"collection":[{"href":"http:\/\/hoycordobaweb.com\/index.php\/wp-json\/wp\/v2\/posts"}],"about":[{"href":"http:\/\/hoycordobaweb.com\/index.php\/wp-json\/wp\/v2\/types\/post"}],"author":[{"embeddable":true,"href":"http:\/\/hoycordobaweb.com\/index.php\/wp-json\/wp\/v2\/users\/1"}],"replies":[{"embeddable":true,"href":"http:\/\/hoycordobaweb.com\/index.php\/wp-json\/wp\/v2\/comments?post=74752"}],"version-history":[{"count":0,"href":"http:\/\/hoycordobaweb.com\/index.php\/wp-json\/wp\/v2\/posts\/74752\/revisions"}],"wp:featuredmedia":[{"embeddable":true,"href":"http:\/\/hoycordobaweb.com\/index.php\/wp-json\/wp\/v2\/media\/74753"}],"wp:attachment":[{"href":"http:\/\/hoycordobaweb.com\/index.php\/wp-json\/wp\/v2\/media?parent=74752"}],"wp:term":[{"taxonomy":"category","embeddable":true,"href":"http:\/\/hoycordobaweb.com\/index.php\/wp-json\/wp\/v2\/categories?post=74752"},{"taxonomy":"post_tag","embeddable":true,"href":"http:\/\/hoycordobaweb.com\/index.php\/wp-json\/wp\/v2\/tags?post=74752"}],"curies":[{"name":"wp","href":"https:\/\/api.w.org\/{rel}","templated":true}]}}