{"id":74732,"date":"2024-03-18T17:48:57","date_gmt":"2024-03-18T17:48:57","guid":{"rendered":"https:\/\/enfermeria.fcm.unc.edu.ar\/?p=4463"},"modified":"2024-03-18T17:48:57","modified_gmt":"2024-03-18T17:48:57","slug":"regimen-especial-de-cursada-ciclo-lectivo-2024","status":"publish","type":"post","link":"http:\/\/hoycordobaweb.com\/index.php\/2024\/03\/18\/regimen-especial-de-cursada-ciclo-lectivo-2024\/","title":{"rendered":"R\u00c9GIMEN ESPECIAL DE CURSADA CICLO LECTIVO 2024-"},"content":{"rendered":"<p>SAE informa<img class=\"an1\" src=\"https:\/\/fonts.gstatic.com\/s\/e\/notoemoji\/15.0\/26a0_fe0f\/32.png\" alt=\"\u26a0\ufe0f\" data-emoji=\"\u26a0\ufe0f\" aria-label=\"\u26a0\ufe0f\">&nbsp;<img class=\"an1\" src=\"https:\/\/fonts.gstatic.com\/s\/e\/notoemoji\/15.0\/1f4cd\/32.png\" alt=\"\ud83d\udccd\" data-emoji=\"\ud83d\udccd\" aria-label=\"\ud83d\udccd\">R\u00c9GIMEN ESPECIAL DE CURSADA CICLO LECTIVO 2024&nbsp;<img class=\"an1\" src=\"https:\/\/fonts.gstatic.com\/s\/e\/notoemoji\/15.0\/1f4cd\/32.png\" alt=\"\ud83d\udccd\" data-emoji=\"\ud83d\udccd\" aria-label=\"\ud83d\udccd\">&nbsp;2 A 5 A\u00d1O<img class=\"an1\" src=\"https:\/\/fonts.gstatic.com\/s\/e\/notoemoji\/15.0\/1f4cd\/32.png\" alt=\"\ud83d\udccd\" data-emoji=\"\ud83d\udccd\" aria-label=\"\ud83d\udccd\">&nbsp;PRESENTACI\u00d3N DE REQUISITOS SOLO MODALIDAD PRESENCIAL (C\u00e1tedra Bases Conceptuales- 1\u00b0 Piso- Escuela de Enfermer\u00eda)<\/p>\n<p><img class=\"an1\" src=\"https:\/\/fonts.gstatic.com\/s\/e\/notoemoji\/15.0\/1f4c6\/32.png\" alt=\"\ud83d\udcc6\" data-emoji=\"\ud83d\udcc6\" aria-label=\"\ud83d\udcc6\">&nbsp;Lunes 18, mi\u00e9rcoles 20, viernes 22 de marzo<br \/><img class=\"an1\" src=\"https:\/\/fonts.gstatic.com\/s\/e\/notoemoji\/15.0\/23f3\/32.png\" alt=\"\u23f3\" data-emoji=\"\u23f3\" aria-label=\"\u23f3\">&nbsp;HORARIO DE 9 a 12 hs<\/p>\n<p><img class=\"an1\" src=\"https:\/\/fonts.gstatic.com\/s\/e\/notoemoji\/15.0\/1f4c6\/32.png\" alt=\"\ud83d\udcc6\" data-emoji=\"\ud83d\udcc6\" aria-label=\"\ud83d\udcc6\">&nbsp;Jueves 21 de Marzo<br \/><img class=\"an1\" src=\"https:\/\/fonts.gstatic.com\/s\/e\/notoemoji\/15.0\/23f3\/32.png\" alt=\"\u23f3\" data-emoji=\"\u23f3\" aria-label=\"\u23f3\">&nbsp;HORARIO DE 9 a 15 hs<br \/><img class=\"an1\" src=\"https:\/\/fonts.gstatic.com\/s\/e\/notoemoji\/15.0\/2734_fe0f\/32.png\" alt=\"\u2734\ufe0f\" data-emoji=\"\u2734\ufe0f\" aria-label=\"\u2734\ufe0f\">&nbsp;DOCUMENTACI\u00d3N QUE ACREDITE SITUACI\u00d3N LABORAL FORMAL O INFORMAL:<br \/><img class=\"an1\" src=\"https:\/\/fonts.gstatic.com\/s\/e\/notoemoji\/15.0\/2714_fe0f\/32.png\" alt=\"\u2714\ufe0f\" data-emoji=\"\u2714\ufe0f\" aria-label=\"\u2714\ufe0f\">&nbsp;Certificado de alumno regular.<br \/><img class=\"an1\" src=\"https:\/\/fonts.gstatic.com\/s\/e\/notoemoji\/15.0\/2714_fe0f\/32.png\" alt=\"\u2714\ufe0f\" data-emoji=\"\u2714\ufe0f\" aria-label=\"\u2714\ufe0f\">&nbsp;Trabajo formal: certificado emitido por empresa, avalado por Min. de Trabajo de la Provincia, con carga horaria semanal.<br \/><img class=\"an1\" src=\"https:\/\/fonts.gstatic.com\/s\/e\/notoemoji\/15.0\/2714_fe0f\/32.png\" alt=\"\u2714\ufe0f\" data-emoji=\"\u2714\ufe0f\" aria-label=\"\u2714\ufe0f\">&nbsp;Trabajo informal: Declaraci\u00f3n Jurada emitida por Polic\u00eda de la Provincia, detallando carga horaria semanal.<br \/><img class=\"an1\" src=\"https:\/\/fonts.gstatic.com\/s\/e\/notoemoji\/15.0\/2714_fe0f\/32.png\" alt=\"\u2714\ufe0f\" data-emoji=\"\u2714\ufe0f\" aria-label=\"\u2714\ufe0f\">&nbsp;Foto carnet actual.<br \/><img class=\"an1\" src=\"https:\/\/fonts.gstatic.com\/s\/e\/notoemoji\/15.0\/2714_fe0f\/32.png\" alt=\"\u2714\ufe0f\" data-emoji=\"\u2714\ufe0f\" aria-label=\"\u2714\ufe0f\"> Nota de solicitud en SAE Enfermer\u00eda. <a href=\"https:\/\/enfermeria.fcm.unc.edu.ar\/wp-content\/uploads\/sites\/15\/2024\/03\/SOLICITUD-REGIMEN-ESPECIAL-CURSADO-2.doc\">SOLICITUD R\u00c9GIMEN ESPECIAL CURSADO (2)<\/a><\/p>\n<p><img class=\"an1\" src=\"https:\/\/fonts.gstatic.com\/s\/e\/notoemoji\/15.0\/2734_fe0f\/32.png\" alt=\"\u2734\ufe0f\" data-emoji=\"\u2734\ufe0f\" aria-label=\"\u2734\ufe0f\">&nbsp;DOCUMENTACI\u00d3N QUE ACREDITE PERSONAS A CARGO:<br \/><img class=\"an1\" src=\"https:\/\/fonts.gstatic.com\/s\/e\/notoemoji\/15.0\/2714_fe0f\/32.png\" alt=\"\u2714\ufe0f\" data-emoji=\"\u2714\ufe0f\" aria-label=\"\u2714\ufe0f\">&nbsp;Certificado de alumno regular.<br \/><img class=\"an1\" src=\"https:\/\/fonts.gstatic.com\/s\/e\/notoemoji\/15.0\/2714_fe0f\/32.png\" alt=\"\u2714\ufe0f\" data-emoji=\"\u2714\ufe0f\" aria-label=\"\u2714\ufe0f\">&nbsp;Fotocopia del DNI del solicitante y persona a cargo.<br \/><img class=\"an1\" src=\"https:\/\/fonts.gstatic.com\/s\/e\/notoemoji\/15.0\/2714_fe0f\/32.png\" alt=\"\u2714\ufe0f\" data-emoji=\"\u2714\ufe0f\" aria-label=\"\u2714\ufe0f\">&nbsp;Certificaci\u00f3n del grado de parentesco (Libreta de familia).<br \/><img class=\"an1\" src=\"https:\/\/fonts.gstatic.com\/s\/e\/notoemoji\/15.0\/2714_fe0f\/32.png\" alt=\"\u2714\ufe0f\" data-emoji=\"\u2714\ufe0f\" aria-label=\"\u2714\ufe0f\">&nbsp;Certificado de escolaridad.<br \/><img class=\"an1\" src=\"https:\/\/fonts.gstatic.com\/s\/e\/notoemoji\/15.0\/2714_fe0f\/32.png\" alt=\"\u2714\ufe0f\" data-emoji=\"\u2714\ufe0f\" aria-label=\"\u2714\ufe0f\">&nbsp;Foto carnet actual del estudiante.<br \/><img class=\"an1\" src=\"https:\/\/fonts.gstatic.com\/s\/e\/notoemoji\/15.0\/2714_fe0f\/32.png\" alt=\"\u2714\ufe0f\" data-emoji=\"\u2714\ufe0f\" aria-label=\"\u2714\ufe0f\">&nbsp;Nota de Solicitud en SAE Enfermer\u00eda .<\/p>\n<p><img class=\"an1\" src=\"https:\/\/fonts.gstatic.com\/s\/e\/notoemoji\/15.0\/2734_fe0f\/32.png\" alt=\"\u2734\ufe0f\" data-emoji=\"\u2734\ufe0f\" aria-label=\"\u2734\ufe0f\">&nbsp;DOCUMENTACI\u00d3N QUE ACREDITE SITUACI\u00d3N DE VIOLENCIA:<br \/><img class=\"an1\" src=\"https:\/\/fonts.gstatic.com\/s\/e\/notoemoji\/15.0\/2714_fe0f\/32.png\" alt=\"\u2714\ufe0f\" data-emoji=\"\u2714\ufe0f\" aria-label=\"\u2714\ufe0f\">&nbsp;Certificado de alumno regular.<br \/><img class=\"an1\" src=\"https:\/\/fonts.gstatic.com\/s\/e\/notoemoji\/15.0\/2714_fe0f\/32.png\" alt=\"\u2714\ufe0f\" data-emoji=\"\u2714\ufe0f\" aria-label=\"\u2714\ufe0f\">&nbsp;Entrevista con Comisi\u00f3n de G\u00e9neros y Prevenci\u00f3n de Violencias de la Escuela de Enfermer\u00eda.<br \/><img class=\"an1\" src=\"https:\/\/fonts.gstatic.com\/s\/e\/notoemoji\/15.0\/2714_fe0f\/32.png\" alt=\"\u2714\ufe0f\" data-emoji=\"\u2714\ufe0f\" aria-label=\"\u2714\ufe0f\">&nbsp;Foto carnet actual.<br \/><img class=\"an1\" src=\"https:\/\/fonts.gstatic.com\/s\/e\/notoemoji\/15.0\/2714_fe0f\/32.png\" alt=\"\u2714\ufe0f\" data-emoji=\"\u2714\ufe0f\" aria-label=\"\u2714\ufe0f\">&nbsp;Nota de solicitud en SAE Enfermer\u00eda.<\/p>\n<p><img class=\"an1\" src=\"https:\/\/fonts.gstatic.com\/s\/e\/notoemoji\/15.0\/1f449\/32.png\" alt=\"\ud83d\udc49\" data-emoji=\"\ud83d\udc49\" aria-label=\"\ud83d\udc49\">S\u00d3LO SE RECIBIR\u00c1 DOCUMENTACI\u00d3N COMPLETA DE MANERA PRESENCIAL .&nbsp;<img class=\"an1\" src=\"https:\/\/fonts.gstatic.com\/s\/e\/notoemoji\/15.0\/1f517\/32.png\" alt=\"\ud83d\udd17\" data-emoji=\"\ud83d\udd17\" aria-label=\"\ud83d\udd17\">FORMULARIO DE SOLICITUD&nbsp;<a href=\"https:\/\/docs.google.com\/document\/d\/1S6DAcY7zdSKn-0_9LY2EyguByV_GqW0F\/edit?usp=sharing&amp;ouid=113467804912910439659&amp;rtpof=true&amp;sd=true\" target=\"_blank\" rel=\"noopener noreferrer\" data-saferedirecturl=\"https:\/\/www.google.com\/url?q=https:\/\/docs.google.com\/document\/d\/1S6DAcY7zdSKn-0_9LY2EyguByV_GqW0F\/edit?usp%3Dsharing%26ouid%3D113467804912910439659%26rtpof%3Dtrue%26sd%3Dtrue&amp;source=gmail&amp;ust=1710849277226000&amp;usg=AOvVaw20lWe-sBg214jojaRYs1Q2\">https:\/\/docs.google.com\/document\/d\/1S6DAcY7zdSKn-0_9LY2EyguByV_GqW0F\/edit?usp=sharing&amp;ouid=113467804912910439659&amp;rtpof=true&amp;sd=true<\/a><span><br \/><\/span><\/p>\n<p><span><span class=\"gmail_signature_prefix\">\u2014<\/span><br \/><\/span><\/p>\n<div class=\"gmail_signature\" dir=\"ltr\" data-smartmail=\"gmail_signature\" readability=\"6\">\n<div dir=\"ltr\" readability=\"7\">\n<p><span>Esp. Gisela Villegas<\/span><\/p>\n<p><span>Secretaria de Asuntos Estudiantiles<\/span><\/p>\n<p><span>Escuela de Enfermer\u00eda <\/span><\/p>\n<p><span>FCM-UNC<\/span><\/p>\n<\/div>\n<\/div>\n","protected":false},"excerpt":{"rendered":"<p>SAE informa&nbsp;R\u00c9GIMEN ESPECIAL DE CURSADA CICLO LECTIVO 2024&nbsp;&nbsp;2 A 5 A\u00d1O&nbsp;PRESENTACI\u00d3N DE REQUISITOS SOLO MODALIDAD PRESENCIAL (C\u00e1tedra Bases Conceptuales- 1\u00b0 Piso- Escuela de Enfermer\u00eda) &nbsp;Lunes 18, mi\u00e9rcoles 20, viernes 22 de marzo&nbsp;HORARIO DE 9 a 12 hs &nbsp;Jueves 21 de Marzo&nbsp;HORARIO DE 9 a 15 hs&nbsp;DOCUMENTACI\u00d3N QUE ACREDITE SITUACI\u00d3N LABORAL FORMAL O INFORMAL:&nbsp;Certificado de alumno [&hellip;]<\/p>\n","protected":false},"author":1,"featured_media":74733,"comment_status":"closed","ping_status":"closed","sticky":false,"template":"","format":"standard","meta":[],"categories":[17],"tags":[],"_links":{"self":[{"href":"http:\/\/hoycordobaweb.com\/index.php\/wp-json\/wp\/v2\/posts\/74732"}],"collection":[{"href":"http:\/\/hoycordobaweb.com\/index.php\/wp-json\/wp\/v2\/posts"}],"about":[{"href":"http:\/\/hoycordobaweb.com\/index.php\/wp-json\/wp\/v2\/types\/post"}],"author":[{"embeddable":true,"href":"http:\/\/hoycordobaweb.com\/index.php\/wp-json\/wp\/v2\/users\/1"}],"replies":[{"embeddable":true,"href":"http:\/\/hoycordobaweb.com\/index.php\/wp-json\/wp\/v2\/comments?post=74732"}],"version-history":[{"count":0,"href":"http:\/\/hoycordobaweb.com\/index.php\/wp-json\/wp\/v2\/posts\/74732\/revisions"}],"wp:featuredmedia":[{"embeddable":true,"href":"http:\/\/hoycordobaweb.com\/index.php\/wp-json\/wp\/v2\/media\/74733"}],"wp:attachment":[{"href":"http:\/\/hoycordobaweb.com\/index.php\/wp-json\/wp\/v2\/media?parent=74732"}],"wp:term":[{"taxonomy":"category","embeddable":true,"href":"http:\/\/hoycordobaweb.com\/index.php\/wp-json\/wp\/v2\/categories?post=74732"},{"taxonomy":"post_tag","embeddable":true,"href":"http:\/\/hoycordobaweb.com\/index.php\/wp-json\/wp\/v2\/tags?post=74732"}],"curies":[{"name":"wp","href":"https:\/\/api.w.org\/{rel}","templated":true}]}}