{"id":74697,"date":"2024-03-11T09:33:00","date_gmt":"2024-03-11T09:33:00","guid":{"rendered":"https:\/\/fm-comunicar.com.ar\/contenido\/21362\/aldana-almada-y-claudia-heredia-fueron-subcampeonas-en-la-final-de-mujeres-asado"},"modified":"2024-03-11T09:33:00","modified_gmt":"2024-03-11T09:33:00","slug":"aldana-almada-y-claudia-heredia-fueron-subcampeonas-en-la-final-de-mujeres-asadoras","status":"publish","type":"post","link":"http:\/\/hoycordobaweb.com\/index.php\/2024\/03\/11\/aldana-almada-y-claudia-heredia-fueron-subcampeonas-en-la-final-de-mujeres-asadoras\/","title":{"rendered":"Aldana Almada y Claudia Heredia fueron subcampeonas en la final de Mujeres Asadoras"},"content":{"rendered":"<p>Participaron 17 equipos de todo el pa\u00eds en Villa Parque S\u00edquiman. La caroyense fue con gastronom\u00eda y cultura caroyense.<img src=\"http:\/\/hoycordobaweb.com\/wp-content\/uploads\/2024\/03\/aldana-almada-y-claudia-heredia-fueron-subcampeonas-en-la-final-de-mujeres-asadoras.jpg\"><\/p>\n","protected":false},"excerpt":{"rendered":"<p>Participaron 17 equipos de todo el pa\u00eds en Villa Parque S\u00edquiman. La caroyense fue con gastronom\u00eda y cultura caroyense.<\/p>\n","protected":false},"author":1,"featured_media":74698,"comment_status":"closed","ping_status":"closed","sticky":false,"template":"","format":"standard","meta":[],"categories":[18],"tags":[],"_links":{"self":[{"href":"http:\/\/hoycordobaweb.com\/index.php\/wp-json\/wp\/v2\/posts\/74697"}],"collection":[{"href":"http:\/\/hoycordobaweb.com\/index.php\/wp-json\/wp\/v2\/posts"}],"about":[{"href":"http:\/\/hoycordobaweb.com\/index.php\/wp-json\/wp\/v2\/types\/post"}],"author":[{"embeddable":true,"href":"http:\/\/hoycordobaweb.com\/index.php\/wp-json\/wp\/v2\/users\/1"}],"replies":[{"embeddable":true,"href":"http:\/\/hoycordobaweb.com\/index.php\/wp-json\/wp\/v2\/comments?post=74697"}],"version-history":[{"count":0,"href":"http:\/\/hoycordobaweb.com\/index.php\/wp-json\/wp\/v2\/posts\/74697\/revisions"}],"wp:featuredmedia":[{"embeddable":true,"href":"http:\/\/hoycordobaweb.com\/index.php\/wp-json\/wp\/v2\/media\/74698"}],"wp:attachment":[{"href":"http:\/\/hoycordobaweb.com\/index.php\/wp-json\/wp\/v2\/media?parent=74697"}],"wp:term":[{"taxonomy":"category","embeddable":true,"href":"http:\/\/hoycordobaweb.com\/index.php\/wp-json\/wp\/v2\/categories?post=74697"},{"taxonomy":"post_tag","embeddable":true,"href":"http:\/\/hoycordobaweb.com\/index.php\/wp-json\/wp\/v2\/tags?post=74697"}],"curies":[{"name":"wp","href":"https:\/\/api.w.org\/{rel}","templated":true}]}}