{"id":74675,"date":"2024-03-16T15:46:04","date_gmt":"2024-03-16T15:46:04","guid":{"rendered":"https:\/\/www.ole.com.ar\/river-plate\/river-plate-claudio-pizarro-bundesliga-postulo-martin-demichelis-bayern-munich_0_ZDwrQlrRzD.html"},"modified":"2024-03-16T15:46:04","modified_gmt":"2024-03-16T15:46:04","slug":"el-historico-goleador-de-la-bundesliga-que-postulo-a-demichelis-como-futuro-dt-del-bayern-munich","status":"publish","type":"post","link":"http:\/\/hoycordobaweb.com\/index.php\/2024\/03\/16\/el-historico-goleador-de-la-bundesliga-que-postulo-a-demichelis-como-futuro-dt-del-bayern-munich\/","title":{"rendered":"El hist\u00f3rico goleador de la Bundesliga que postul\u00f3 a Demichelis como futuro DT del Bayern Munich"},"content":{"rendered":"<p><img src=\"http:\/\/hoycordobaweb.com\/wp-content\/uploads\/2024\/03\/el-historico-goleador-de-la-bundesliga-que-postulo-a-demichelis-como-futuro-dt-del-bayern-munich.jpg\"><\/p>\n<p><time class=\"createDate\" datetime=\"2024-03-16T12:46:04-03:00\">16\/03\/2024 12:46hs.<\/time><time class=\"modificatedDate\" datetime=\"2024-03-16T12:51:55-03:00\"> Actualizado al 16\/03\/2024 12:51hs.<\/time><\/p>\n<div id=\"storyBody\">\n<div class=\"custom-text \" readability=\"10.310626702997\">\n<p>El choque de este domingo ante Gimnasia no s\u00f3lo ser\u00e1 una buena excusa para festejar el t\u00edtulo de la Supercopa Argentina en el Monumental. Cuando la voz del estadio anuncie a <strong><a href=\"https:\/\/www.ole.com.ar\/tema\/martin-demichelis.html\" title=\"Martin Demichelis\" alt=\"Martin Demichelis\" class=\"slug\">Mart\u00edn Demichelis<\/a><\/strong>, los hinchas de <strong><a href=\"https:\/\/www.ole.com.ar\/tema\/river-plate.html\" title=\"River Plate\" alt=\"River Plate\" class=\"slug\">River<\/a><\/strong> dar\u00e1n un nuevo veredicto. \u00bfEl t\u00edtulo servir\u00e1 para que desaparezcan los tibios silbidos que se escucharon en N\u00fa\u00f1ez ante Independiente Rivadavia?<\/p>\n<\/div>\n<div class=\"custom-text \" readability=\"11.224615384615\">\n<p>Lo cierto es que mientras el DT a\u00fan no logra un apoyo generalizado y contin\u00faa siendo resistido a pesar de sus logros y n\u00fameros positivos, en Europa la situaci\u00f3n es completamente diferente y <strong><a href=\"https:\/\/www.ole.com.ar\/river-plate\/tremenda-banca-referente-real-madrid-demichelis-michel_0_IIMHTMJWfI.html\" target=\"_self\" title=\"sigue sumando elogios\" alt=\"sigue sumando elogios\" rel=\"noopener noreferrer\">sigue sumando elogios<\/a><\/strong>, esta vez de un hist\u00f3rico ex delantero de la Bundesliga y de enorme paso por la Bundesliga: <strong>Claudio Pizarro<\/strong>.<\/p>\n<\/div>\n<div class=\"custom-text \" readability=\"15\">\n<p><strong>Luego de dos exitosos ciclos (jug\u00f3 entre 2001 y 2007 y luego del 2012 al 2015), el delantero peruano gan\u00f3 19 t\u00edtulos y convirti\u00f3 125 goles en 327 partidos y 53 asistencias.<\/strong> Con semejantes n\u00fameros, es palabra autorizada para hablar sobre el club b\u00e1varo y a la hora de referirse a la salida de Thomas Tuchel del banco cuando finalice esta temporada, Pizarro mencion\u00f3 a Xabi Alonso, de gran momento con el Bayer Leverkusen, y a Demichelis.<\/p>\n<\/div>\n<div class=\"custom-text \" readability=\"16\">\n<p>\u00abXabi es el m\u00e1s cercano porque est\u00e1 en Alemania y lo est\u00e1 haciendo muy bien. <strong>Creo que el a\u00f1o que ha tenido es excepcional y que es el que tiene las posibilidades m\u00e1s grandes de llegar al club<\/strong>, pero hay otros equipos interesados. Entonces, se ver\u00e1. \u00c9l decidir\u00e1 a d\u00f3nde va a ir\u201d, arranc\u00f3 en una entrevista con el diario Depor. Sin embargo, m\u00e1s all\u00e1 del trabajo del espa\u00f1ol, <strong>Pizarro destac\u00f3 la ventaja que tiene Demichelis, con quien comparti\u00f3 plantel en Munich.<\/strong><\/p>\n<\/div>\n<div class=\"sc-e7b891c4-0 jPbnQF\"><img alt=\"Demichelis junto a Pizarro y Paolo Guerrero en el Bayern. \" src=\"http:\/\/hoycordobaweb.com\/wp-content\/uploads\/2024\/03\/el-historico-goleador-de-la-bundesliga-que-postulo-a-demichelis-como-futuro-dt-del-bayern-munich-2.jpg\" width=\"720\" height=\"100\" decoding=\"async\" data-nimg=\"future\" loading=\"lazy\"><span class=\"epigraphe\">Demichelis junto a Pizarro y Paolo Guerrero en el Bayern. <\/span><\/div>\n<div class=\"custom-text \" readability=\"18\">\n<p><strong>\u00abYo te dir\u00eda que Demichelis es m\u00e1s cercano al club, porque ha trabajado ac\u00e1, tienen mucho contacto con \u00e9l\u00bb<\/strong>, agreg\u00f3. De todas formas, ante la postura de MD de cumplir su contrato hasta 2025 en River y el hecho de que Giovane \u00c9lber, el actual jefe de scouting del Bayern M\u00fanich en Sudam\u00e9rica, haya dicho que <strong>\u00abme encanta Mart\u00edn como entrenador, pero al momento no creo en esta posibilidad\u00bb<\/strong>, Pizarro lo candidate\u00f3 a futuro.<\/p>\n<\/div>\n<div class=\"sc-e7b891c4-0 jPbnQF\"><img alt=\"Demichelis enfrenta a Pizarro en un Bayern Munich - Werder Bremen. AP.\" src=\"http:\/\/hoycordobaweb.com\/wp-content\/uploads\/2024\/03\/el-historico-goleador-de-la-bundesliga-que-postulo-a-demichelis-como-futuro-dt-del-bayern-munich-3.jpg\" width=\"720\" height=\"100\" decoding=\"async\" data-nimg=\"future\" loading=\"lazy\"><span class=\"epigraphe\">Demichelis enfrenta a Pizarro en un Bayern Munich &#8211; Werder Bremen. AP.<\/span><\/div>\n<div class=\"custom-text \" readability=\"13\">\n<p>\u201cCon los dos tengo contacto. No mucho, pero hablo con ellos de vez en cuando y nos mandamos mensajes. <strong>Yo creo que Micho en alg\u00fan momento va a ser entrenador del Bayern. De aqu\u00ed a diez a\u00f1os, cinco a\u00f1os, qui\u00e9n sabe. Pero yo creo que va a llegar a entrenar el Bayern Munich\u201d<\/strong>, sentenci\u00f3.<\/p>\n<\/div>\n<p><h2><strong>El emotivo video familiar de Demichelis tras la consagraci\u00f3n en la Supercopa Argentina<\/strong><\/h2>\n<\/p>\n<div type=\"embed\" class=\"sc-7ce6049-0 dwIKul\">\n<div class=\"sc-7ce6049-1 bdcBBS videoText\" id=\"contentTitleembedBGtGbQK9\" type=\"embed\" readability=\"6\"><svg fill=\"#ffffff\"><symbol id=\"play\" viewBox=\"0 0 512 512\"><path d=\"M512 256C512 397.4 397.4 512 256 512C114.6 512 0 397.4 0 256C0 114.6 114.6 0 256 0C397.4 0 512 114.6 512 256zM176 168V344C176 352.7 180.7 360.7 188.3 364.9C195.8 369.2 205.1 369 212.5 364.5L356.5 276.5C363.6 272.1 368 264.4 368 256C368 247.6 363.6 239.9 356.5 235.5L212.5 147.5C205.1 142.1 195.8 142.8 188.3 147.1C180.7 151.3 176 159.3 176 168V168z\" \/><\/symbol><use xlink:href=\"#play\" \/><\/svg><\/p>\n<div class=\"right\" readability=\"7\">\n<p>Evangelina Anderson<!-- --> &#8211;<!-- --> <span>16-3-2024<\/span><\/p>\n<h2 class=\"title-vid\">As\u00ed vivi\u00f3 la familia Demichelis la Supercopa Argentina<\/h2>\n<\/div>\n<\/div>\n<p><span class=\"back\" id=\"spanBackembedBGtGbQK9\"><\/span><\/div>\n<\/div>\n","protected":false},"excerpt":{"rendered":"<p>16\/03\/2024 12:46hs. Actualizado al 16\/03\/2024 12:51hs. El choque de este domingo ante Gimnasia no s\u00f3lo ser\u00e1 una buena excusa para festejar el t\u00edtulo de la Supercopa Argentina en el Monumental. Cuando la voz del estadio anuncie a Mart\u00edn Demichelis, los hinchas de River dar\u00e1n un nuevo veredicto. \u00bfEl t\u00edtulo servir\u00e1 para que desaparezcan los tibios [&hellip;]<\/p>\n","protected":false},"author":1,"featured_media":74676,"comment_status":"open","ping_status":"closed","sticky":false,"template":"","format":"standard","meta":[],"categories":[16],"tags":[],"_links":{"self":[{"href":"http:\/\/hoycordobaweb.com\/index.php\/wp-json\/wp\/v2\/posts\/74675"}],"collection":[{"href":"http:\/\/hoycordobaweb.com\/index.php\/wp-json\/wp\/v2\/posts"}],"about":[{"href":"http:\/\/hoycordobaweb.com\/index.php\/wp-json\/wp\/v2\/types\/post"}],"author":[{"embeddable":true,"href":"http:\/\/hoycordobaweb.com\/index.php\/wp-json\/wp\/v2\/users\/1"}],"replies":[{"embeddable":true,"href":"http:\/\/hoycordobaweb.com\/index.php\/wp-json\/wp\/v2\/comments?post=74675"}],"version-history":[{"count":0,"href":"http:\/\/hoycordobaweb.com\/index.php\/wp-json\/wp\/v2\/posts\/74675\/revisions"}],"wp:featuredmedia":[{"embeddable":true,"href":"http:\/\/hoycordobaweb.com\/index.php\/wp-json\/wp\/v2\/media\/74676"}],"wp:attachment":[{"href":"http:\/\/hoycordobaweb.com\/index.php\/wp-json\/wp\/v2\/media?parent=74675"}],"wp:term":[{"taxonomy":"category","embeddable":true,"href":"http:\/\/hoycordobaweb.com\/index.php\/wp-json\/wp\/v2\/categories?post=74675"},{"taxonomy":"post_tag","embeddable":true,"href":"http:\/\/hoycordobaweb.com\/index.php\/wp-json\/wp\/v2\/tags?post=74675"}],"curies":[{"name":"wp","href":"https:\/\/api.w.org\/{rel}","templated":true}]}}