{"id":74673,"date":"2024-03-16T16:32:13","date_gmt":"2024-03-16T16:32:13","guid":{"rendered":"https:\/\/www.ole.com.ar\/futbol-internacional\/impresionante-record-harry-kane-alcanzo-bundesliga-bayern-munich_0_UsM8S5qbqT.html"},"modified":"2024-03-16T16:32:13","modified_gmt":"2024-03-16T16:32:13","slug":"el-impresionante-record-que-harry-kane-alcanzo-en-la-bundesliga","status":"publish","type":"post","link":"http:\/\/hoycordobaweb.com\/index.php\/2024\/03\/16\/el-impresionante-record-que-harry-kane-alcanzo-en-la-bundesliga\/","title":{"rendered":"El impresionante r\u00e9cord que Harry Kane alcanz\u00f3 en la Bundesliga"},"content":{"rendered":"<p><img src=\"http:\/\/hoycordobaweb.com\/wp-content\/uploads\/2024\/03\/el-impresionante-record-que-harry-kane-alcanzo-en-la-bundesliga.jpg\"><\/p>\n<p><time class=\"createDate\" datetime=\"2024-03-16T13:32:13-03:00\">16\/03\/2024 13:32hs.<\/time><\/p>\n<div id=\"storyBody\">\n<div class=\"custom-text \" readability=\"41\">\n<p><strong>Con la llegada Bayern Munich, estaba claro que su caudal goleador de Harry Kane experimentar\u00eda una mejora exponencia<\/strong>l. El capit\u00e1n de la selecci\u00f3n de Inglaterra hab\u00eda acumulado 358 goles entre sus etapas en el Tottenham (280), Leyton Orient (5), Millwall (9), Leicester City (2) y la selecci\u00f3n nacional de Inglaterra (62). Sin embargo, lo que ha logrado en la actual temporada con los B\u00e1varos supera todas las expectativas, al punto de<strong> establecer un r\u00e9cord en la Bundesliga que se manten\u00eda desde la temporada 1963\/64.<\/strong><\/p>\n<\/div>\n<p><h2><strong><em>Harry Kane, m\u00e1ximo goleador en una temporada debutante de Bundesliga<\/em><\/strong><\/h2>\n<\/p>\n<div class=\"custom-text \" readability=\"39\">\n<p>Se ha hablado mucho sobre<strong> las posibilidades de Harry Kane de lograr la consagraci\u00f3n en Alemania.<\/strong> A pesar de ser un delantero legendario, nunca ha podido levantar un t\u00edtulo importante, habiendo obtenido el segundo puesto en la Premier League y perdido varias finales, incluida la de la Champions League en 2019. Sin embargo, <strong>se ha pasado por alto la cantidad de goles que Kane podr\u00eda marcar en este nuevo desaf\u00edo.<\/strong> Y no ha necesitado tiempo de adaptaci\u00f3n para comenzar a sumar goles a su cuenta personal.<\/p>\n<\/div>\n<div class=\"custom-text \" readability=\"43\">\n<p>Todav\u00eda quedan siete fechas para que termine la Bundesliga, pero <strong>Harry Kane ya se ha asegurado el t\u00edtulo de m\u00e1ximo goleador en su temporada debut<\/strong>.<strong> Con 31 goles, ha superado el r\u00e9cord establecido por el legendario Uwe Seeler<\/strong>, quien marc\u00f3 30 goles durante la temporada 1963\/64, jugando para el Hamburgo. Kane supera as\u00ed a otros grandes goleadores como Marek Mintal (24 goles en la temporada 2004\/05, con el N\u00faremberg), Luca Toni (24 goles en la temporada 2007\/08, con el Bayern Munich) y Roy Makaay (23 goles en la temporada 2003\/04, con el Bayern Munich).<\/p>\n<\/div>\n<div class=\"custom-text \" readability=\"38\">\n<p>Los impresionantes n\u00fameros de Harry Kane no se limitan \u00fanicamente a la Bundesliga. <strong>Con sus 37 goles en total (31 en la Bundesliga y 6 en la Champions League), se ha convertido en el m\u00e1ximo goleador de la temporada en el Viejo Continente<\/strong>. Kylian Mbapp\u00e9 le sigue de cerca, con 35 goles. M\u00e1s atr\u00e1s en la tabla de goleadores se encuentran Erling Haaland con 29 goles, Lautaro Mart\u00ednez con 26 y Serhou Guirassy con 23.<\/p>\n<\/div>\n<div class=\"custom-text \" readability=\"43\">\n<p><strong>En cuanto a los t\u00edtulos, el Bayern de Thomas Tuchel se encuentra m\u00e1s lejos que cerca<\/strong> de levantar alguno en la presente temporada. En la Bundesliga, el sorprendente Bayer Leverkusen de Xabi Alonso ha logrado sacarle una ventaja de siete puntos (con un partido menos). En la Copa de Alemania, el Bayern cay\u00f3 sobre la hora ante el Saarbr\u00fccken de la Tercera Divisi\u00f3n. Adem\u00e1s, en la Supercopa Alemana, sufri\u00f3 una contundente derrota por 3-0 frente al Leipzig. En este escenario,<strong> la \u00fanica oportunidad de consagraci\u00f3n para el Bayern parece residir en la Champions League,<\/strong> donde logr\u00f3 superar a la Lazio para avanzar a los cuartos de final. Sin embargo, en los 4tos. de final deber\u00e1 enfrentarse a un Arsenal que lidera la Premier League.<\/p>\n<\/div>\n<div class=\"sc-e7b891c4-0 jPbnQF\"><img alt=\"Kane, goleador de Europa en esta temporada. (AFP)\" src=\"http:\/\/hoycordobaweb.com\/wp-content\/uploads\/2024\/03\/el-impresionante-record-que-harry-kane-alcanzo-en-la-bundesliga-2.jpg\" width=\"720\" height=\"100\" decoding=\"async\" data-nimg=\"future\" loading=\"lazy\"><span class=\"epigraphe\">Kane, goleador de Europa en esta temporada. (AFP)<\/span><\/div>\n<p><h2><strong><em>El gol de Harry Kane vs. Bochum<\/em><\/strong><\/h2>\n<\/p>\n<div class=\"sc-a7166897-0 exHLBh\" readability=\"6.5\">\n<section readability=\"3\"><picture><img alt=\"La agenda del fin de semana: partidazos de la Copa de la Liga, Indian Wells y m\u00e1s\" src=\"http:\/\/hoycordobaweb.com\/wp-content\/uploads\/2024\/03\/el-impresionante-record-que-harry-kane-alcanzo-en-la-bundesliga-3.jpg\" width=\"290\" height=\"290\" decoding=\"async\" data-nimg=\"future\" loading=\"lazy\"><\/picture>\n<p><span>Mir\u00e1 tambi\u00e9n<\/span><\/p>\n<hr>\n<h3>La agenda del fin de semana: partidazos de la Copa de la Liga, Indian Wells y m\u00e1s<\/h3>\n<\/p>\n<\/section>\n<\/div>\n<div class=\"sc-a7166897-0 exHLBh\" readability=\"6.5\">\n<section readability=\"3\"><picture><img alt=\"Messi: lesi\u00f3n confirmada, no juega el s\u00e1bado y \u00bfqu\u00e9 pasar\u00e1 con la Selecci\u00f3n?\" src=\"http:\/\/hoycordobaweb.com\/wp-content\/uploads\/2024\/03\/el-impresionante-record-que-harry-kane-alcanzo-en-la-bundesliga-4.jpg\" width=\"290\" height=\"290\" decoding=\"async\" data-nimg=\"future\" loading=\"lazy\"><\/picture>\n<p><span>Mir\u00e1 tambi\u00e9n<\/span><\/p>\n<hr>\n<h3>Messi: lesi\u00f3n confirmada, no juega el s\u00e1bado y \u00bfqu\u00e9 pasar\u00e1 con la Selecci\u00f3n?<\/h3>\n<\/p>\n<\/section>\n<\/div>\n<div class=\"sc-a7166897-0 exHLBh\" readability=\"6.5\">\n<section readability=\"3\"><picture><img alt=\"Video: a Cristiano Ronaldo le tiraron un vaso e impact\u00f3 en la cabeza de un compa\u00f1ero\" src=\"http:\/\/hoycordobaweb.com\/wp-content\/uploads\/2024\/03\/el-impresionante-record-que-harry-kane-alcanzo-en-la-bundesliga-5.jpg\" width=\"290\" height=\"290\" decoding=\"async\" data-nimg=\"future\" loading=\"lazy\"><\/picture>\n<p><span>Mir\u00e1 tambi\u00e9n<\/span><\/p>\n<hr>\n<h3>Video: a Cristiano Ronaldo le tiraron un vaso e impact\u00f3 en la cabeza de un compa\u00f1ero<\/h3>\n<\/p>\n<\/section>\n<\/div>\n<\/div>\n","protected":false},"excerpt":{"rendered":"<p>16\/03\/2024 13:32hs. Con la llegada Bayern Munich, estaba claro que su caudal goleador de Harry Kane experimentar\u00eda una mejora exponencial. El capit\u00e1n de la selecci\u00f3n de Inglaterra hab\u00eda acumulado 358 goles entre sus etapas en el Tottenham (280), Leyton Orient (5), Millwall (9), Leicester City (2) y la selecci\u00f3n nacional de Inglaterra (62). Sin embargo, [&hellip;]<\/p>\n","protected":false},"author":1,"featured_media":74674,"comment_status":"open","ping_status":"closed","sticky":false,"template":"","format":"standard","meta":[],"categories":[16],"tags":[],"_links":{"self":[{"href":"http:\/\/hoycordobaweb.com\/index.php\/wp-json\/wp\/v2\/posts\/74673"}],"collection":[{"href":"http:\/\/hoycordobaweb.com\/index.php\/wp-json\/wp\/v2\/posts"}],"about":[{"href":"http:\/\/hoycordobaweb.com\/index.php\/wp-json\/wp\/v2\/types\/post"}],"author":[{"embeddable":true,"href":"http:\/\/hoycordobaweb.com\/index.php\/wp-json\/wp\/v2\/users\/1"}],"replies":[{"embeddable":true,"href":"http:\/\/hoycordobaweb.com\/index.php\/wp-json\/wp\/v2\/comments?post=74673"}],"version-history":[{"count":0,"href":"http:\/\/hoycordobaweb.com\/index.php\/wp-json\/wp\/v2\/posts\/74673\/revisions"}],"wp:featuredmedia":[{"embeddable":true,"href":"http:\/\/hoycordobaweb.com\/index.php\/wp-json\/wp\/v2\/media\/74674"}],"wp:attachment":[{"href":"http:\/\/hoycordobaweb.com\/index.php\/wp-json\/wp\/v2\/media?parent=74673"}],"wp:term":[{"taxonomy":"category","embeddable":true,"href":"http:\/\/hoycordobaweb.com\/index.php\/wp-json\/wp\/v2\/categories?post=74673"},{"taxonomy":"post_tag","embeddable":true,"href":"http:\/\/hoycordobaweb.com\/index.php\/wp-json\/wp\/v2\/tags?post=74673"}],"curies":[{"name":"wp","href":"https:\/\/api.w.org\/{rel}","templated":true}]}}