{"id":7464,"date":"2020-12-13T22:45:38","date_gmt":"2020-12-13T22:45:38","guid":{"rendered":"http:\/\/ladecimaweb.com\/?p=7609"},"modified":"2020-12-13T22:45:38","modified_gmt":"2020-12-13T22:45:38","slug":"las-mujeres-ladrilleras-deben-reconocerse-como-trabajadoras-dice-sindicalista","status":"publish","type":"post","link":"http:\/\/hoycordobaweb.com\/index.php\/2020\/12\/13\/las-mujeres-ladrilleras-deben-reconocerse-como-trabajadoras-dice-sindicalista\/","title":{"rendered":"\u201cLas mujeres ladrilleras deben reconocerse como trabajadoras\u201d, dice sindicalista"},"content":{"rendered":"<p><a href=\"https:\/\/www.telam.com.ar\/notas\/202012\/538325-las-mujeres-ladrilleras-deben-reconocerse-como-trabajadoras-dice-sindicalista.html\"><em>(Agencia T\u00e9lam)<\/em> <\/a><strong>Las mujeres que hacen ladrillos,<\/strong> un exigente trabajo que demanda trabajo f\u00edsico y que permanece &#8220;invisibilizado y masculinizado&#8221;,<strong> avanzan en su sindicalizaci\u00f3n en, hasta ahora, 17 provincias argentinas.<\/strong><\/p>\n<p>Desde la Secretar\u00eda de G\u00e9nero de la Uni\u00f3n Obrera Ladrillera de la Rep\u00fablica Argentina (Uolra), Soledad Casals, entrerriana, &#8220;mujer ladrillera de la econom\u00eda popular&#8221; y con un fuerte activismo feminista dijo a T\u00e9lam que el principal desaf\u00edo es que las mujeres del \u00e1rea &#8220;se reconozcan como trabajadoras&#8221;.<\/p>\n<p>Con un trabajo en equipo, subray\u00f3 la entrevistada, durante la pandemia &#8220;no&#8221; pararon de hacer reuniones virtuales para &#8220;definir acciones en cada lugar donde estamos. Las compa\u00f1eras responsables se organizaron para garantizar conectividad y participaci\u00f3n de las mujeres ladrilleras de los territorios&#8221;.<\/p>\n<p><strong>&#8211; T\u00e9lam: \u00bfCu\u00e1ntas mujeres trabajan haciendo ladrillos?<br \/>\n&#8211; Soledad Casals:\u00a0<\/strong>Nuestro sindicato tiene delegaciones en 17 provincias y en todas est\u00e1 el gran desaf\u00edo de organizar a las compa\u00f1eras de cada rinc\u00f3n del pa\u00eds. En el interior, la particularidad es que las mujeres que fabrican ladrillos lo hacen en emprendimientos familiares de la econom\u00eda popular que es un sector invisibilizado y masculinizado por lo que las mujeres, muchas veces, no se reconocen como trabajadoras. Aunque son imprescindibles ellas mismas dicen que solo est\u00e1n &#8220;ayudando&#8221;, concepto que queremos erradicar a trav\u00e9s de nuestra campa\u00f1a contra la violencia de g\u00e9nero, con el desaf\u00edo de que cada compa\u00f1era ladrillera pueda reconocerse como trabajadora.<\/p>\n<p><strong>&#8211; T: \u00bfEn qu\u00e9 consiste ese trabajo?<br \/>\n&#8211; S.C.:<\/strong>\u00a0Es un trabajo nada liviano, demanda mucho esfuerzo, se realiza de manera artesanal y carece de avances tecnol\u00f3gicos. Primero, se hace una mezcla en el pisadero -un c\u00edrculo de unos seis metros de di\u00e1metro por 60 cent\u00edmetros de profundidad-, con tierra, agua y liga (bosta de caballo, papel, c\u00e1scara de arroz, viruta) y durante ocho horas se trabaja con rueda de pisar, tractor aunque en algunos lugares todav\u00eda hay caballos haciendo esta tarea. Despu\u00e9s, ese barro listo se lleva en carretillas hasta las canchas, suelo carpido y parejo donde con una t\u00e9cnica precisa se desmoldan los ladrillos. All\u00ed se orean y luego se terminan de secar en las pilas que se arman a los costados de las canchas, luego se hace el horno en forma de pir\u00e1mide con boquillas abiertas en la base para introducir la le\u00f1a y quemar los ladrillos. Nosotras estamos siempre en cada paso de esta producci\u00f3n, apilando, armando el horno, tapando los adobes cuando amenaza la lluvia. Somos esenciales en la fabricaci\u00f3n.<\/p>\n<div id=\"image\" class=\"image\"><img loading=\"lazy\" class=\"alignnone size-full wp-image-7610\" src=\"http:\/\/hoycordobaweb.com\/wp-content\/uploads\/2020\/12\/las-mujeres-ladrilleras-deben-reconocerse-como-trabajadoras-dice-sindicalista.jpg\" alt=\"\" width=\"1004\" height=\"565\" srcset=\"http:\/\/hoycordobaweb.com\/wp-content\/uploads\/2020\/12\/las-mujeres-ladrilleras-deben-reconocerse-como-trabajadoras-dice-sindicalista.jpg 1004w, http:\/\/hoycordobaweb.com\/wp-content\/uploads\/2020\/12\/las-mujeres-ladrilleras-deben-reconocerse-como-trabajadoras-dice-sindicalista-2.jpg 789w, http:\/\/hoycordobaweb.com\/wp-content\/uploads\/2020\/12\/las-mujeres-ladrilleras-deben-reconocerse-como-trabajadoras-dice-sindicalista-3.jpg 768w\" sizes=\"(max-width: 1004px) 100vw, 1004px\" \/><\/div>\n<p><strong>&#8211; T: \u00bfCu\u00e1ntas mujeres est\u00e1n sindicalizadas?<br \/>\n&#8211; S.C.:<\/strong>\u00a0Es dif\u00edcil establecerlo pero estamos reordenando y articulando con las provincias para generar un registro de trabajadores y trabajadoras ladrilleras. Nuestro sindicato fue normalizado en el 2015 y desde entonces nuestro secretario general, Luis C\u00e1ceres, junto a nuestra secretaria del Interior, Ana Lemos, recorren el pa\u00eds para identificar a los trabajadores del sector. Encuentran que es desarrollada por trabajadores de la econom\u00eda popular en emprendimientos familiares. En el 2016, en una asamblea general del sindicato, se decide modificar el estatuto y crear la secretar\u00eda de Econom\u00eda Popular, para abrazar a todos los trabajadores del sector.<\/p>\n<p><strong>&#8211; T: \u00bfC\u00f3mo organizan a los ladrilleros en el marco de la econom\u00eda popular?<br \/>\n&#8211; S.C.:<\/strong>\u00a0Para formalizar el trabajo se crean cooperativas y se articula con el Estado para garantizar los derechos de todos los trabajadores ya que queremos crear los Parques Industriales Ladrilleros.<\/p>\n<p><strong>&#8211; T: \u00bfQu\u00e9 signific\u00f3 la creaci\u00f3n de la Secretar\u00eda de G\u00e9nero en el sindicato?<br \/>\n&#8211; S.C.:<\/strong>\u00a0Las mujeres ladrilleras participan del proceso de fabricaci\u00f3n del ladrillo pero al momento de definirse ellas mismas dec\u00edan &#8220;yo ayudo no m\u00e1s&#8221;. En la campa\u00f1a &#8220;Segura en casa, Segura en el trabajo&#8221;, realizamos actividades de concientizacion en todo el pa\u00eds con intervenciones en medios locales, provinciales y nacionales de las compa\u00f1eras responsables de mujeres ladrilleras. En nuestras redes, compartimos fotos de mujeres trabajadoras ladrilleras de distintas provincias y pusimos nuestra impronta con la frase &#8220;Trabajo, no ayudo&#8221; as\u00ed las mujeres ladrilleras logran empoderarse y reconocerse como trabajadoras.<\/p>\n<div id=\"image\" class=\"image\"><img title=\"\" src=\"http:\/\/hoycordobaweb.com\/wp-content\/uploads\/2020\/12\/las-mujeres-ladrilleras-deben-reconocerse-como-trabajadoras-dice-sindicalista-1.jpg\" alt=\"\" \/><\/div>\n<p><strong>&#8211; T: \u00bfCu\u00e1les son los principales problemas que tienen en sus trabajos?<br \/>\n&#8211; S.C.:<\/strong>\u00a0La actividad es sin ninguna duda pesada, requiere de mucho esfuerzo f\u00edsico porque es un trabajo artesanal. Las dificultades son los pocos avances en la tecnificaci\u00f3n en desarrollos de nuevas tecnolog\u00edas que generen menos esfuerzos para la fabricaci\u00f3n de los ladrillos. La comercializaci\u00f3n de los ladrillos es otra dificultad, como todos los sectores de producci\u00f3n primaria existe siempre un intermediario, en nuestra actividad el cami\u00f3n que se lleva los ladrillos pone el precio o los corralones que pagan precios baj\u00edsimos y en negro para despu\u00e9s vender al doble o triple. Por eso la importancia de formalizar y organizar a los trabajadores en Cooperativas de trabajo, as\u00ed se puede facturar y garantizar un precio justo. Otras dificultades que tenemos es que la actividad se realiza en espacios rurales, donde muchas veces los caminos, el acceso al agua y otras necesidades para producir escasean. Por otro lado en muchos lugares del interior del pa\u00eds las familias ladrilleras viven en el mismo lugar donde se trabaja, y, tambi\u00e9n, con el Sindicato llevamos adelante una campa\u00f1a de erradicaci\u00f3n del trabajo infantil, en este sentido articulamos con la Secretar\u00eda Nacional de Ni\u00f1ez, Adolescencia y Familia (Senaf) para crear centros de cuidados a cargo de mujeres ladrilleras.<\/p>\n<div class=\"ubm_banner\"><a href=\"https:\/\/www.cba.gov.ar\/\" target=\"_blank\" rel=\"dofollow noopener noreferrer\"><img src=\"http:\/\/hoycordobaweb.com\/wp-content\/uploads\/2020\/12\/las-mujeres-ladrilleras-deben-reconocerse-como-trabajadoras-dice-sindicalista.gif\" alt=\"\"><\/a><\/div>\n<p>La entrada <a rel=\"nofollow\" href=\"https:\/\/ladecimaweb.com\/las-mujeres-ladrilleras-deben-reconocerse-como-trabajadoras-dice-sindicalista\/\">&#8220;Las mujeres ladrilleras deben reconocerse como trabajadoras&#8221;, dice sindicalista<\/a> se public\u00f3 primero en <a rel=\"nofollow\" href=\"https:\/\/ladecimaweb.com\">LaDecima<\/a>.<\/p>\n","protected":false},"excerpt":{"rendered":"<p>(Agencia T\u00e9lam) Las mujeres que hacen ladrillos, un exigente trabajo que demanda trabajo f\u00edsico y que permanece &#8220;invisibilizado y masculinizado&#8221;, avanzan en su sindicalizaci\u00f3n en, hasta ahora, 17 provincias argentinas. Desde la Secretar\u00eda de G\u00e9nero de la Uni\u00f3n Obrera Ladrillera de la Rep\u00fablica Argentina (Uolra), Soledad Casals, entrerriana, &#8220;mujer ladrillera de la econom\u00eda popular&#8221; y [&hellip;]<\/p>\n","protected":false},"author":1,"featured_media":7465,"comment_status":"closed","ping_status":"closed","sticky":false,"template":"","format":"standard","meta":[],"categories":[19],"tags":[],"_links":{"self":[{"href":"http:\/\/hoycordobaweb.com\/index.php\/wp-json\/wp\/v2\/posts\/7464"}],"collection":[{"href":"http:\/\/hoycordobaweb.com\/index.php\/wp-json\/wp\/v2\/posts"}],"about":[{"href":"http:\/\/hoycordobaweb.com\/index.php\/wp-json\/wp\/v2\/types\/post"}],"author":[{"embeddable":true,"href":"http:\/\/hoycordobaweb.com\/index.php\/wp-json\/wp\/v2\/users\/1"}],"replies":[{"embeddable":true,"href":"http:\/\/hoycordobaweb.com\/index.php\/wp-json\/wp\/v2\/comments?post=7464"}],"version-history":[{"count":0,"href":"http:\/\/hoycordobaweb.com\/index.php\/wp-json\/wp\/v2\/posts\/7464\/revisions"}],"wp:featuredmedia":[{"embeddable":true,"href":"http:\/\/hoycordobaweb.com\/index.php\/wp-json\/wp\/v2\/media\/7465"}],"wp:attachment":[{"href":"http:\/\/hoycordobaweb.com\/index.php\/wp-json\/wp\/v2\/media?parent=7464"}],"wp:term":[{"taxonomy":"category","embeddable":true,"href":"http:\/\/hoycordobaweb.com\/index.php\/wp-json\/wp\/v2\/categories?post=7464"},{"taxonomy":"post_tag","embeddable":true,"href":"http:\/\/hoycordobaweb.com\/index.php\/wp-json\/wp\/v2\/tags?post=7464"}],"curies":[{"name":"wp","href":"https:\/\/api.w.org\/{rel}","templated":true}]}}