{"id":74633,"date":"2024-03-15T12:50:04","date_gmt":"2024-03-15T12:50:04","guid":{"rendered":"https:\/\/www.mujerhoy.com\/moda\/no-te-pierdas\/zapatos-temporada-primavera-entretiempo-bailarinas-mocasines-20240315134939-nt.html"},"modified":"2024-03-15T12:50:04","modified_gmt":"2024-03-15T12:50:04","slug":"que-tipo-de-zapato-usar-cuando-llega-la-temporada-de-entretiempo","status":"publish","type":"post","link":"http:\/\/hoycordobaweb.com\/index.php\/2024\/03\/15\/que-tipo-de-zapato-usar-cuando-llega-la-temporada-de-entretiempo\/","title":{"rendered":"Qu\u00e9 tipo de zapato usar cuando llega la temporada de entretiempo"},"content":{"rendered":"<p><!-- AUTHOR --> <\/p>\n<div class=\"voc-author-timesocial \"> <!-- AUTHOR --> <\/p>\n<div class=\"voc-author-timesocial__signature\"> <!-- IMAGE AUTHOR --> <picture class=\"voc-image-signature\"> <img class=\"voc-image-signature__img\" src=\"http:\/\/hoycordobaweb.com\/wp-content\/uploads\/2024\/03\/que-tipo-de-zapato-usar-cuando-llega-la-temporada-de-entretiempo.jpg\" alt=\"Carla Dom\u00ednguez\"> <\/picture> <!-- INFO AUTHOR --> <\/div><\/div>\n<p> <!-- COMPONENTS --> <\/p>\n<p class=\"voc-paragraph\">Seguramente ya te habr\u00e1s puesto al d\u00eda de las tendencias que reinar\u00e1n esta <strong>primavera-verano 2024<\/strong>. Pues bien, ahora toca mirar un poco hacia tus pies y decidir cu\u00e1les ser\u00e1n los zapatos que te pondr\u00e1s a partir de ahora. A punto de comenzar el buen tiempo, es el mejor instante para renovar calzado.\n<\/p>\n<p class=\"voc-paragraph\">Este a\u00f1o hay muchas propuestas nuevas: desde <a data-voc-vtm-id=\"in-text-traffic\" href=\"https:\/\/www.mujerhoy.com\/moda\/tendencias\/bailarinas-tendencia-street-style-mango-20240204140437-nt.html\">las cl\u00e1sicas bailarinas,<\/a> pasando por piezas en ante hasta mocasines <i>old school<\/i>. Te ense\u00f1amos cu\u00e1les ser\u00e1n los zapatos a los que dir\u00e1s un &#8216;s\u00ed, rotundo&#8217; una vez comience la primavera. \u00bfCon cu\u00e1l te quedas?\n<\/p>\n<div class=\"voc-detail-photo-zoom\"> <picture data-toggle=\"modal\" data-target=\"#photoZoomModal-896\" target=\"modal\">\n<div class=\"voc-img-icon-link\"> <img loading=\"lazy\" data-original=\"\/\/static2.mujerhoy.com\/www\/multimedia\/202403\/14\/media\/cortadas\/zapatos-cangrejeras-blancos-latouche-k8JI--650x900@MujerHoy.jpg\" width=\"650\" height=\"900\" class=\"lazy\" alt=\"Zapatos estilo cangrejera de Latouche.\"> <noscript> <img src=\"http:\/\/hoycordobaweb.com\/wp-content\/uploads\/2024\/03\/que-tipo-de-zapato-usar-cuando-llega-la-temporada-de-entretiempo.webp\" alt=\"Zapatos estilo cangrejera de Latouche.\"> <\/noscript> <i class=\"voc-icons zoom voc-multimedia-box voc-ico-l\"><\/i> <\/div><figcaption class=\"figure-caption\">Zapatos estilo cangrejera de Latouche.<\/figcaption><\/picture>\n<\/div>\n<div id=\"photoZoomModal-896\" class=\"voc-lightbox modal fade voc-lightbox--photo-zoom\" role=\"dialog\" data-voc-photozoom-lightbox>\n<div class=\"voc-lightbox__dialog\" role=\"document\">\n<div class=\"voc-lightbox__content\"> <!-- Modal header --> <!-- Modal content --> <\/p>\n<div class=\"voc-lightbox__photo-container\"> <picture class> <img loading=\"lazy\" data-original=\"\/\/static2.mujerhoy.com\/www\/multimedia\/202403\/14\/media\/cortadas\/zapatos-cangrejeras-blancos-latouche-k8JI--650x900@MujerHoy.jpg\" alt=\"Zapatos estilo cangrejera de Latouche.\" class=\"lazy\"> <noscript> <img src=\"http:\/\/hoycordobaweb.com\/wp-content\/uploads\/2024\/03\/que-tipo-de-zapato-usar-cuando-llega-la-temporada-de-entretiempo.webp\" alt=\"Zapatos estilo cangrejera de Latouche.\"> <\/noscript> <\/picture> <\/div><\/div><\/div>\n<\/div>\n<p class=\"voc-paragraph\">Son una de las novedades de <strong>la firma Latouche<\/strong> que puedes conseguir en El Corte Ingl\u00e9s. Se trata de un dise\u00f1o con una plantilla acolchada muy c\u00f3moda y perfectos para estrenar la temporada. Es un calzado de estilo cangrejera en color blanco y tambi\u00e9n est\u00e1 disponible en dorado. <strong>Precio: 89 euros.<\/strong><\/p>\n<div class=\"voc-detail-photo-zoom\"> <picture data-toggle=\"modal\" data-target=\"#photoZoomModal-280\" target=\"modal\">\n<div class=\"voc-img-icon-link\"> <img loading=\"lazy\" data-original=\"\/\/static3.mujerhoy.com\/www\/multimedia\/202403\/14\/media\/cortadas\/Bailarina%20Paulina%20Culto%201105-k8JI--650x900@MujerHoy.jpg\" width=\"650\" height=\"900\" class=\"lazy\" alt=\"Bailarina con tira de Culto 1105.\"> <noscript> <img src=\"http:\/\/hoycordobaweb.com\/wp-content\/uploads\/2024\/03\/que-tipo-de-zapato-usar-cuando-llega-la-temporada-de-entretiempo-1.webp\" alt=\"Bailarina con tira de Culto 1105.\"> <\/noscript> <i class=\"voc-icons zoom voc-multimedia-box voc-ico-l\"><\/i> <\/div><figcaption class=\"figure-caption\">Bailarina con tira de Culto 1105.<\/figcaption><\/picture>\n<\/div>\n<div id=\"photoZoomModal-280\" class=\"voc-lightbox modal fade voc-lightbox--photo-zoom\" role=\"dialog\" data-voc-photozoom-lightbox>\n<div class=\"voc-lightbox__dialog\" role=\"document\">\n<div class=\"voc-lightbox__content\"> <!-- Modal header --> <!-- Modal content --> <\/p>\n<div class=\"voc-lightbox__photo-container\"> <picture class> <img loading=\"lazy\" data-original=\"\/\/static3.mujerhoy.com\/www\/multimedia\/202403\/14\/media\/cortadas\/Bailarina%20Paulina%20Culto%201105-k8JI--650x900@MujerHoy.jpg\" alt=\"Bailarina con tira de Culto 1105.\" class=\"lazy\"> <noscript> <img src=\"http:\/\/hoycordobaweb.com\/wp-content\/uploads\/2024\/03\/que-tipo-de-zapato-usar-cuando-llega-la-temporada-de-entretiempo-1.webp\" alt=\"Bailarina con tira de Culto 1105.\"> <\/noscript> <\/picture> <\/div><\/div><\/div>\n<\/div>\n<p class=\"voc-paragraph\">Son las nuevas bailarinas de la firma espa\u00f1ola Culto 1105. Son un dise\u00f1o made in Spain, con punta cuadrada y perfectas para comenzar bien (y con estilo) la temporada de primavera. Se trata del dise\u00f1o Paulina y cuenta con una inspiraci\u00f3n ballet. <strong>Precio: 139 euros.<\/strong><\/p>\n<div class=\"voc-detail-photo-zoom\"> <picture data-toggle=\"modal\" data-target=\"#photoZoomModal-314\" target=\"modal\">\n<div class=\"voc-img-icon-link\"> <img loading=\"lazy\" data-original=\"\/\/static2.mujerhoy.com\/www\/multimedia\/202403\/14\/media\/cortadas\/bailarina-vagabond-negro-k8JI--650x900@MujerHoy.jpg\" width=\"650\" height=\"900\" class=\"lazy\" alt=\"Bailarinas con tac\u00f3n de Vagabond.\"> <noscript> <img src=\"http:\/\/hoycordobaweb.com\/wp-content\/uploads\/2024\/03\/que-tipo-de-zapato-usar-cuando-llega-la-temporada-de-entretiempo-2.webp\" alt=\"Bailarinas con tac\u00f3n de Vagabond.\"> <\/noscript> <i class=\"voc-icons zoom voc-multimedia-box voc-ico-l\"><\/i> <\/div><figcaption class=\"figure-caption\">Bailarinas con tac\u00f3n de Vagabond.<\/figcaption><\/picture>\n<\/div>\n<div id=\"photoZoomModal-314\" class=\"voc-lightbox modal fade voc-lightbox--photo-zoom\" role=\"dialog\" data-voc-photozoom-lightbox>\n<div class=\"voc-lightbox__dialog\" role=\"document\">\n<div class=\"voc-lightbox__content\"> <!-- Modal header --> <!-- Modal content --> <\/p>\n<div class=\"voc-lightbox__photo-container\"> <picture class> <img loading=\"lazy\" data-original=\"\/\/static2.mujerhoy.com\/www\/multimedia\/202403\/14\/media\/cortadas\/bailarina-vagabond-negro-k8JI--650x900@MujerHoy.jpg\" alt=\"Bailarinas con tac\u00f3n de Vagabond.\" class=\"lazy\"> <noscript> <img src=\"http:\/\/hoycordobaweb.com\/wp-content\/uploads\/2024\/03\/que-tipo-de-zapato-usar-cuando-llega-la-temporada-de-entretiempo-2.webp\" alt=\"Bailarinas con tac\u00f3n de Vagabond.\"> <\/noscript> <\/picture> <\/div><\/div><\/div>\n<\/div>\n<p class=\"voc-paragraph\">Siempre hay que tener en el armario unos zapatos en color negro. Una propuesta ideal es este calzado de la firma Vagabond que forma parte de su nueva colecci\u00f3n. Es un zapato en negro con tiras y forro de piel. <strong>Precio: 180 euros.<\/strong><\/p>\n<div class=\"voc-detail-photo-zoom\"> <picture data-toggle=\"modal\" data-target=\"#photoZoomModal-390\" target=\"modal\">\n<div class=\"voc-img-icon-link\"> <img loading=\"lazy\" data-original=\"\/\/static1.mujerhoy.com\/www\/multimedia\/202403\/14\/media\/cortadas\/EXE%cc%81%20SHOES%202_Good%20Feelings%20Comunicacio%cc%81n-k8JI--650x900@MujerHoy.jpg\" width=\"650\" height=\"900\" class=\"lazy\" alt=\"Bailarinas en plateado de Ex\u00e9 Shoes.\"> <noscript> <img src=\"https:\/\/static1.mujerhoy.com\/www\/multimedia\/202403\/14\/media\/cortadas\/EXE%CC%81%20SHOES%202_Good%20Feelings%20Comunicacio%CC%81n-k8JI--650x900@MujerHoy.jpg\" alt=\"Bailarinas en plateado de Ex\u00e9 Shoes.\"> <\/noscript> <i class=\"voc-icons zoom voc-multimedia-box voc-ico-l\"><\/i> <\/div><figcaption class=\"figure-caption\">Bailarinas en plateado de Ex\u00e9 Shoes.<\/figcaption><\/picture>\n<\/div>\n<div id=\"photoZoomModal-390\" class=\"voc-lightbox modal fade voc-lightbox--photo-zoom\" role=\"dialog\" data-voc-photozoom-lightbox>\n<div class=\"voc-lightbox__dialog\" role=\"document\">\n<div class=\"voc-lightbox__content\"> <!-- Modal header --> <!-- Modal content --> <\/p>\n<div class=\"voc-lightbox__photo-container\"> <picture class> <img loading=\"lazy\" data-original=\"\/\/static1.mujerhoy.com\/www\/multimedia\/202403\/14\/media\/cortadas\/EXE%cc%81%20SHOES%202_Good%20Feelings%20Comunicacio%cc%81n-k8JI--650x900@MujerHoy.jpg\" alt=\"Bailarinas en plateado de Ex\u00e9 Shoes.\" class=\"lazy\"> <noscript> <img src=\"https:\/\/static1.mujerhoy.com\/www\/multimedia\/202403\/14\/media\/cortadas\/EXE%CC%81%20SHOES%202_Good%20Feelings%20Comunicacio%CC%81n-k8JI--650x900@MujerHoy.jpg\" alt=\"Bailarinas en plateado de Ex\u00e9 Shoes.\"> <\/noscript> <\/picture> <\/div><\/div><\/div>\n<\/div>\n<p class=\"voc-paragraph\">Son unas bailarinas ideales en color plateado. Si a\u00fan no te has sumado a esa tendencia, es hora de hacerlo y esta \u00e9poca del a\u00f1o es un buen momento. Nos gustan estas bailarinas con trenzado en la parte delantera de <strong>la firma Ex\u00e9 Shoes <\/strong>que est\u00e1 disponible tambi\u00e9n en dorado.\n<\/p>\n<div class=\"voc-detail-photo-zoom\"> <picture data-toggle=\"modal\" data-target=\"#photoZoomModal-514\" target=\"modal\">\n<div class=\"voc-img-icon-link\"> <img loading=\"lazy\" data-original=\"\/\/static1.mujerhoy.com\/www\/multimedia\/202403\/14\/media\/cortadas\/mocasines-barcelo-sessun-k8JI--650x900@MujerHoy.jpg\" width=\"650\" height=\"900\" class=\"lazy\" alt=\"Mocasines en marr\u00f3n de Sess\u00f9n.\"> <noscript> <img src=\"http:\/\/hoycordobaweb.com\/wp-content\/uploads\/2024\/03\/que-tipo-de-zapato-usar-cuando-llega-la-temporada-de-entretiempo-3.webp\" alt=\"Mocasines en marr\u00f3n de Sess\u00f9n.\"> <\/noscript> <i class=\"voc-icons zoom voc-multimedia-box voc-ico-l\"><\/i> <\/div><figcaption class=\"figure-caption\">Mocasines en marr\u00f3n de Sess\u00f9n.<\/figcaption><\/picture>\n<\/div>\n<div id=\"photoZoomModal-514\" class=\"voc-lightbox modal fade voc-lightbox--photo-zoom\" role=\"dialog\" data-voc-photozoom-lightbox>\n<div class=\"voc-lightbox__dialog\" role=\"document\">\n<div class=\"voc-lightbox__content\"> <!-- Modal header --> <!-- Modal content --> <\/p>\n<div class=\"voc-lightbox__photo-container\"> <picture class> <img loading=\"lazy\" data-original=\"\/\/static1.mujerhoy.com\/www\/multimedia\/202403\/14\/media\/cortadas\/mocasines-barcelo-sessun-k8JI--650x900@MujerHoy.jpg\" alt=\"Mocasines en marr\u00f3n de Sess\u00f9n.\" class=\"lazy\"> <noscript> <img src=\"http:\/\/hoycordobaweb.com\/wp-content\/uploads\/2024\/03\/que-tipo-de-zapato-usar-cuando-llega-la-temporada-de-entretiempo-3.webp\" alt=\"Mocasines en marr\u00f3n de Sess\u00f9n.\"> <\/noscript> <\/picture> <\/div><\/div><\/div>\n<\/div>\n<p class=\"voc-paragraph\">Los mocasines regresan y se han convertido en la oficina m\u00e1s elegante para ir a la oficina. Incluso la reina Letizia se ha aficionado a este tipo de calzado. Una propuesta para la primavera son estos mocasines con suela dentada en color marr\u00f3n de la firma Sess\u00f9n. <strong>Precio: 275 euros.<\/strong><\/p>\n<div class=\"voc-detail-photo-zoom\"> <picture data-toggle=\"modal\" data-target=\"#photoZoomModal-181\" target=\"modal\">\n<div class=\"voc-img-icon-link\"> <img loading=\"lazy\" data-original=\"\/\/static.mujerhoy.com\/www\/multimedia\/202403\/14\/media\/cortadas\/zuecos-beige-bosanova-k8JI--650x900@MujerHoy.jpg\" width=\"650\" height=\"900\" class=\"lazy\" alt=\"Zuecos en color beige de Bosanova.\"> <noscript> <img src=\"http:\/\/hoycordobaweb.com\/wp-content\/uploads\/2024\/03\/que-tipo-de-zapato-usar-cuando-llega-la-temporada-de-entretiempo-4.webp\" alt=\"Zuecos en color beige de Bosanova.\"> <\/noscript> <i class=\"voc-icons zoom voc-multimedia-box voc-ico-l\"><\/i> <\/div><figcaption class=\"figure-caption\">Zuecos en color beige de Bosanova.<\/figcaption><\/picture>\n<\/div>\n<div id=\"photoZoomModal-181\" class=\"voc-lightbox modal fade voc-lightbox--photo-zoom\" role=\"dialog\" data-voc-photozoom-lightbox>\n<div class=\"voc-lightbox__dialog\" role=\"document\">\n<div class=\"voc-lightbox__content\"> <!-- Modal header --> <!-- Modal content --> <\/p>\n<div class=\"voc-lightbox__photo-container\"> <picture class> <img loading=\"lazy\" data-original=\"\/\/static.mujerhoy.com\/www\/multimedia\/202403\/14\/media\/cortadas\/zuecos-beige-bosanova-k8JI--650x900@MujerHoy.jpg\" alt=\"Zuecos en color beige de Bosanova.\" class=\"lazy\"> <noscript> <img src=\"http:\/\/hoycordobaweb.com\/wp-content\/uploads\/2024\/03\/que-tipo-de-zapato-usar-cuando-llega-la-temporada-de-entretiempo-4.webp\" alt=\"Zuecos en color beige de Bosanova.\"> <\/noscript> <\/picture> <\/div><\/div><\/div>\n<\/div>\n<p class=\"voc-paragraph\">Los zuecos son un tipo de calzado perfecto para la temporada de primavera-verano. Es un zapato comod\u00edsimo y apto para esta \u00e9poca del a\u00f1o. Podr\u00e1s encontrarlo en muchas firmas, pero en Bosanova hemos fichado este modelo ideal en color beige. <strong>Precio: 44,95 euros<\/strong>.\n<\/p>\n<div class=\"voc-detail-photo-zoom\"> <picture data-toggle=\"modal\" data-target=\"#photoZoomModal-783\" target=\"modal\">\n<div class=\"voc-img-icon-link\"> <img loading=\"lazy\" data-original=\"\/\/static.mujerhoy.com\/www\/multimedia\/202403\/14\/media\/cortadas\/bailarinas-ante-parfois-k8JI--650x900@MujerHoy.jpg\" width=\"650\" height=\"900\" class=\"lazy\" alt=\"Bailarinas con tiras de Parfois.\"> <noscript> <img src=\"http:\/\/hoycordobaweb.com\/wp-content\/uploads\/2024\/03\/que-tipo-de-zapato-usar-cuando-llega-la-temporada-de-entretiempo-5.webp\" alt=\"Bailarinas con tiras de Parfois.\"> <\/noscript> <i class=\"voc-icons zoom voc-multimedia-box voc-ico-l\"><\/i> <\/div><figcaption class=\"figure-caption\">Bailarinas con tiras de Parfois.<\/figcaption><\/picture>\n<\/div>\n<div id=\"photoZoomModal-783\" class=\"voc-lightbox modal fade voc-lightbox--photo-zoom\" role=\"dialog\" data-voc-photozoom-lightbox>\n<div class=\"voc-lightbox__dialog\" role=\"document\">\n<div class=\"voc-lightbox__content\"> <!-- Modal header --> <!-- Modal content --> <\/p>\n<div class=\"voc-lightbox__photo-container\"> <picture class> <img loading=\"lazy\" data-original=\"\/\/static.mujerhoy.com\/www\/multimedia\/202403\/14\/media\/cortadas\/bailarinas-ante-parfois-k8JI--650x900@MujerHoy.jpg\" alt=\"Bailarinas con tiras de Parfois.\" class=\"lazy\"> <noscript> <img src=\"http:\/\/hoycordobaweb.com\/wp-content\/uploads\/2024\/03\/que-tipo-de-zapato-usar-cuando-llega-la-temporada-de-entretiempo-5.webp\" alt=\"Bailarinas con tiras de Parfois.\"> <\/noscript> <\/picture> <\/div><\/div><\/div>\n<\/div>\n<p class=\"voc-paragraph\">La nueva colecci\u00f3n de primavera-verano de Parfois cuenta con prendas y accesorios ideales. Entre las nuevas propuesta de la firma portuguesa hemos fichado estas bailarinas c\u00f3modas de ante disponibles en marr\u00f3n y en color rojo. <strong>Precio: 39,99 euros.<\/strong><\/p>\n<div class=\"voc-detail-photo-zoom\"> <picture data-toggle=\"modal\" data-target=\"#photoZoomModal-492\" target=\"modal\">\n<div class=\"voc-img-icon-link\"> <img loading=\"lazy\" data-original=\"\/\/static2.mujerhoy.com\/www\/multimedia\/202403\/14\/media\/cortadas\/mocasines-rafia-popa-k8JI--650x900@MujerHoy.jpg\" width=\"650\" height=\"900\" class=\"lazy\" alt=\"Mocasines con rafia de Popa.\"> <noscript> <img src=\"http:\/\/hoycordobaweb.com\/wp-content\/uploads\/2024\/03\/que-tipo-de-zapato-usar-cuando-llega-la-temporada-de-entretiempo-6.webp\" alt=\"Mocasines con rafia de Popa.\"> <\/noscript> <i class=\"voc-icons zoom voc-multimedia-box voc-ico-l\"><\/i> <\/div><figcaption class=\"figure-caption\">Mocasines con rafia de Popa.<\/figcaption><\/picture>\n<\/div>\n<div id=\"photoZoomModal-492\" class=\"voc-lightbox modal fade voc-lightbox--photo-zoom\" role=\"dialog\" data-voc-photozoom-lightbox>\n<div class=\"voc-lightbox__dialog\" role=\"document\">\n<div class=\"voc-lightbox__content\"> <!-- Modal header --> <!-- Modal content --> <\/p>\n<div class=\"voc-lightbox__photo-container\"> <picture class> <img loading=\"lazy\" data-original=\"\/\/static2.mujerhoy.com\/www\/multimedia\/202403\/14\/media\/cortadas\/mocasines-rafia-popa-k8JI--650x900@MujerHoy.jpg\" alt=\"Mocasines con rafia de Popa.\" class=\"lazy\"> <noscript> <img src=\"http:\/\/hoycordobaweb.com\/wp-content\/uploads\/2024\/03\/que-tipo-de-zapato-usar-cuando-llega-la-temporada-de-entretiempo-6.webp\" alt=\"Mocasines con rafia de Popa.\"> <\/noscript> <\/picture> <\/div><\/div><\/div>\n<\/div>\n<p class=\"voc-paragraph\">Popa es una de las marcas espa\u00f1olas que cuenta con una de las plantillas m\u00e1s c\u00f3modas en el sector del calzado. Entre sus novedades de primavera, estos mocasines con peque\u00f1o tac\u00f3n de madera combinado con rafia. <strong>Precio: 95,95 euros.<\/strong><\/p>\n<p> <!-- TOPICS --> <\/p>\n","protected":false},"excerpt":{"rendered":"<p>Seguramente ya te habr\u00e1s puesto al d\u00eda de las tendencias que reinar\u00e1n esta primavera-verano 2024. Pues bien, ahora toca mirar un poco hacia tus pies y decidir cu\u00e1les ser\u00e1n los zapatos que te pondr\u00e1s a partir de ahora. A punto de comenzar el buen tiempo, es el mejor instante para renovar calzado. Este a\u00f1o hay [&hellip;]<\/p>\n","protected":false},"author":1,"featured_media":74634,"comment_status":"closed","ping_status":"closed","sticky":false,"template":"","format":"standard","meta":[],"categories":[1],"tags":[],"_links":{"self":[{"href":"http:\/\/hoycordobaweb.com\/index.php\/wp-json\/wp\/v2\/posts\/74633"}],"collection":[{"href":"http:\/\/hoycordobaweb.com\/index.php\/wp-json\/wp\/v2\/posts"}],"about":[{"href":"http:\/\/hoycordobaweb.com\/index.php\/wp-json\/wp\/v2\/types\/post"}],"author":[{"embeddable":true,"href":"http:\/\/hoycordobaweb.com\/index.php\/wp-json\/wp\/v2\/users\/1"}],"replies":[{"embeddable":true,"href":"http:\/\/hoycordobaweb.com\/index.php\/wp-json\/wp\/v2\/comments?post=74633"}],"version-history":[{"count":0,"href":"http:\/\/hoycordobaweb.com\/index.php\/wp-json\/wp\/v2\/posts\/74633\/revisions"}],"wp:featuredmedia":[{"embeddable":true,"href":"http:\/\/hoycordobaweb.com\/index.php\/wp-json\/wp\/v2\/media\/74634"}],"wp:attachment":[{"href":"http:\/\/hoycordobaweb.com\/index.php\/wp-json\/wp\/v2\/media?parent=74633"}],"wp:term":[{"taxonomy":"category","embeddable":true,"href":"http:\/\/hoycordobaweb.com\/index.php\/wp-json\/wp\/v2\/categories?post=74633"},{"taxonomy":"post_tag","embeddable":true,"href":"http:\/\/hoycordobaweb.com\/index.php\/wp-json\/wp\/v2\/tags?post=74633"}],"curies":[{"name":"wp","href":"https:\/\/api.w.org\/{rel}","templated":true}]}}