{"id":7460,"date":"2020-12-13T21:52:00","date_gmt":"2020-12-13T21:52:00","guid":{"rendered":"http:\/\/hoycordobaweb.com\/index.php\/2020\/12\/13\/eeuu-inicio-la-distribucion-de-la-vacuna-de-pfizer-y-la-aplicara-desde-este-lunes\/"},"modified":"2020-12-13T21:52:00","modified_gmt":"2020-12-13T21:52:00","slug":"eeuu-inicio-la-distribucion-de-la-vacuna-de-pfizer-y-la-aplicara-desde-este-lunes","status":"publish","type":"post","link":"http:\/\/hoycordobaweb.com\/index.php\/2020\/12\/13\/eeuu-inicio-la-distribucion-de-la-vacuna-de-pfizer-y-la-aplicara-desde-este-lunes\/","title":{"rendered":"EEUU inici\u00f3 la distribuci\u00f3n de la vacuna de Pfizer y la aplicar\u00e1 desde este lunes"},"content":{"rendered":"<p><img src=\"http:\/\/hoycordobaweb.com\/wp-content\/uploads\/2020\/12\/eeuu-inicio-la-distribucion-de-la-vacuna-de-pfizer-y-la-aplicara-desde-este-lunes.jpg\"> &nbsp; <\/p>\n<div class=\"image\" id=\"image\" readability=\"8\"> <img src=\"http:\/\/hoycordobaweb.com\/wp-content\/uploads\/2020\/12\/eeuu-inicio-la-distribucion-de-la-vacuna-de-pfizer-y-la-aplicara-desde-este-lunes-2.jpg\" alt=\"Las dosis ser\u00e1n expedidas en cajas con nieve carb\u00f3nica, que las mantendr\u00e1 a -70 \u00baC.\" title=\"Las dosis ser\u00e1n expedidas en cajas con nieve carb\u00f3nica, que las mantendr\u00e1 a -70 \u00baC.\"><\/p>\n<p>Las dosis ser\u00e1n expedidas en cajas con nieve carb\u00f3nica, que las mantendr\u00e1 a -70 \u00baC.<\/p>\n<\/div>\n<p><strong>En medio de un rebrote nacional de contagios de coronavirus, Estados Unidos inici\u00f3 este domingo el proceso de distribuci\u00f3n de los lotes de la vacuna de Pfizer y BioNTech, tras haberse convertido en el sexto pa\u00eds en aprobar las dosis de la alianza estadounidense-alemana, despu\u00e9s del Reino Unido, Canad\u00e1, Barh\u00e9in, Arabia Saudita y M\u00e9xico, mientras Palestina se aprestaba a recibir la de fabricaci\u00f3n rusa.<\/strong><\/p>\n<p>En Estados Unidos, cientos de establecimientos tendr\u00e1n entre ma\u00f1ana y el mi\u00e9rcoles la primera tanda de inyecciones, que prev\u00e9 la inoculaci\u00f3n de unos tres millones de personas, indic\u00f3 el general Gus Perna quien supervisa la operaci\u00f3n log\u00edstica, citado por la agencia de noticias AFP.<\/p>\n<p>Con 1,1 millones de nuevos casos confirmados en los \u00faltimos cinco d\u00edas, las infecciones se dispararon en Estados Unidos y superaron los 16 millones, adem\u00e1s de acumular m\u00e1s de 298.400 decesos, cifra que equivale a la poblaci\u00f3n de una ciudad como Cincinnati (Ohio).<\/p>\n<p>El pa\u00eds m\u00e1s afectado por la pandemia pretende vacunar a 20 millones de personas este mes.<\/p>\n<p>Sin embargo, para lograr la inmunidad colectiva se necesita entre un 75% y 80% de la poblaci\u00f3n inoculada, algo que no ocurrir\u00e1 antes de \u00abmayo o junio\u00bb, comunic\u00f3 este domingo Moncef Slaoui, asesor cient\u00edfico de la operaci\u00f3n gubernamental de vacunaci\u00f3n.<\/p>\n<p>&nbsp; <\/p>\n<div class=\"image\" id=\"image\" readability=\"8\"> <img src=\"http:\/\/hoycordobaweb.com\/wp-content\/uploads\/2020\/12\/eeuu-inicio-la-distribucion-de-la-vacuna-de-pfizer-y-la-aplicara-desde-este-lunes-3.jpg\" alt=\"El pa\u00eds registr\u00f3 1,1 millones nuevos casos confirmados en los \u00faltimos cinco d\u00edas.\" title=\"El pa\u00eds registr\u00f3 1,1 millones nuevos casos confirmados en los \u00faltimos cinco d\u00edas.\"><\/p>\n<p>El pa\u00eds registr\u00f3 1,1 millones nuevos casos confirmados en los \u00faltimos cinco d\u00edas.<\/p>\n<\/div>\n<p>M\u00e9xico, por su parte, aprob\u00f3 la comercializaci\u00f3n de la vacuna de Pfizer, cuya aplicaci\u00f3n deber\u00e1 comenzar a finales de diciembre, con un primer lote de 250.000 vacunas para 125.000 personas, ya que las dosis son dobles.<\/p>\n<p>Mientras Estados Unidos se prepara para la vacunaci\u00f3n, Italia, con 64.520 decesos registrados, super\u00f3 a Reino Unido como pa\u00eds m\u00e1s enlutado por la pandemia, que contabilizaba un poco m\u00e1s de 64.026.<\/p>\n<p>Inmersa en la segunda ola de Covid-19 desde hace meses, Europa se convirti\u00f3 en el continente con m\u00e1s contagios nuevos durante esta \u00faltima semana, con un promedio de 236.700 infecciones diarias.<\/p>\n<p>\u00abEstoy preocupado por las dos semanas de vacaciones de Navidad; nos enfrentamos a una pandemia dram\u00e1tica\u00bb, advirti\u00f3 el ministro de Salud italiano, Roberto Speranza, y agreg\u00f3 que \u00abla batalla todav\u00eda no se ha ganado\u00bb.<\/p>\n<p>En tanto, Alemania, que en los \u00faltimos d\u00edas bati\u00f3 r\u00e9cords de infecciones diarias (casi 30.000 el viernes y el s\u00e1bado) y el jueves pasado registr\u00f3 casi 600 muertos, decidi\u00f3 cerrar todos los comercios no esenciales, las escuelas y los jardines de infantes hasta el 10 de enero.<\/p>\n<p>\u00abEstamos obligados a actuar y actuamos ahora\u00bb, declar\u00f3 la canciller, Angela Merkel, citada por la agencia Europa Press, y constat\u00f3 un \u00abcrecimiento exponencial\u00bb de infecciones, que tambi\u00e9n se replica en Suiza.<\/p>\n<p>Gregor Z\u00fcnd, director del Hospital Universitario de Z\u00farich, reclam\u00f3 un \u00abcierre nacional\u00bb que abarque comercios, restaurantes, museos y centros deportivos, para poder atajar el aumento de casos que registran un promedio de 5.000 diarios, convirtiendo a Suiza en uno de los pa\u00edses europeos con mayor tasa de contagios.<\/p>\n<p>&nbsp; <\/p>\n<div class=\"image\" id=\"image\" readability=\"8\"> <img src=\"http:\/\/hoycordobaweb.com\/wp-content\/uploads\/2020\/12\/eeuu-inicio-la-distribucion-de-la-vacuna-de-pfizer-y-la-aplicara-desde-este-lunes-4.jpg\" alt=\"Estados Unidos se convirti\u00f3 as\u00ed en el sexto pa\u00eds en aprobar la vacuna de la alianza estadounidense-alemana.\" title=\"Estados Unidos se convirti\u00f3 as\u00ed en el sexto pa\u00eds en aprobar la vacuna de la alianza estadounidense-alemana.\"><\/p>\n<p>Estados Unidos se convirti\u00f3 as\u00ed en el sexto pa\u00eds en aprobar la vacuna de la alianza estadounidense-alemana.<\/p>\n<\/div>\n<p>Por otro lado, Corea del Sur, se\u00f1alado en otro tiempo como un modelo en la lucha contra la pandemia, registr\u00f3 este unes 1.030 nuevos casos, un r\u00e9cord por segundo d\u00eda consecutivo en medio de la tercera ola.<\/p>\n<p>Israel, por su parte, anunci\u00f3 que emitir\u00e1 un \u201cpasaporte verde\u201d para los ciudadanos que hayan sido inmunizados contra el coronavirus, lo que les permitir\u00e1 viajar sin someterse a cuarentena y asistir sin restricciones a lugares y actos p\u00fablicos.<\/p>\n<p>El gobierno israel\u00ed inform\u00f3 que comenzar\u00eda a aplicar las primeras dosis de la vacuna el 27 de este mes, aunque fuentes oficiales admitieron que el plan podr\u00eda posponerse si las vacunas del laboratorio estadounidense Pfizer no llegan a tiempo.<\/p>\n<p>Otro pa\u00eds que aguarda el arribo de la vacuna es Palestina, donde actualmente se est\u00e1 reportando el mayor n\u00famero de muertes diarias por el coronavirus desde el inicio de la pandemia. Seg\u00fan la Autoridad Nacional Palestina, se prev\u00e9 que en las pr\u00f3ximas semanas arriben cuatro millones de dosis de la vacuna rusa Sputnik V.<\/p>\n<p>\u00abPara finales de a\u00f1o o principios de 2021 comenzaremos a inocular a los que est\u00e1n en mayor riesgo de contraer el coronavirus\u00bb, dijo Osama al-Najjar, alto funcionario de Salud de la ANP en un programa de la emisora Voz de Palestina, citado por la agencia Sputnik.<\/p>\n<p>La pandemia tampoco da respiro en Brasil, que atraviesa la segunda ola y super\u00f3 el viernes \u00faltimo la marca de las 180.000 defunciones, arrojando una tasa de mortalidad (85 por 100.000) id\u00e9ntica a la de Francia.<\/p>\n<p>El Gobierno brasile\u00f1o public\u00f3 este domingo un plan de vacunaci\u00f3n que fue criticado por especialistas y medios de comunicaci\u00f3n por no contemplar las dosis chinas adquiridas por le Gobierno de San Pablo, no informar el inicio de la campa\u00f1a, ni c\u00f3mo se alcanzar\u00e1 el objetivo de inmunizar a 70% de la poblaci\u00f3n.<\/p>\n<p>Seg\u00fan los datos presentados por el Ministerio de Salud, se prev\u00e9 vacunar en una primera etapa a cerca de 14 millones de personas de alto riesgo, incluidos trabajadores de la salud, adultos mayores e ind\u00edgenas, y en las tres siguientes a 51,6 millones de habitantes (alrededor de 24% de la poblaci\u00f3n) y cubrir finalmente a m\u00e1s de 70% de las personas, aunque no dio detalles de c\u00f3mo se har\u00e1.<\/p>\n<p>A casi un a\u00f1o del inicio de la pandemia de la Covid-19 en la ciudad china de Wuhan, el mundo acumulaba este domingo m\u00e1s de 72 millones de contagios y m\u00e1s de 1,61 millones de defunciones, seg\u00fan el recuento permanente de la Universidad Johns Hopkins (JHU). <\/p>\n","protected":false},"excerpt":{"rendered":"<p>&nbsp; Las dosis ser\u00e1n expedidas en cajas con nieve carb\u00f3nica, que las mantendr\u00e1 a -70 \u00baC. En medio de un rebrote nacional de contagios de coronavirus, Estados Unidos inici\u00f3 este domingo el proceso de distribuci\u00f3n de los lotes de la vacuna de Pfizer y BioNTech, tras haberse convertido en el sexto pa\u00eds en aprobar las [&hellip;]<\/p>\n","protected":false},"author":1,"featured_media":7461,"comment_status":"open","ping_status":"closed","sticky":false,"template":"","format":"standard","meta":[],"categories":[24],"tags":[],"_links":{"self":[{"href":"http:\/\/hoycordobaweb.com\/index.php\/wp-json\/wp\/v2\/posts\/7460"}],"collection":[{"href":"http:\/\/hoycordobaweb.com\/index.php\/wp-json\/wp\/v2\/posts"}],"about":[{"href":"http:\/\/hoycordobaweb.com\/index.php\/wp-json\/wp\/v2\/types\/post"}],"author":[{"embeddable":true,"href":"http:\/\/hoycordobaweb.com\/index.php\/wp-json\/wp\/v2\/users\/1"}],"replies":[{"embeddable":true,"href":"http:\/\/hoycordobaweb.com\/index.php\/wp-json\/wp\/v2\/comments?post=7460"}],"version-history":[{"count":0,"href":"http:\/\/hoycordobaweb.com\/index.php\/wp-json\/wp\/v2\/posts\/7460\/revisions"}],"wp:featuredmedia":[{"embeddable":true,"href":"http:\/\/hoycordobaweb.com\/index.php\/wp-json\/wp\/v2\/media\/7461"}],"wp:attachment":[{"href":"http:\/\/hoycordobaweb.com\/index.php\/wp-json\/wp\/v2\/media?parent=7460"}],"wp:term":[{"taxonomy":"category","embeddable":true,"href":"http:\/\/hoycordobaweb.com\/index.php\/wp-json\/wp\/v2\/categories?post=7460"},{"taxonomy":"post_tag","embeddable":true,"href":"http:\/\/hoycordobaweb.com\/index.php\/wp-json\/wp\/v2\/tags?post=7460"}],"curies":[{"name":"wp","href":"https:\/\/api.w.org\/{rel}","templated":true}]}}