{"id":74545,"date":"2024-03-13T16:36:27","date_gmt":"2024-03-13T16:36:27","guid":{"rendered":"https:\/\/www.mujerhoy.com\/moda\/no-te-pierdas\/banadores-bikinis-trajes-banos-bonitos-tendencia-temporada-semana-santa-20240313140229-nt.html"},"modified":"2024-03-13T16:36:27","modified_gmt":"2024-03-13T16:36:27","slug":"los-banadores-y-bikinis-que-no-pueden-faltar-en-tu-maleta-si-pasas-las-vacaciones-de-semana-santa-en-la-playa","status":"publish","type":"post","link":"http:\/\/hoycordobaweb.com\/index.php\/2024\/03\/13\/los-banadores-y-bikinis-que-no-pueden-faltar-en-tu-maleta-si-pasas-las-vacaciones-de-semana-santa-en-la-playa\/","title":{"rendered":"Los ba\u00f1adores y bikinis que no pueden faltar en tu maleta si pasas las vacaciones de Semana Santa en la playa"},"content":{"rendered":"<p><!-- AUTHOR --> <\/p>\n<div class=\"voc-author-timesocial \"> <!-- AUTHOR --> <\/p>\n<div class=\"voc-author-timesocial__signature\"> <!-- IMAGE AUTHOR --> <picture class=\"voc-image-signature\"> <img class=\"voc-image-signature__img\" src=\"http:\/\/hoycordobaweb.com\/wp-content\/uploads\/2024\/03\/los-banadores-y-bikinis-que-no-pueden-faltar-en-tu-maleta-si-pasas-las-vacaciones-de-semana-santa-en-la-playa.jpg\" alt=\"Elena Romero Vargas\"> <\/picture> <!-- INFO AUTHOR --> <\/div><\/div>\n<p> <!-- COMPONENTS --> <\/p>\n<p class=\"voc-paragraph\">A estas alturas del a\u00f1o, con las temperaturas cada vez m\u00e1s altas y el buen tiempo cada vez m\u00e1s cerca, es imposible no pensar en el idilio de unas vacaciones junto al mar. Algunas, incluso, las tendr\u00e1n ya fijadas para la pr\u00f3xima Semana Santa. Pero con la organizaci\u00f3n de unas vacaciones llega tambi\u00e9n uno de los retos m\u00e1s temidos: <strong>hacer la maleta perfecta<\/strong>.\n<\/p>\n<p class=\"voc-paragraph\">Si ya sabes que el sol va a ser tu compa\u00f1ero de viaje en estas vacaciones. la <strong>ropa de entretiempo<\/strong> se va a convertir en tu estilismo de cabecera. Pero, junto a las <a data-voc-vtm-id=\"in-text-traffic\" href=\"https:\/\/www.mujerhoy.com\/moda\/tendencias\/tendencias-primavera-street-style-moda-temporada-20240223103123-nt.html\">prendas tendencias de primavera <\/a>que te permitir\u00e1n lucir tus mejores estilismos hay algo que no puede faltar en este equipaje, especialmente si tu destino es la playa.\n<\/p>\n<div class=\"voc-detail__cmp\">\n<div class=\"voc-article-container\">\n<article class=\"voc-article voc-article--cmp-related voc-article--photo-left voc-article--photo-left--right-xs voc-home-tit-st\">\n<div class=\"voc-img-container \"> <picture> <a href=\"https:\/\/www.mujerhoy.com\/moda\/no-te-pierdas\/bikinis-imprescindibles-verano-reforzar-imagen-silueta-20230714132951-nt.html#vca=modulos&amp;vso=mujerhoy&amp;vmc=noticias-rel-cmp&amp;vli=no%20te%20pierdas\" class=\"voc-horizontal voc-img-icon-link\"> <img alt=\"Estos son los bikinis imprescindibles para este verano para resaltar tu silueta y sacar todo el potencial a tu cuerpo\" class=\"lazy\" loading=\"lazy\" data-original=\" \/\/static.mujerhoy.com\/www\/multimedia\/202307\/13\/media\/cortadas\/bikinis-vivianhoorn-ktJG-U200759566121Tc-624x624@MujerHoy.jpg \"> <\/a> <\/picture> <\/div>\n<\/article><\/div>\n<\/div>\n<p class=\"voc-paragraph\">Estamos hablando de los <strong>trajes de ba\u00f1o<\/strong>, un imprescindible que, m\u00e1s all\u00e1 del fin que su propio nombre indica, sienta fenomenal y nos puede servir incluso como <a data-voc-vtm-id=\"in-text-traffic\" href=\"https:\/\/www.mujerhoy.com\/moda\/no-te-pierdas\/banador-top-traje-lino-barato-influencer-comodo-ponible-parfois-20220708143146-nt.html\">prenda estrella de los looks m\u00e1s originales<\/a>. Si a\u00fan no te has hecho con los ba\u00f1adores y bikinis de esta temporada, toma nota, porque te traemos los modelos m\u00e1s bonitos para tus pr\u00f3ximas vacaciones.\n<\/p>\n<div class=\"voc-detail__cmp\">\n<div class=\"voc-article-container\">\n<article class=\"voc-article voc-article--cmp-photo-text\" readability=\"26\">\n<div class=\"voc-img-container\" readability=\"7\"> <picture>\n<div class=\"voc-horizontal voc-img-icon-link\"> <img class=\"lazy\" loading=\"lazy\" data-original=\"\/\/static1.mujerhoy.com\/www\/multimedia\/202403\/13\/media\/cortadas\/bikini-mango-kvr--624x624@MujerHoy.jpg\" alt=\"Bikini con estampado de leopardo\" width=\"624\" height=\"624\"> <\/div>\n<\/picture>\n<p class=\"figure-caption \"> Bikini con estampado de leopardo \/ <span class=\"voc-photo-author\"> mango <\/span> <\/p>\n<\/p><\/div>\n<\/article><\/div>\n<\/div>\n<p><h3 class=\"voc-detail__title\"> Bikini con animal print de Mango<br \/>\n<\/h3>\n<\/p>\n<p class=\"voc-paragraph\">Una de las tendencias m\u00e1s potentes de la temporada es el <strong>animal print<\/strong>, que llega tambi\u00e9n a los trajes de ba\u00f1o. Si quieres sumarte a ella, atr\u00e9vete con este bikini con top tri\u00e1ngulo y braguita de lazos de Mango.\n<\/p>\n<div class=\"voc-detail__cmp\">\n<div class=\"voc-article-container\">\n<article class=\"voc-article voc-article--cmp-photo-text\" readability=\"26\">\n<div class=\"voc-img-container\" readability=\"7\"> <picture>\n<div class=\"voc-horizontal voc-img-icon-link\"> <img class=\"lazy\" loading=\"lazy\" data-original=\"\/\/static.mujerhoy.com\/www\/multimedia\/202403\/13\/media\/cortadas\/banador-zara-kvr--624x624@MujerHoy.jpg\" alt=\"Ba\u00f1ador con estampado de leopardo\" width=\"624\" height=\"624\"> <\/div>\n<\/picture>\n<p class=\"figure-caption \"> Ba\u00f1ador con estampado de leopardo \/ <span class=\"voc-photo-author\"> zara <\/span> <\/p>\n<\/p><\/div>\n<\/article><\/div>\n<\/div>\n<p><h3 class=\"voc-detail__title\"> Ba\u00f1ador con animal print de Zara<br \/>\n<\/h3>\n<\/p>\n<p class=\"voc-paragraph\">Otra opci\u00f3n para incluir el animal print en tu ropa de ba\u00f1o es este ba\u00f1ador de zara con escote de pico profundo y cuello halter. Esta opci\u00f3n<br \/>\n<strong> va a enamorar a las m\u00e1s elegantes <\/strong>porque estiliza much\u00edsimo y estamos seguras de que se va a convertir en tu estilismo de beach parties de cabecera.\n<\/p>\n<div class=\"voc-detail__cmp\">\n<div class=\"voc-article-container\">\n<article class=\"voc-article voc-article--cmp-photo-text\" readability=\"26\">\n<div class=\"voc-img-container\" readability=\"7\"> <picture>\n<div class=\"voc-horizontal voc-img-icon-link\"> <img class=\"lazy\" loading=\"lazy\" data-original=\"\/\/static2.mujerhoy.com\/www\/multimedia\/202403\/13\/media\/cortadas\/banador-hm-kvr--624x624@MujerHoy.jpg\" alt=\"Ba\u00f1ador negro con cut out\" width=\"624\" height=\"624\"> <\/div>\n<\/picture>\n<p class=\"figure-caption \"> Ba\u00f1ador negro con cut out \/ <span class=\"voc-photo-author\"> H&amp;M <\/span> <\/p>\n<\/p><\/div>\n<\/article><\/div>\n<\/div>\n<p><h3 class=\"voc-detail__title\"> Ba\u00f1ador con cut out de H&amp;M<br \/>\n<\/h3>\n<\/p>\n<p class=\"voc-paragraph\">Los<br \/>\n<strong> trajes de ba\u00f1o negros <\/strong>suelen ser el b\u00e1sico favorito de las m\u00e1s elegantes. Es una apuesta segura que sienta bien a casi todas las siluetas y que, adem\u00e1s, puedes aprovechar para llevar como body en algunos looks. Este modelo de H&amp;M, adem\u00e1s, destaca por un su escote asim\u00e9trico y el cut out que lo convierten en una prenda s\u00faper original.\n<\/p>\n<div class=\"voc-detail__cmp\">\n<div class=\"voc-article-container\">\n<article class=\"voc-article voc-article--cmp-photo-text\" readability=\"26\">\n<div class=\"voc-img-container\" readability=\"7\"> <picture>\n<div class=\"voc-horizontal voc-img-icon-link\"> <img class=\"lazy\" loading=\"lazy\" data-original=\"\/\/static3.mujerhoy.com\/www\/multimedia\/202403\/13\/media\/cortadas\/bikini-oysho-kvr--624x624@MujerHoy.jpg\" alt=\"Bikini verde zafiro\" width=\"624\" height=\"624\"> <\/div>\n<\/picture>\n<p class=\"figure-caption \"> Bikini verde zafiro \/ <span class=\"voc-photo-author\"> oysho <\/span> <\/p>\n<\/p><\/div>\n<\/article><\/div>\n<\/div>\n<p><h3 class=\"voc-detail__title\"> Bikini de tejido piqu\u00e9 de Oysho<br \/>\n<\/h3>\n<\/p>\n<p class=\"voc-paragraph\">Si est\u00e1s buscando un bikini cl\u00e1sico que, adem\u00e1s, <strong>resalte con el bronceado<\/strong>, este de Oysho es para ti. Su color verde zafiro favorece especialmente a las pieles m\u00e1s morenas, por lo que ser\u00e1 tu gran aliado a la hora de presumir en tus vacaciones (siempre sin olvidar la protecci\u00f3n solar).\n<\/p>\n<div class=\"voc-detail__cmp\">\n<div class=\"voc-article-container\">\n<article class=\"voc-article voc-article--cmp-photo-text\" readability=\"26\">\n<div class=\"voc-img-container\" readability=\"7\"> <picture>\n<div class=\"voc-horizontal voc-img-icon-link\"> <img class=\"lazy\" loading=\"lazy\" data-original=\"\/\/static2.mujerhoy.com\/www\/multimedia\/202403\/13\/media\/cortadas\/bikini-rayas-ws-kvr--624x624@MujerHoy.jpg\" alt=\"Bikini de rayas\" width=\"624\" height=\"624\"> <\/div>\n<\/picture>\n<p class=\"figure-caption \"> Bikini de rayas \/ <span class=\"voc-photo-author\"> Women&#8217;Secret <\/span> <\/p>\n<\/p><\/div>\n<\/article><\/div>\n<\/div>\n<p><h3 class=\"voc-detail__title\"> Bikini de rayas de Women&#8217;secret<br \/>\n<\/h3>\n<\/p>\n<p class=\"voc-paragraph\">Otra opci\u00f3n de bikini colorido, c\u00f3modo y favorecedor es este de rayas de Women&#8217;secret. Sus <strong>colores s\u00faper primaverales <\/strong>dan alegr\u00eda al rostro y reflejan ese aire de relax y diversi\u00f3n propio de las vacaciones. Adem\u00e1s, su top en forma triangular puede ponerse en m\u00faltiples posiciones seg\u00fan te resulte m\u00e1s c\u00f3modo.\n<\/p>\n<div class=\"voc-detail__cmp\">\n<div class=\"voc-article-container\">\n<article class=\"voc-article voc-article--cmp-photo-text\" readability=\"26\">\n<div class=\"voc-img-container\" readability=\"7\"> <picture>\n<div class=\"voc-horizontal voc-img-icon-link\"> <img class=\"lazy\" loading=\"lazy\" data-original=\"\/\/static2.mujerhoy.com\/www\/multimedia\/202403\/13\/media\/cortadas\/banador-primark-kvr--624x624@MujerHoy.jpg\" alt=\"Ba\u00f1ador palabra de honor\" width=\"624\" height=\"624\"> <\/div>\n<\/picture>\n<p class=\"figure-caption \"> Ba\u00f1ador palabra de honor \/ <span class=\"voc-photo-author\"> primark <\/span> <\/p>\n<\/p><\/div>\n<\/article><\/div>\n<\/div>\n<p><h3 class=\"voc-detail__title\"> Ba\u00f1ador palabra de honor de Primark<br \/>\n<\/h3>\n<\/p>\n<p class=\"voc-paragraph\">Si eres de las que no quieres arriesgarte a que se quede <strong>ning\u00fan tipo de marca<\/strong> por el sol, un traje de ba\u00f1o como este de Primark con escote palabra de honor es justo lo que necesitas. Este dise\u00f1o con aires rom\u00e1nticos es c\u00f3modo y s\u00faper favorecedor. Ideal para llevar en tu maleta de vacaciones a la playa.\n<\/p>\n<p> <!-- TOPICS --> <\/p>\n","protected":false},"excerpt":{"rendered":"<p>A estas alturas del a\u00f1o, con las temperaturas cada vez m\u00e1s altas y el buen tiempo cada vez m\u00e1s cerca, es imposible no pensar en el idilio de unas vacaciones junto al mar. Algunas, incluso, las tendr\u00e1n ya fijadas para la pr\u00f3xima Semana Santa. Pero con la organizaci\u00f3n de unas vacaciones llega tambi\u00e9n uno de [&hellip;]<\/p>\n","protected":false},"author":1,"featured_media":74546,"comment_status":"closed","ping_status":"closed","sticky":false,"template":"","format":"standard","meta":[],"categories":[1],"tags":[],"_links":{"self":[{"href":"http:\/\/hoycordobaweb.com\/index.php\/wp-json\/wp\/v2\/posts\/74545"}],"collection":[{"href":"http:\/\/hoycordobaweb.com\/index.php\/wp-json\/wp\/v2\/posts"}],"about":[{"href":"http:\/\/hoycordobaweb.com\/index.php\/wp-json\/wp\/v2\/types\/post"}],"author":[{"embeddable":true,"href":"http:\/\/hoycordobaweb.com\/index.php\/wp-json\/wp\/v2\/users\/1"}],"replies":[{"embeddable":true,"href":"http:\/\/hoycordobaweb.com\/index.php\/wp-json\/wp\/v2\/comments?post=74545"}],"version-history":[{"count":0,"href":"http:\/\/hoycordobaweb.com\/index.php\/wp-json\/wp\/v2\/posts\/74545\/revisions"}],"wp:featuredmedia":[{"embeddable":true,"href":"http:\/\/hoycordobaweb.com\/index.php\/wp-json\/wp\/v2\/media\/74546"}],"wp:attachment":[{"href":"http:\/\/hoycordobaweb.com\/index.php\/wp-json\/wp\/v2\/media?parent=74545"}],"wp:term":[{"taxonomy":"category","embeddable":true,"href":"http:\/\/hoycordobaweb.com\/index.php\/wp-json\/wp\/v2\/categories?post=74545"},{"taxonomy":"post_tag","embeddable":true,"href":"http:\/\/hoycordobaweb.com\/index.php\/wp-json\/wp\/v2\/tags?post=74545"}],"curies":[{"name":"wp","href":"https:\/\/api.w.org\/{rel}","templated":true}]}}