{"id":74468,"date":"2024-03-12T14:17:36","date_gmt":"2024-03-12T14:17:36","guid":{"rendered":"https:\/\/fono.fcm.unc.edu.ar\/?p=11808"},"modified":"2024-03-12T14:17:36","modified_gmt":"2024-03-12T14:17:36","slug":"experiencias-que-inspiran-el-aprendizaje-docentes-protagonistas-de-la-transformacion-educativa","status":"publish","type":"post","link":"http:\/\/hoycordobaweb.com\/index.php\/2024\/03\/12\/experiencias-que-inspiran-el-aprendizaje-docentes-protagonistas-de-la-transformacion-educativa\/","title":{"rendered":"\u201cExperiencias que inspiran el aprendizaje: docentes protagonistas de la transformaci\u00f3n educativa\u201d"},"content":{"rendered":"<h2 class=\"fusion-post-title\">\u201cExperiencias que inspiran el aprendizaje: docentes protagonistas de la transformaci\u00f3n educativa\u201d<\/h2>\n<div class=\"post-content\" readability=\"54.240574506284\">\n<p><img loading=\"lazy\" class=\"alignright size-fusion-400 wp-image-11809\" src=\"https:\/\/fono.fcm.unc.edu.ar\/wp-content\/uploads\/sites\/14\/2024\/03\/FLYER-Experiencias-q-inspiran-FEED-2-400x400.png\" alt width=\"400\" height=\"400\" srcset=\"https:\/\/fono.fcm.unc.edu.ar\/wp-content\/uploads\/sites\/14\/2024\/03\/FLYER-Experiencias-q-inspiran-FEED-2-66x66.png 66w, https:\/\/fono.fcm.unc.edu.ar\/wp-content\/uploads\/sites\/14\/2024\/03\/FLYER-Experiencias-q-inspiran-FEED-2-150x150.png 150w, https:\/\/fono.fcm.unc.edu.ar\/wp-content\/uploads\/sites\/14\/2024\/03\/FLYER-Experiencias-q-inspiran-FEED-2-200x200.png 200w, https:\/\/fono.fcm.unc.edu.ar\/wp-content\/uploads\/sites\/14\/2024\/03\/FLYER-Experiencias-q-inspiran-FEED-2-300x300.png 300w, https:\/\/fono.fcm.unc.edu.ar\/wp-content\/uploads\/sites\/14\/2024\/03\/FLYER-Experiencias-q-inspiran-FEED-2-400x400.png 400w, https:\/\/fono.fcm.unc.edu.ar\/wp-content\/uploads\/sites\/14\/2024\/03\/FLYER-Experiencias-q-inspiran-FEED-2-600x600.png 600w, https:\/\/fono.fcm.unc.edu.ar\/wp-content\/uploads\/sites\/14\/2024\/03\/FLYER-Experiencias-q-inspiran-FEED-2-768x768.png 768w, https:\/\/fono.fcm.unc.edu.ar\/wp-content\/uploads\/sites\/14\/2024\/03\/FLYER-Experiencias-q-inspiran-FEED-2-800x800.png 800w, https:\/\/fono.fcm.unc.edu.ar\/wp-content\/uploads\/sites\/14\/2024\/03\/FLYER-Experiencias-q-inspiran-FEED-2-1024x1024.png 1024w, https:\/\/fono.fcm.unc.edu.ar\/wp-content\/uploads\/sites\/14\/2024\/03\/FLYER-Experiencias-q-inspiran-FEED-2-1200x1200.png 1200w, https:\/\/fono.fcm.unc.edu.ar\/wp-content\/uploads\/sites\/14\/2024\/03\/FLYER-Experiencias-q-inspiran-FEED-2.png 1500w\" sizes=\"(max-width: 400px) 100vw, 400px\">En los escenarios educativos actuales, la Universidad Nacional de C\u00f3rdoba (UNC) se encuentra en un proceso de incorporaci\u00f3n de formas creativas, novedosas y originales de ense\u00f1ar y aprender, ante nuevas demandas y necesidades de la comunidad universitaria en su conjunto.<\/p>\n<p>En ese marco, la Universidad Nacional de C\u00f3rdoba(UNC), a trav\u00e9s de la Secretar\u00eda de Asuntos Acad\u00e9micos, organiza la actividad <em>\u201cExperiencias que inspiran el aprendizaje: docentes protagonistas de la transformaci\u00f3n educativa\u201d<\/em>, que busca inspirar nuevas ideas y fortalecer la cultura de la innovaci\u00f3n.<\/p>\n<p>El evento se realizar\u00e1 el jueves 21 de marzo de 9 a 13.30 en el Pabell\u00f3n Argentina. Quienes asistan podr\u00e1n recorrer una muestra exploratoria de experiencias de aprendizaje innovadoras y significativas realizadas por docentes de la universidad, como as\u00ed tambi\u00e9n participar de la conferencia a cargo de Rebeca Anijovich, especialista en educaci\u00f3n.<\/p>\n<p>Las actividades est\u00e1n destinadas a docentes de la UNC y hay tiempo para inscribirse&nbsp;hasta el lunes 18 de marzo&nbsp;en el siguiente formulario:&nbsp;<a href=\"https:\/\/forms.gle\/s6ctH8MMPFhK2T4r6\" target=\"_blank\" rel=\"noopener noreferrer\">https:\/\/forms.gle\/s6ctH8MMPFhK2T4r6<\/a><\/p>\n<\/p><\/div>\n","protected":false},"excerpt":{"rendered":"<p>\u201cExperiencias que inspiran el aprendizaje: docentes protagonistas de la transformaci\u00f3n educativa\u201d En los escenarios educativos actuales, la Universidad Nacional de C\u00f3rdoba (UNC) se encuentra en un proceso de incorporaci\u00f3n de formas creativas, novedosas y originales de ense\u00f1ar y aprender, ante nuevas demandas y necesidades de la comunidad universitaria en su conjunto. En ese marco, la [&hellip;]<\/p>\n","protected":false},"author":1,"featured_media":0,"comment_status":"closed","ping_status":"closed","sticky":false,"template":"","format":"standard","meta":[],"categories":[1],"tags":[],"_links":{"self":[{"href":"http:\/\/hoycordobaweb.com\/index.php\/wp-json\/wp\/v2\/posts\/74468"}],"collection":[{"href":"http:\/\/hoycordobaweb.com\/index.php\/wp-json\/wp\/v2\/posts"}],"about":[{"href":"http:\/\/hoycordobaweb.com\/index.php\/wp-json\/wp\/v2\/types\/post"}],"author":[{"embeddable":true,"href":"http:\/\/hoycordobaweb.com\/index.php\/wp-json\/wp\/v2\/users\/1"}],"replies":[{"embeddable":true,"href":"http:\/\/hoycordobaweb.com\/index.php\/wp-json\/wp\/v2\/comments?post=74468"}],"version-history":[{"count":0,"href":"http:\/\/hoycordobaweb.com\/index.php\/wp-json\/wp\/v2\/posts\/74468\/revisions"}],"wp:attachment":[{"href":"http:\/\/hoycordobaweb.com\/index.php\/wp-json\/wp\/v2\/media?parent=74468"}],"wp:term":[{"taxonomy":"category","embeddable":true,"href":"http:\/\/hoycordobaweb.com\/index.php\/wp-json\/wp\/v2\/categories?post=74468"},{"taxonomy":"post_tag","embeddable":true,"href":"http:\/\/hoycordobaweb.com\/index.php\/wp-json\/wp\/v2\/tags?post=74468"}],"curies":[{"name":"wp","href":"https:\/\/api.w.org\/{rel}","templated":true}]}}