{"id":74454,"date":"2024-03-11T15:02:15","date_gmt":"2024-03-11T15:02:15","guid":{"rendered":"https:\/\/www.ole.com.ar\/futbol-internacional\/fortaleza-contundente-pedido-justicia-salio-cancha-camisetas-manchadas-sangre_0_P8VHCfKRtm.html"},"modified":"2024-03-11T15:02:15","modified_gmt":"2024-03-11T15:02:15","slug":"fortaleza-y-un-contundente-pedido-de-justicia-salio-a-la-cancha-con-camisetas-manchadas-con-sangre","status":"publish","type":"post","link":"http:\/\/hoycordobaweb.com\/index.php\/2024\/03\/11\/fortaleza-y-un-contundente-pedido-de-justicia-salio-a-la-cancha-con-camisetas-manchadas-con-sangre\/","title":{"rendered":"Fortaleza y un contundente pedido de justicia: sali\u00f3 a la cancha con camisetas \u00abmanchadas con sangre\u00bb"},"content":{"rendered":"<p><img src=\"http:\/\/hoycordobaweb.com\/wp-content\/uploads\/2024\/03\/fortaleza-y-un-contundente-pedido-de-justicia-salio-a-la-cancha-con-camisetas-manchadas-con-sangre.jpg\"><\/p>\n<p><time class=\"createDate\" datetime=\"2024-03-11T12:02:15-03:00\">11\/03\/2024 12:02hs.<\/time><\/p>\n<div id=\"storyBody\">\n<div class=\"custom-text \" readability=\"36.388888888889\">\n<p>Hace poco menos de un mes, <strong>tras el empate 1-1 entre<\/strong> <strong><a href=\"https:\/\/www.ole.com.ar\/tema\/sport-recife.html\" title=\"Sport Recife\" alt=\"Sport Recife\" class=\"slug\">Sport Recife<\/a><\/strong> y <strong><a href=\"https:\/\/www.ole.com.ar\/tema\/fortaleza.html\" title=\"Fortaleza\" alt=\"Fortaleza\" class=\"slug\">Fortaleza <\/a><\/strong>por la <strong>Copa do Nordeste<\/strong>, el equipo dirigido por <strong><a href=\"https:\/\/www.ole.com.ar\/tema\/juan-pablo-vojvoda.html\" title=\"Juan Pablo Vojvoda\" alt=\"Juan Pablo Vojvoda\" class=\"slug\">Juan Pablo Vojvoda<\/a> <\/strong>sufri\u00f3 una violenta agresi\u00f3n, cuando un grupo de barras del Recife <strong>atac\u00f3 a piedrazos al micro que trasladaba al plantel, en la salida del estadio Arena do Pernambuco.<\/strong> Seis jugadores, entre ellos los defensores argentinos<strong> Gonzalo Escobar y Emanuel Br\u00edtez resultaron heridos del ataque. <\/strong><\/p>\n<\/div>\n<div class=\"sc-a7166897-0 exHLBh\" readability=\"6.5\">\n<section readability=\"3\"><picture><img alt=\"Violencia en Brasil: atacaron a piedrazos el micro de Fortaleza y seis jugadores resultaron heridos\" src=\"http:\/\/hoycordobaweb.com\/wp-content\/uploads\/2024\/03\/fortaleza-y-un-contundente-pedido-de-justicia-salio-a-la-cancha-con-camisetas-manchadas-con-sangre-2.jpg\" width=\"290\" height=\"290\" decoding=\"async\" data-nimg=\"future\" loading=\"lazy\"><\/picture>\n<p><span>Mir\u00e1 tambi\u00e9n<\/span><\/p>\n<hr>\n<h3>Violencia en Brasil: atacaron a piedrazos el micro de Fortaleza y seis jugadores resultaron heridos<\/h3>\n<\/p>\n<\/section>\n<\/div>\n<div class=\"custom-text \" readability=\"42\">\n<p>A 18 d\u00edas de ese violento episodio,<strong> no hay detenidos y tanto Escobar como Tit\u00ed, otro de los heridos, a\u00fan no pudieron volver a jugar por sus respectivas lesiones. <\/strong>Ante esto, Fortaleza <strong>decidi\u00f3 visibilizar su pedido de justicia <\/strong>y, en la previa del encuentro ante Maracan\u00e1, v\u00e1lido por la primera semifinal del Campeonato Cearense, tanto el plantel como el cuerpo t\u00e9cnico<strong> sali\u00f3 a la cancha con camisetas que simulaban manchas de sangre en el frente y en las espalda. <\/strong><\/p>\n<\/div>\n<div class=\"sc-e7b891c4-0 jPbnQF\"><img alt=\"Fortaleza pidi\u00f3 justicia tras el atentado. Fotos: Prensa Fortaleza.\" src=\"http:\/\/hoycordobaweb.com\/wp-content\/uploads\/2024\/03\/fortaleza-y-un-contundente-pedido-de-justicia-salio-a-la-cancha-con-camisetas-manchadas-con-sangre-3.jpg\" width=\"720\" height=\"100\" decoding=\"async\" data-nimg=\"future\" loading=\"lazy\"><span class=\"epigraphe\">Fortaleza pidi\u00f3 justicia tras el atentado. Fotos: Prensa Fortaleza.<\/span><\/div>\n<div class=\"custom-text \" readability=\"40\">\n<p>Adem\u00e1s, en la parte de atr\u00e1s, <strong>las camisetas ten\u00edan escrito \u00ab1,5 cent\u00edmetros\u00bb.<\/strong> Seg\u00fan el club, si el piedrazo que lastim\u00f3 a uno de los jugadores en la cabeza se desviaba 1,5 cent\u00edmetros, <strong>podr\u00eda haber matado al futbolista. <\/strong><\/p>\n<\/div>\n<div class=\"sc-a7166897-0 exHLBh\" readability=\"6\">\n<section readability=\"2\"><picture><img alt=\"Escobar con 13 puntos de sutura: &quot;Se va a ocupar la Justicia&quot;\" src=\"http:\/\/hoycordobaweb.com\/wp-content\/uploads\/2024\/03\/fortaleza-y-un-contundente-pedido-de-justicia-salio-a-la-cancha-con-camisetas-manchadas-con-sangre-4.jpg\" width=\"290\" height=\"290\" decoding=\"async\" data-nimg=\"future\" loading=\"lazy\"><\/picture>\n<p><span>Mir\u00e1 tambi\u00e9n<\/span><\/p>\n<hr>\n<h3>Escobar con 13 puntos de sutura: \u00abSe va a ocupar la Justicia\u00bb<\/h3>\n<\/p>\n<\/section>\n<\/div>\n<div type=\"embed\" class=\"sc-7ce6049-0 dwIKul\">\n<div class=\"sc-7ce6049-1 bdcBBS videoText\" id=\"contentTitleembedXjeGtkyd\" type=\"embed\"><svg fill=\"#ffffff\"><symbol id=\"play\" viewBox=\"0 0 512 512\"><path d=\"M512 256C512 397.4 397.4 512 256 512C114.6 512 0 397.4 0 256C0 114.6 114.6 0 256 0C397.4 0 512 114.6 512 256zM176 168V344C176 352.7 180.7 360.7 188.3 364.9C195.8 369.2 205.1 369 212.5 364.5L356.5 276.5C363.6 272.1 368 264.4 368 256C368 247.6 363.6 239.9 356.5 235.5L212.5 147.5C205.1 142.1 195.8 142.8 188.3 147.1C180.7 151.3 176 159.3 176 168V168z\" \/><\/symbol><use xlink:href=\"#play\" \/><\/svg><\/p>\n<div class=\"right\">\n<p>Fortaleza<!-- --> &#8211;<!-- --> <span>11-3-2024<\/span><\/p>\n<h2 class=\"title-vid\">El plantel de Fortaleza, con la camiseta que hace alusi\u00f3n al atentado<\/h2>\n<\/div>\n<\/div>\n<p><span class=\"back\" id=\"spanBackembedXjeGtkyd\"><\/span><\/div>\n<div class=\"custom-text \" readability=\"35\">\n<p>Tal como destac\u00f3 el club en un comunicado, el mensaje en las camisetas <strong>\u00abrefuerza la b\u00fasqueda de justicia por el intento de asesinato que sufri\u00f3 la delegaci\u00f3n tricolor hace 18 d\u00edas en la capital de Pernambuco y que dej\u00f3 seis deportistas heridos\u00bb.<\/strong><\/p>\n<\/div>\n<div type=\"embed\" class=\"sc-7ce6049-0 dwIKul\">\n<div class=\"sc-7ce6049-1 bdcBBS videoText\" id=\"contentTitleembedvrtqlDLd\" type=\"embed\"><svg fill=\"#ffffff\"><symbol id=\"play\" viewBox=\"0 0 512 512\"><path d=\"M512 256C512 397.4 397.4 512 256 512C114.6 512 0 397.4 0 256C0 114.6 114.6 0 256 0C397.4 0 512 114.6 512 256zM176 168V344C176 352.7 180.7 360.7 188.3 364.9C195.8 369.2 205.1 369 212.5 364.5L356.5 276.5C363.6 272.1 368 264.4 368 256C368 247.6 363.6 239.9 356.5 235.5L212.5 147.5C205.1 142.1 195.8 142.8 188.3 147.1C180.7 151.3 176 159.3 176 168V168z\" \/><\/symbol><use xlink:href=\"#play\" \/><\/svg><\/p>\n<div class=\"right\">\n<p>Fortaleza<!-- --> &#8211;<!-- --> <span>11-3-2024<\/span><\/p>\n<h2 class=\"title-vid\">El cuerpo t\u00e9cnico tambi\u00e9n utiliz\u00f3 la camiseta \u00abmanchada con sangre\u00bb<\/h2>\n<\/div>\n<\/div>\n<p><span class=\"back\" id=\"spanBackembedvrtqlDLd\"><\/span><\/div>\n<p><h2><strong>Violencia en Brasil: atacaron a piedrazos el micro de Fortaleza y seis jugadores resultaron heridos<\/strong><\/h2>\n<\/p>\n<div class=\"custom-text \" readability=\"38\">\n<p>El empate 1-1 entre Sport Recife y Fortaleza por la Copa do Nordeste qued\u00f3 en un segundo plano tras el violento ataque que sufri\u00f3 el equipo dirigido por Juan Pablo Vojvoda. Seis futbolistas, entre ellos los defensores argentinos Gonzalo Escobar y Emanuel Br\u00edtez resultaron heridos en la noche del mi\u00e9rcoles, luego de que un grupo de hinchas del Recife atacara a piedrazos al micro en el que se trasladaba el plantel, en la salida del estadio a la salida del estadio Arena do Pernambuco.<\/p>\n<\/div>\n<div class=\"sc-e7b891c4-0 jPbnQF\"><img alt=\"Fortaleza pidi\u00f3 justicia tras el atentado. Fotos: Prensa Fortaleza.\" src=\"http:\/\/hoycordobaweb.com\/wp-content\/uploads\/2024\/03\/fortaleza-y-un-contundente-pedido-de-justicia-salio-a-la-cancha-con-camisetas-manchadas-con-sangre-5.jpg\" width=\"720\" height=\"100\" decoding=\"async\" data-nimg=\"future\" loading=\"lazy\"><span class=\"epigraphe\">Fortaleza pidi\u00f3 justicia tras el atentado. Fotos: Prensa Fortaleza.<\/span><\/div>\n<div class=\"custom-text \" readability=\"37\">\n<p>Tras constatar las lesiones de los futbolistas, el equipo fue conducido r\u00e1pidamente a un hospital local, donde el arquero <strong>Jo\u00e3o Ricardo y Escobar,<\/strong> recibieron puntos debido a sendos cortes provocados por el ataque.<\/p>\n<\/div>\n<div class=\"custom-text \" readability=\"40\">\n<p>Tal como especific\u00f3 Fortaleza en un comunicado, Ricardo termin\u00f3 con un corte en la ceja, mientras que Escobar sufri\u00f3 uno en la boca, otro en la ceja y un golpe en la cabeza. Por este motivo, en las pr\u00f3ximas horas ser\u00e1 sometido a una tomograf\u00eda. <strong>\u00abSe encuentra bien y consciente\u00bb, aclar\u00f3 el club.<\/strong><\/p>\n<\/div>\n<div class=\"sc-e7b891c4-0 jPbnQF\"><img alt=\"Fortaleza pidi\u00f3 justicia tras el atentado. Fotos: Prensa Fortaleza.\" src=\"http:\/\/hoycordobaweb.com\/wp-content\/uploads\/2024\/03\/fortaleza-y-un-contundente-pedido-de-justicia-salio-a-la-cancha-con-camisetas-manchadas-con-sangre-6.jpg\" width=\"720\" height=\"100\" decoding=\"async\" data-nimg=\"future\" loading=\"lazy\"><span class=\"epigraphe\">Fortaleza pidi\u00f3 justicia tras el atentado. Fotos: Prensa Fortaleza.<\/span><\/div>\n<div class=\"custom-text \" readability=\"39\">\n<p>El lateral derecho <strong>Dudu, los defensores Titi y Br\u00edtez, y el mediocampista Lucas Sasha <\/strong>tambi\u00e9n fueron alcanzados por los vidrios y sufrieron distintas heridas, aunque ninguna requiri\u00f3 sutura. Sobre el tema, el club inform\u00f3: \u00abser\u00e1n sometidos a cuidados m\u00e9dicos para retirar los fragmentos de vidrio de sus cuerpos\u00bb.<\/p>\n<\/div>\n<div class=\"custom-text \" readability=\"37\">\n<p>En videos compartidos por Fortaleza, se ve c\u00f3mo qued\u00f3 el micro luego del ataque y el estado de los jugadores heridos<strong>. El club denunci\u00f3 en su comunicado que, adem\u00e1s de los piedrazos, los violentos tambi\u00e9n arrojaron \u00abbombas\u00bb.<\/strong><\/p>\n<\/div>\n<div class=\"custom-text \" readability=\"35\">\n<p>El CEO del Fortaleza, Marcelo Paz,<strong> se manifest\u00f3 \u00abindignado\u00bb por lo sucedido y asegur\u00f3 que ataques como ese no \u00abcab\u00edan\u00bb<\/strong> en el f\u00fatbol brasile\u00f1o.<\/p>\n<\/div>\n<div class=\"custom-text \" readability=\"36\">\n<p><strong>\u00ab\u00bfQu\u00e9 van a hacer las autoridades? \u00bfQu\u00e9 va a hacer el f\u00fatbol?\u00bb<\/strong>, se pregunt\u00f3 Paz en redes sociales, al compartir im\u00e1genes de Escobar estirado en una cama de hospital con un par de vendas en el rostro.<\/p>\n<\/div>\n<div class=\"sc-e7b891c4-0 jPbnQF\"><img alt=\"Violento ataque al micro de Fortaleza.\" src=\"http:\/\/hoycordobaweb.com\/wp-content\/uploads\/2024\/03\/fortaleza-y-un-contundente-pedido-de-justicia-salio-a-la-cancha-con-camisetas-manchadas-con-sangre-7.jpg\" width=\"720\" height=\"100\" decoding=\"async\" data-nimg=\"future\" loading=\"lazy\"><span class=\"epigraphe\">Violento ataque al micro de Fortaleza.<\/span><\/div>\n<div class=\"custom-text \" readability=\"37\">\n<p>El Sport, por su parte,<strong> repudi\u00f3 \u00abvehementemente\u00bb el ataque en un comunicado, se puso a disposici\u00f3n de las autoridades para ayudar en las investigaciones y dijo que los \u00ababsurdos\u00bb<\/strong> actos de violencia no reflejan los valores del club.<\/p>\n<\/div>\n<\/div>\n","protected":false},"excerpt":{"rendered":"<p>11\/03\/2024 12:02hs. Hace poco menos de un mes, tras el empate 1-1 entre Sport Recife y Fortaleza por la Copa do Nordeste, el equipo dirigido por Juan Pablo Vojvoda sufri\u00f3 una violenta agresi\u00f3n, cuando un grupo de barras del Recife atac\u00f3 a piedrazos al micro que trasladaba al plantel, en la salida del estadio Arena [&hellip;]<\/p>\n","protected":false},"author":1,"featured_media":74455,"comment_status":"open","ping_status":"closed","sticky":false,"template":"","format":"standard","meta":[],"categories":[16],"tags":[],"_links":{"self":[{"href":"http:\/\/hoycordobaweb.com\/index.php\/wp-json\/wp\/v2\/posts\/74454"}],"collection":[{"href":"http:\/\/hoycordobaweb.com\/index.php\/wp-json\/wp\/v2\/posts"}],"about":[{"href":"http:\/\/hoycordobaweb.com\/index.php\/wp-json\/wp\/v2\/types\/post"}],"author":[{"embeddable":true,"href":"http:\/\/hoycordobaweb.com\/index.php\/wp-json\/wp\/v2\/users\/1"}],"replies":[{"embeddable":true,"href":"http:\/\/hoycordobaweb.com\/index.php\/wp-json\/wp\/v2\/comments?post=74454"}],"version-history":[{"count":0,"href":"http:\/\/hoycordobaweb.com\/index.php\/wp-json\/wp\/v2\/posts\/74454\/revisions"}],"wp:featuredmedia":[{"embeddable":true,"href":"http:\/\/hoycordobaweb.com\/index.php\/wp-json\/wp\/v2\/media\/74455"}],"wp:attachment":[{"href":"http:\/\/hoycordobaweb.com\/index.php\/wp-json\/wp\/v2\/media?parent=74454"}],"wp:term":[{"taxonomy":"category","embeddable":true,"href":"http:\/\/hoycordobaweb.com\/index.php\/wp-json\/wp\/v2\/categories?post=74454"},{"taxonomy":"post_tag","embeddable":true,"href":"http:\/\/hoycordobaweb.com\/index.php\/wp-json\/wp\/v2\/tags?post=74454"}],"curies":[{"name":"wp","href":"https:\/\/api.w.org\/{rel}","templated":true}]}}