{"id":74444,"date":"2024-03-11T18:21:12","date_gmt":"2024-03-11T18:21:12","guid":{"rendered":"https:\/\/www.ole.com.ar\/futbol-internacional\/ronaldo-nazario-kylian-mbappe-psg-real-madrid_0_dSejQ306aV.html"},"modified":"2024-03-11T18:21:12","modified_gmt":"2024-03-11T18:21:12","slug":"ronaldo-banco-la-llegada-de-mbappe-al-madrid","status":"publish","type":"post","link":"http:\/\/hoycordobaweb.com\/index.php\/2024\/03\/11\/ronaldo-banco-la-llegada-de-mbappe-al-madrid\/","title":{"rendered":"Ronaldo banc\u00f3 la llegada de Mbapp\u00e9 al Madrid"},"content":{"rendered":"<p><img src=\"http:\/\/hoycordobaweb.com\/wp-content\/uploads\/2024\/03\/ronaldo-banco-la-llegada-de-mbappe-al-madrid.jpg\"><\/p>\n<p><time class=\"createDate\" datetime=\"2024-03-11T15:21:12-03:00\">11\/03\/2024 15:21hs.<\/time><\/p>\n<div id=\"storyBody\">\n<div class=\"custom-text \" readability=\"37.333333333333\">\n<p><strong> <a href=\"https:\/\/www.ole.com.ar\/tema\/ronaldo-fenomeno.html\" title=\"Ronaldo fen\u00f3meno\" alt=\"Ronaldo fen\u00f3meno\" class=\"slug\">Ronaldo Naz\u00e1rio<\/a>, <\/strong>ex delantero del Real Madrid, habl\u00f3 sobre aquellos jugadores que m\u00e1s lo emocionan. Dentro de esa lista estaba el nombe de <strong><a href=\"https:\/\/www.ole.com.ar\/tema\/kylian-mbappe.html\" title=\"Kylian Mbapp\u00e9\" alt=\"Kylian Mbapp\u00e9\" class=\"slug\">Kylian Mbapp\u00e9<\/a><\/strong>, quien en las \u00faltimas semanas apareci\u00f3 como muy cercano a la Casa Blanca, ya que est\u00e1 oficializada su salida en junio del PSG. El Fen\u00f3meno se refiri\u00f3 al pase que podr\u00eda romper el mercado, y c\u00f3mo finalmente podr\u00eda ser la clave para que el franc\u00e9s consiga su tan esperado Bal\u00f3n de Oro.<\/p>\n<\/div>\n<div class=\"custom-text \" readability=\"38\">\n<p>\u00abTenemos que esperar hasta que sea oficial antes de hablar de ello en detalle<strong>, pero todo el mundo est\u00e1 entusiasmado con Kylian Mbapp\u00e9 en Madrid<\/strong>\u00ab, afirm\u00f3 el brasile\u00f1o en di\u00e1logo con Daily Mail. <strong>\u00abEs un jugador incre\u00edble. Va a ser uno de los mejores jugadores en este momento<\/strong>. Creo que es una muy buena elecci\u00f3n para \u00e9l si llega al Madrid\u00bb, agreg\u00f3.<\/p>\n<\/div>\n<div class=\"sc-e7b891c4-0 jPbnQF\"><img alt=\"Un hincha del Madrid con la camiseta de Mbapp\u00e9 en el Bernab\u00e9u.\" src=\"http:\/\/hoycordobaweb.com\/wp-content\/uploads\/2024\/03\/ronaldo-banco-la-llegada-de-mbappe-al-madrid-2.jpg\" width=\"720\" height=\"100\" decoding=\"async\" data-nimg=\"future\" loading=\"lazy\"><span class=\"epigraphe\">Un hincha del Madrid con la camiseta de Mbapp\u00e9 en el Bernab\u00e9u.<\/span><\/div>\n<div class=\"custom-text \" readability=\"36\">\n<p>Adem\u00e1s, revel\u00f3 que, en su opini\u00f3n, su llegada a Espa\u00f1a lo ayudar\u00eda a agregar a sus estantes uno de los trofeos que le faltan: <strong>\u00abCreo que finalmente conseguir\u00e1 el Bal\u00f3n de Oro si llega al Real\u00bb<\/strong>.<\/p>\n<\/div>\n<div class=\"custom-text \" readability=\"40\">\n<p>\u00abNo s\u00e9 qu\u00e9 es cierto pero se habla de su situaci\u00f3n en el PSG. Seguro que en Madrid tendr\u00e1 un equipo apoy\u00e1ndole en cada decisi\u00f3n que tome\u00bb. De esta forma, el brasile\u00f1o cree que sin duda alguna, el Real Madrid es su mejor lugar, y con ayuda, har\u00e1n de Espa\u00f1a su nuevo hogar. <strong>\u00abTendr\u00e1 un equipo que lo apoyar\u00e1 dentro y fuera del campo tambi\u00e9n. Ellos lo proteger\u00e1n. Pero creo que lo pas\u00f3 muy bien en el PSG\u00bb, agreg\u00f3.<\/strong><\/p>\n<\/div>\n<div class=\"sc-e7b891c4-0 jPbnQF\"><img alt=\"Las portadas en Madrid vuelven a se\u00f1alar la llegada de Mbapp\u00e9 al Real.\" src=\"http:\/\/hoycordobaweb.com\/wp-content\/uploads\/2024\/03\/ronaldo-banco-la-llegada-de-mbappe-al-madrid-3.jpg\" width=\"720\" height=\"100\" decoding=\"async\" data-nimg=\"future\" loading=\"lazy\"><span class=\"epigraphe\">Las portadas en Madrid vuelven a se\u00f1alar la llegada de Mbapp\u00e9 al Real.<\/span><\/div>\n<p><h2><strong>El PSG con un Merengue en la vista<\/strong><\/h2>\n<\/p>\n<div class=\"custom-text \" readability=\"40\">\n<p>A casi cuatro meses de que abra el mercado de pases, diversos medios franceses han afirmado que el PSG est\u00e1 considerando a Vinicius como un posible reemplazo para Mbapp\u00e9. Daniel Riolo, reconocido periodista de RMC Sport, confirm\u00f3: \u00abLo van a intentar, no digo que lo vayan a hacer.<strong> El PSG cuando quiere algo es capaz de crear dudas en el Real. Si el PSG aporta una suma importante, es posible que Florentino P\u00e9rez acabe por darse por vencido<\/strong>\u00ab.<\/p>\n<\/div>\n<div class=\"custom-text \" readability=\"38\">\n<p>Con un contrato vigente hasta 2027 y una cl\u00e1usula de rescisi\u00f3n de 1.000 millones de euros, el Merengue no tiene la obligaci\u00f3n de vender a Vinicius a menos que llegue una oferta que satisfaga completamente sus intereses deportivos y financieros. Su valor, seg\u00fan Transfermarkt, es de 150.000.000 de euros.<\/p>\n<\/div>\n<div class=\"sc-e7b891c4-0 jPbnQF\"><img alt=\"Seg\u00fan medios franceses, Vini esta en la mira del PSG (EFE). \" src=\"http:\/\/hoycordobaweb.com\/wp-content\/uploads\/2024\/03\/ronaldo-banco-la-llegada-de-mbappe-al-madrid-4.jpg\" width=\"720\" height=\"100\" decoding=\"async\" data-nimg=\"future\" loading=\"lazy\"><span class=\"epigraphe\">Seg\u00fan medios franceses, Vini esta en la mira del PSG (EFE). <\/span><\/div>\n<div class=\"sc-a7166897-0 exHLBh\" readability=\"7\">\n<section readability=\"4\"><picture><img alt=\"El colmo del PSG: tras perder a Messi y a Mbapp\u00e9, ahora podr\u00eda hacer de local en un pueblo\" src=\"http:\/\/hoycordobaweb.com\/wp-content\/uploads\/2024\/03\/ronaldo-banco-la-llegada-de-mbappe-al-madrid-5.jpg\" width=\"290\" height=\"290\" decoding=\"async\" data-nimg=\"future\" loading=\"lazy\"><\/picture>\n<p><span>Mir\u00e1 tambi\u00e9n<\/span><\/p>\n<hr>\n<h3>El colmo del PSG: tras perder a Messi y a Mbapp\u00e9, ahora podr\u00eda hacer de local en un pueblo<\/h3>\n<\/p>\n<\/section>\n<\/div>\n<div class=\"sc-a7166897-0 exHLBh\" readability=\"6.5\">\n<section readability=\"3\"><picture><img alt=\"Alejandro Dom\u00ednguez, una frase fuerte por Mbapp\u00e9 y el fuerte mensaje a Europa\" src=\"http:\/\/hoycordobaweb.com\/wp-content\/uploads\/2024\/03\/ronaldo-banco-la-llegada-de-mbappe-al-madrid-6.jpg\" width=\"290\" height=\"290\" decoding=\"async\" data-nimg=\"future\" loading=\"lazy\"><\/picture>\n<p><span>Mir\u00e1 tambi\u00e9n<\/span><\/p>\n<hr>\n<h3>Alejandro Dom\u00ednguez, una frase fuerte por Mbapp\u00e9 y el fuerte mensaje a Europa<\/h3>\n<\/p>\n<\/section>\n<\/div>\n<div class=\"sc-a7166897-0 exHLBh\" readability=\"6.5\">\n<section readability=\"3\"><picture><img alt=\"Mbapp\u00e9, suplente de lujo y capit\u00e1n por un pu\u00f1ado de minutos\" src=\"http:\/\/hoycordobaweb.com\/wp-content\/uploads\/2024\/03\/ronaldo-banco-la-llegada-de-mbappe-al-madrid-7.jpg\" width=\"290\" height=\"290\" decoding=\"async\" data-nimg=\"future\" loading=\"lazy\"><\/picture>\n<p><span>Mir\u00e1 tambi\u00e9n<\/span><\/p>\n<hr>\n<h3>Mbapp\u00e9, suplente de lujo y capit\u00e1n por un pu\u00f1ado de minutos<\/h3>\n<\/p>\n<\/section>\n<\/div>\n<\/div>\n","protected":false},"excerpt":{"rendered":"<p>11\/03\/2024 15:21hs. Ronaldo Naz\u00e1rio, ex delantero del Real Madrid, habl\u00f3 sobre aquellos jugadores que m\u00e1s lo emocionan. Dentro de esa lista estaba el nombe de Kylian Mbapp\u00e9, quien en las \u00faltimas semanas apareci\u00f3 como muy cercano a la Casa Blanca, ya que est\u00e1 oficializada su salida en junio del PSG. El Fen\u00f3meno se refiri\u00f3 al [&hellip;]<\/p>\n","protected":false},"author":1,"featured_media":74445,"comment_status":"open","ping_status":"closed","sticky":false,"template":"","format":"standard","meta":[],"categories":[16],"tags":[],"_links":{"self":[{"href":"http:\/\/hoycordobaweb.com\/index.php\/wp-json\/wp\/v2\/posts\/74444"}],"collection":[{"href":"http:\/\/hoycordobaweb.com\/index.php\/wp-json\/wp\/v2\/posts"}],"about":[{"href":"http:\/\/hoycordobaweb.com\/index.php\/wp-json\/wp\/v2\/types\/post"}],"author":[{"embeddable":true,"href":"http:\/\/hoycordobaweb.com\/index.php\/wp-json\/wp\/v2\/users\/1"}],"replies":[{"embeddable":true,"href":"http:\/\/hoycordobaweb.com\/index.php\/wp-json\/wp\/v2\/comments?post=74444"}],"version-history":[{"count":0,"href":"http:\/\/hoycordobaweb.com\/index.php\/wp-json\/wp\/v2\/posts\/74444\/revisions"}],"wp:featuredmedia":[{"embeddable":true,"href":"http:\/\/hoycordobaweb.com\/index.php\/wp-json\/wp\/v2\/media\/74445"}],"wp:attachment":[{"href":"http:\/\/hoycordobaweb.com\/index.php\/wp-json\/wp\/v2\/media?parent=74444"}],"wp:term":[{"taxonomy":"category","embeddable":true,"href":"http:\/\/hoycordobaweb.com\/index.php\/wp-json\/wp\/v2\/categories?post=74444"},{"taxonomy":"post_tag","embeddable":true,"href":"http:\/\/hoycordobaweb.com\/index.php\/wp-json\/wp\/v2\/tags?post=74444"}],"curies":[{"name":"wp","href":"https:\/\/api.w.org\/{rel}","templated":true}]}}