{"id":74414,"date":"2024-03-10T14:45:20","date_gmt":"2024-03-10T14:45:20","guid":{"rendered":"https:\/\/www.trendencias.com\/upeka\/que-me-salen-granos-momentos-importantes-anita-farma-nos-explica-upeka-algunos-tips-para-evitarlo"},"modified":"2024-03-10T14:45:20","modified_gmt":"2024-03-10T14:45:20","slug":"por-que-me-salen-granos-en-los-momentos-importantes-anita-farma-nos-lo-explica-en-upeka-con-algunos-tips-para-evitarlo","status":"publish","type":"post","link":"http:\/\/hoycordobaweb.com\/index.php\/2024\/03\/10\/por-que-me-salen-granos-en-los-momentos-importantes-anita-farma-nos-lo-explica-en-upeka-con-algunos-tips-para-evitarlo\/","title":{"rendered":"\u00bfPor qu\u00e9 me salen granos en los momentos importantes? Anita Farma nos lo explica en Upeka con algunos tips para evitarlo"},"content":{"rendered":"<p>Cada etapa de nuestra vida nos muestra una cara diferente de nuestra piel: cuando nacemos somos muy suaves y sin apenas vello corporal, en la adolescencia comenzamos a tener acn\u00e9 por zonas m\u00e1s visibles y en la edad adulta nuestro rostro deja ver las primeras arrugas. Esto es s\u00edmbolo del paso de los a\u00f1os pero <strong>hay otros factores que influyen en nuestro aspecto <\/strong>y algunos incluso apenas nos damos cuenta de que nos afectan de forma negativa.<\/p>\n<p><!-- BREAK 1 --> <\/p>\n<p>En <strong>Upeka<\/strong> esta semana el protagonista ha sido el autocuidado y es que teniendo a colaboradoras como <a rel=\"noopener, noreferrer\" href=\"https:\/\/www.instagram.com\/anita_farma\/\">Anita Farma<\/a>, es l\u00f3gico que hablemos de nuestra piel. Seguro que alguna vez te ha pasado que ten\u00edas una presentaci\u00f3n importante y te ha salido u &nbsp;grano gigante en la cara o que sufres mucho est\u00e9s y se te cae el pelo, pues todo esto son s\u00edntomas de que nuestros sentimientos o rutinas afectan a nuestra salud m\u00e1s de lo que imaginamos y esto es por una relaci\u00f3n de nuestro sistema nervioso con la piel.<\/p>\n<p><!-- BREAK 2 --><\/p>\n<div class=\"article-asset article-asset-normal article-asset-center\">\n<div class=\"desvio-container\">\n<div class=\"desvio\">\n<div class=\"desvio-figure js-desvio-figure\"> <a href=\"https:\/\/www.trendencias.com\/upeka\/nos-priorizamos-upeka-analiza-autocuidado-su-nuevo-programa-cargado-novedades\"> <img alt=\"\u00bfNos priorizamos? Upeka analiza el autocuidado en su nuevo programa cargado de novedades \" src=\"http:\/\/hoycordobaweb.com\/wp-content\/uploads\/2024\/03\/por-que-me-salen-granos-en-los-momentos-importantes-anita-farma-nos-lo-explica-en-upeka-con-algunos-tips-para-evitarlo.jpg\"> <\/a> <\/div><\/div><\/div>\n<\/div>\n<div class=\"article-asset-video article-asset-normal\">\n<div class=\"asset-content\">\n<p> <iframe width=\"650\" height=\"366\" src=\"\/\/www.youtube.com\/embed\/6K5oe2cfQco\" allowfullscreen>[embedded content]<\/iframe> <\/p>\n<\/p><\/div>\n<\/div>\n<p>Tanto la piel como el sistema nervioso se forman en el mismo tejido embrionario llamado<strong> ectodermo <\/strong>y forma un v\u00ednculo desde que estamos en el \u00fatero que permanece hasta la muerte. Es una relaci\u00f3n bidireccional ya que cuando estamos felices, siempre se dice que nuestra cara se ve radiante por la liberaci\u00f3n de hormonas pero <a href=\"https:\/\/www.trendencias.com\/belleza\/identificamos-cinco-sintomas-que-demuestran-que-estres-afecta-mucho-a-nuestra-piel\">si estamos enfadados ocurre todo lo contrario<\/a>. Al no ver bien nuestra piel, nos afecta a la autoestima adem\u00e1s de a la salud ya que es nuestra barrera de protecci\u00f3n contra los agentes externos.<\/p>\n<p><!-- BREAK 3 --> <\/p>\n<p>Es muy importante<strong> cuidar la alimentaci\u00f3n y beber mucha agua <\/strong>para mantener nutrido nuestro cuerpo adem\u00e1s de mantener una buena limpieza con tratamientos espec\u00edficos para nuestro tipo de piel. Es recomendable usar productos suaves ya que pueden ser demasiado agresivos con la piel y crear un efecto rebote adem\u00e1s de <strong>productos antioxidantes, s\u00e9rums y cremas<\/strong> tanto hidratantes como fotoprotectoras.<\/p>\n<p><!-- BREAK 4 --><\/p>\n<p>Sin duda ya sabemos que el estr\u00e9s no es el mejor amigo de nuestra piel. Y t\u00fa, \u00bfSufres brotes en el rostro?<\/p>\n<p><!-- BREAK 5 --><\/p>\n<p>Im\u00e1genes | YouTube<\/p>\n<p>En Trendencias |<a href=\"https:\/\/www.trendencias.com\/belleza\/estres-ha-llamado-a-tu-puerta-no-abras-tu-piel-puede-darte-razones-suficientes-para-convencerte\">Si el estr\u00e9s ya ha llamado a tu puerta, no abras. Tu piel puede darte razones suficientes para convencerte<\/a><\/p>\n<p><!-- BREAK 6 --> <\/p>\n<p>En Trendencias |<a href=\"https:\/\/www.trendencias.com\/hombres\/tres-formas-que-estres-afecta-tu-piel-como-combatirlas-forma-correcta\">Tres formas en las que el estr\u00e9s afecta tu piel (y c\u00f3mo combatirlas de forma correcta)<\/a><\/p>\n<p><!-- BREAK 7 --><\/p>\n<p>En Trendencias | <a href=\"https:\/\/www.trendencias.com\/belleza\/como-conseguir-tinte-rubio-caramelo-ideas-para-lucirlo-a-que-rostros-les-sienta-mejor\">C\u00f3mo conseguir el tinte rubio caramelo: ideas para lucirlo y a qu\u00e9 rostros les sienta mejor<\/a><\/p>\n<p><!-- BREAK 8 --> <\/p>\n","protected":false},"excerpt":{"rendered":"<p>Cada etapa de nuestra vida nos muestra una cara diferente de nuestra piel: cuando nacemos somos muy suaves y sin apenas vello corporal, en la adolescencia comenzamos a tener acn\u00e9 por zonas m\u00e1s visibles y en la edad adulta nuestro rostro deja ver las primeras arrugas. Esto es s\u00edmbolo del paso de los a\u00f1os pero [&hellip;]<\/p>\n","protected":false},"author":1,"featured_media":74415,"comment_status":"closed","ping_status":"closed","sticky":false,"template":"","format":"standard","meta":[],"categories":[1],"tags":[],"_links":{"self":[{"href":"http:\/\/hoycordobaweb.com\/index.php\/wp-json\/wp\/v2\/posts\/74414"}],"collection":[{"href":"http:\/\/hoycordobaweb.com\/index.php\/wp-json\/wp\/v2\/posts"}],"about":[{"href":"http:\/\/hoycordobaweb.com\/index.php\/wp-json\/wp\/v2\/types\/post"}],"author":[{"embeddable":true,"href":"http:\/\/hoycordobaweb.com\/index.php\/wp-json\/wp\/v2\/users\/1"}],"replies":[{"embeddable":true,"href":"http:\/\/hoycordobaweb.com\/index.php\/wp-json\/wp\/v2\/comments?post=74414"}],"version-history":[{"count":0,"href":"http:\/\/hoycordobaweb.com\/index.php\/wp-json\/wp\/v2\/posts\/74414\/revisions"}],"wp:featuredmedia":[{"embeddable":true,"href":"http:\/\/hoycordobaweb.com\/index.php\/wp-json\/wp\/v2\/media\/74415"}],"wp:attachment":[{"href":"http:\/\/hoycordobaweb.com\/index.php\/wp-json\/wp\/v2\/media?parent=74414"}],"wp:term":[{"taxonomy":"category","embeddable":true,"href":"http:\/\/hoycordobaweb.com\/index.php\/wp-json\/wp\/v2\/categories?post=74414"},{"taxonomy":"post_tag","embeddable":true,"href":"http:\/\/hoycordobaweb.com\/index.php\/wp-json\/wp\/v2\/tags?post=74414"}],"curies":[{"name":"wp","href":"https:\/\/api.w.org\/{rel}","templated":true}]}}