{"id":74390,"date":"2024-03-10T17:53:53","date_gmt":"2024-03-10T17:53:53","guid":{"rendered":"https:\/\/ladecimaweb.com\/?p=25663"},"modified":"2024-03-10T23:22:32","modified_gmt":"2024-03-10T23:22:32","slug":"asesinan-a-balazos-a-un-playero-en-rosario-y-dejan-una-nota-vamos-a-matar-mas-inocentes","status":"publish","type":"post","link":"http:\/\/hoycordobaweb.com\/index.php\/2024\/03\/10\/asesinan-a-balazos-a-un-playero-en-rosario-y-dejan-una-nota-vamos-a-matar-mas-inocentes\/","title":{"rendered":"Asesinan a balazos a un playero en Rosario y dejan una nota: \u201cVamos a matar m\u00e1s inocentes\u201d"},"content":{"rendered":"<div class=\"boldgrid-section\">\n<div class=\"container\">\n<div class=\"row\">\n<div class=\"col-md-12 col-xs-12 col-sm-12\">\n<p class=\"\"><strong>(NA) Un playero fue asesinado<\/strong><span>&nbsp;<\/span>en las \u00faltimas horas de tres balazos por sicarios que entraron a la oficina de la estaci\u00f3n de servicio en<span>&nbsp;<\/span><strong>Rosario<\/strong>.<\/p>\n<p>Este caso se suma<strong><span>&nbsp;<\/span>a los homicidios de dos taxistas y el ataque a un colectivero<span>&nbsp;<\/span><\/strong>que continuaba muy grave, en cr\u00edmenes vinculados al narcotr\u00e1fico.<\/p>\n<p>La Justicia investiga los casos y entiende que los cr\u00edmenes no tienen a las v\u00edctimas como personas vinculadas al crimen organizado, sino que fueron asesinadas en forma casual<span>&nbsp;<\/span><strong>con el fin de dar un mensaje mafioso al gobierno santafesino de Maximiliano Pullaro.<\/strong><\/p>\n<p>De hecho, luego de varios allanamientos realizados en distintos puntos de la ciudad, las autoridades confirmaron que unos 20 sospechosos fueron arrestados, al igual que un menor de edad por los dos homicidios y por el ataque al colectivero.<\/p>\n<p>Todos tendr\u00edan alg\u00fan v\u00ednculo con los cr\u00edmenes de los taxistas Diego Celentano y H\u00e9ctor Figueroa, ambos asesinados con menos de 24 horas de diferencia.<\/p>\n<p>Los dos trabajadores fueron ultimados de manera similar, con un disparo en la cabeza y abandonados dentro de sus respectivos veh\u00edculos.<\/p>\n<p class=\"\">En tanto, 11 de los detenidos habr\u00edan tenido alguna conexi\u00f3n con el ataque a Marcos D., conductor de la l\u00ednea K de trolebuses, quien se encuentra internado en estado cr\u00edtico.<\/p>\n<p>Al parecer, la respuesta de los narcos ante estas detenciones fue con un nuevo ataque.<\/p>\n<p class=\"\"><strong>Una persona entr\u00f3 a la oficina de la estaci\u00f3n de servicio ubicada en Mendoza al 7600 y le efectuaron tres disparos a un playero, dos de losa cuales impactaron en el pecho y uno en la cabeza.&nbsp;<\/strong><\/p>\n<p>En el lugar se encontr\u00f3 un papel con un mensaje para Pullaro y el ministro de Seguridad de Santa Fe, Pablo Cococcioni, en el que se hace referencia al trato de los presos en las c\u00e1rceles.<\/p>\n<p class=\"\">\u201cEsta guerra no es por territorio, es contra Pullaro y Cococcioni. As\u00ed como nosotros llegamos a 300 muertos estando unidos vamos a matar m\u00e1s inocentes por a\u00f1o. Nosotros no queremos celulares, queremos nuestros derechos, ver a nuestros hijos y familia, y que se respeten. No queremos negociar nada, queremos nuestros derechos. Esto para todos los presos, pabellones y c\u00e1rcel. Basta de seguir humillando con la familia. Pullaro y Cococcioni carguen con muertes inocentes\u201d,&nbsp;indica la carta dejada tras el crimen con la firma de&nbsp;\u201czona norte, zona sur, zona oeste unidos\u201d.<\/p>\n<p class=\"\">El homicidio se produjo antes de la medianoche del domingo, cuando una de las personas entr\u00f3 y le dispar\u00f3<strong><span>&nbsp;<\/span>al joven de 25 a\u00f1os.<\/strong><\/p>\n<p>Los desconocidos escaparon en un autom\u00f3vil chocado, con otros dos ocupantes a bordo, seg\u00fan relataron testigos del hecho.<\/p>\n<p class=\"\">Ante esta situaci\u00f3n, el Gobierno Nacional<span>&nbsp;<\/span><strong>anunci\u00f3 el env\u00edo de &nbsp;efectivos de fuerzas federales para patrullar las calles de la ciudad.<span>&nbsp;<\/span><\/strong>Adem\u00e1s, contar\u00e1n con el<span>&nbsp;<\/span><strong>apoyo log\u00edstico del Ej\u00e9rcito Argentino,<span>&nbsp;<\/span><\/strong>seg\u00fan indicaron desde Naci\u00f3n.&nbsp;<\/p>\n<p class=\"\">Esta medida lleva la firma de la ministra de Seguridad de la Naci\u00f3n,<span>&nbsp;<\/span><strong>Patricia Bullrich<\/strong>, quien activ\u00f3<strong><span>&nbsp;<\/span>el Comit\u00e9 de Crisis para Rosario,<span>&nbsp;<\/span><\/strong>por expreso pedido de Pullaro.&nbsp;<\/p>\n<p>Bullrich anunci\u00f3 que este lunes brindar\u00e1 una conferencia de prensa en la que se expondr\u00e1n los detalles del que llam\u00f3 como \u201cplan de refuerzo contra la narcocriminalidad\u201d en Rosario.<\/p>\n<p><strong>\u201cSi no ponemos un freno urgente, la violencia va a seguir escalando. Rosario sangra. Y no necesita un simple torniquete para mejorar. Necesita una cura definitiva. Por eso vamos a ir a fondo. Con firmeza, sin que nos tiemble el pulso\u201d<\/strong>, escribi\u00f3 la ministra de Seguridad de Seguridad en redes sociales.&nbsp;<\/p>\n<p>Asimismo, a\u00f1adi\u00f3:<span>&nbsp;<\/span><strong>\u201cVamos a tomar las medidas necesarias para que &nbsp;todo hecho de violencia perpetrado en la v\u00eda p\u00fablica o en el interior de lugares p\u00fablicos sea inicialmente considerado como un intento de aterrorizar a la poblaci\u00f3n o condicionar a las autoridades y, por tanto, se denunciar\u00e1 como un acto de terrorismo\u201d.<\/strong><\/p>\n<div class=\"ubm_banner\"><a href=\"https:\/\/www.cordobaturismo.gov.ar\/\" target=\"_blank\" rel=\"dofollow noopener noreferrer\"><img src=\"http:\/\/hoycordobaweb.com\/wp-content\/uploads\/2024\/03\/asesinan-a-balazos-a-un-playero-en-rosario-y-dejan-una-nota-vamos-a-matar-mas-inocentes.gif\" alt=\"\"><\/a><\/div>\n<p class=\"\">&nbsp;<\/p>\n<\/div>\n<\/div>\n<\/div>\n<\/div>\n<p>La entrada <a rel=\"nofollow\" href=\"https:\/\/ladecimaweb.com\/asesinan-a-balazos-a-un-playero-en-rosario-y-dejan-una-nota-vamos-a-matar-mas-inocentes\/\">Asesinan a balazos a un playero en Rosario y dejan una nota: \u201cVamos a matar m\u00e1s inocentes\u201d<\/a> se public\u00f3 primero en <a rel=\"nofollow\" href=\"https:\/\/ladecimaweb.com\">LaDecima<\/a>.<\/p>\n","protected":false},"excerpt":{"rendered":"<p>(NA) Un playero fue asesinado&nbsp;en las \u00faltimas horas de tres balazos por sicarios que entraron a la oficina de la estaci\u00f3n de servicio en&nbsp;Rosario. Este caso se suma&nbsp;a los homicidios de dos taxistas y el ataque a un colectivero&nbsp;que continuaba muy grave, en cr\u00edmenes vinculados al narcotr\u00e1fico. La Justicia investiga los casos y entiende que [&hellip;]<\/p>\n","protected":false},"author":1,"featured_media":74110,"comment_status":"closed","ping_status":"closed","sticky":false,"template":"","format":"standard","meta":[],"categories":[19],"tags":[],"_links":{"self":[{"href":"http:\/\/hoycordobaweb.com\/index.php\/wp-json\/wp\/v2\/posts\/74390"}],"collection":[{"href":"http:\/\/hoycordobaweb.com\/index.php\/wp-json\/wp\/v2\/posts"}],"about":[{"href":"http:\/\/hoycordobaweb.com\/index.php\/wp-json\/wp\/v2\/types\/post"}],"author":[{"embeddable":true,"href":"http:\/\/hoycordobaweb.com\/index.php\/wp-json\/wp\/v2\/users\/1"}],"replies":[{"embeddable":true,"href":"http:\/\/hoycordobaweb.com\/index.php\/wp-json\/wp\/v2\/comments?post=74390"}],"version-history":[{"count":1,"href":"http:\/\/hoycordobaweb.com\/index.php\/wp-json\/wp\/v2\/posts\/74390\/revisions"}],"predecessor-version":[{"id":74419,"href":"http:\/\/hoycordobaweb.com\/index.php\/wp-json\/wp\/v2\/posts\/74390\/revisions\/74419"}],"wp:featuredmedia":[{"embeddable":true,"href":"http:\/\/hoycordobaweb.com\/index.php\/wp-json\/wp\/v2\/media\/74110"}],"wp:attachment":[{"href":"http:\/\/hoycordobaweb.com\/index.php\/wp-json\/wp\/v2\/media?parent=74390"}],"wp:term":[{"taxonomy":"category","embeddable":true,"href":"http:\/\/hoycordobaweb.com\/index.php\/wp-json\/wp\/v2\/categories?post=74390"},{"taxonomy":"post_tag","embeddable":true,"href":"http:\/\/hoycordobaweb.com\/index.php\/wp-json\/wp\/v2\/tags?post=74390"}],"curies":[{"name":"wp","href":"https:\/\/api.w.org\/{rel}","templated":true}]}}