{"id":7433,"date":"2020-12-13T11:34:00","date_gmt":"2020-12-13T11:34:00","guid":{"rendered":"http:\/\/hoycordobaweb.com\/index.php\/2020\/12\/13\/verstappen-largara-primero-en-el-gp-de-abud-dhabi-en-la-ultima-carrera-del-ano-de-la-f1\/"},"modified":"2020-12-13T11:34:00","modified_gmt":"2020-12-13T11:34:00","slug":"verstappen-largara-primero-en-el-gp-de-abud-dhabi-en-la-ultima-carrera-del-ano-de-la-f1","status":"publish","type":"post","link":"http:\/\/hoycordobaweb.com\/index.php\/2020\/12\/13\/verstappen-largara-primero-en-el-gp-de-abud-dhabi-en-la-ultima-carrera-del-ano-de-la-f1\/","title":{"rendered":"Verstappen largar\u00e1 primero en el GP de Abud Dhabi en la \u00faltima carrera del a\u00f1o de la F1"},"content":{"rendered":"<p><img src=\"http:\/\/hoycordobaweb.com\/wp-content\/uploads\/2020\/12\/verstappen-largara-primero-en-el-gp-de-abud-dhabi-en-la-ultima-carrera-del-ano-de-la-f1.jpg\"><\/p>\n<div><img src=\"http:\/\/hoycordobaweb.com\/wp-content\/uploads\/2020\/12\/verstappen-largara-primero-en-el-gp-de-abud-dhabi-en-la-ultima-carrera-del-ano-de-la-f1-2.jpg\" class=\"ff-og-image-inserted\"><\/div>\n<p> Verstappen largar\u00e1 hoy primero en el GP de Abud Dhabi en la \u00faltima carrera del a\u00f1o de la F1<\/p>\n<p>El neerland\u00e9s Max Verstappen (Red Bull) largar\u00e1 primero este domingo en el Gran Premio de Abu Dhabi en la \u00faltima carrera del a\u00f1o de la F\u00f3rmula 1, en la que regresar\u00e1 el actual campe\u00f3n, Lewis Hamilton, recuperado de la afecci\u00f3n de coronavirus que le impidi\u00f3 correr en la fecha anterior en Bahr\u00e9in.<\/p>\n<p>Verstappen super\u00f3 este s\u00e1bado en las pruebas de clasificaci\u00f3n por 25 mil\u00e9simas al finland\u00e9s Valtteri Bottas y por 86 a Hamilton, ambos pilotos de Mercedes.<\/p>\n<p>Desde 2013, la escuder\u00eda alemana obtuvo todas las \u00abpoles\u00bb en Abu Dhabi hasta hoy y este a\u00f1o se hab\u00eda quedado con las 16 previas: diez con Hamilton, cinco con Bottas y una con el canadiense Lance Stroll en Turqu\u00eda.<\/p>\n<p>El brit\u00e1nico Lando Norris (McLaren) acompa\u00f1ar\u00e1 a Hamilton en la segunda l\u00ednea de partida y por detr\u00e1s partir\u00e1n el tailand\u00e9s Alexander Albon (Red Bull), el espa\u00f1ol Carlos Sainz Jr (McLaren), el ruso Daniil Kvyat (AlphaTauri) y Stroll (Racing Point).<\/p>\n<p>El monegasco Charles Leclerc (Ferrari), que termin\u00f3 en el noveno puesto, perder\u00e1 tres lugares por la sanci\u00f3n que recibi\u00f3 al provocar un choque en la salida del GP de Sakhir.<\/p>\n<p>De modo, que ascender\u00e1n los franceses Pierre Gasly (AlphaTauri) y Esteban Ocon (Renault) y el australiano Daniel Ricciardo (Renault), que marcaron el 10\u00ba, 11\u00ba y 12\u00ba tiempo en Marina Yas.<\/p>\n<p>El Gran Premio de Abu Dhabi comenzar\u00e1 de d\u00eda y terminar\u00e1 en la noche de ese pa\u00eds y su largada ser\u00e1 a las 10:10 de Argentina y ser\u00e1 transmitido por ESPN.<\/p>\n<p>Hamilton es el m\u00e1ximo ganador en el circuito \u00e1rabe con cinco victorias (2011, 2014, 2016, 2018 y 2019) en doce ediciones. <\/p>\n","protected":false},"excerpt":{"rendered":"<p>Verstappen largar\u00e1 hoy primero en el GP de Abud Dhabi en la \u00faltima carrera del a\u00f1o de la F1 El neerland\u00e9s Max Verstappen (Red Bull) largar\u00e1 primero este domingo en el Gran Premio de Abu Dhabi en la \u00faltima carrera del a\u00f1o de la F\u00f3rmula 1, en la que regresar\u00e1 el actual campe\u00f3n, Lewis Hamilton, [&hellip;]<\/p>\n","protected":false},"author":1,"featured_media":7434,"comment_status":"open","ping_status":"closed","sticky":false,"template":"","format":"standard","meta":[],"categories":[19],"tags":[],"_links":{"self":[{"href":"http:\/\/hoycordobaweb.com\/index.php\/wp-json\/wp\/v2\/posts\/7433"}],"collection":[{"href":"http:\/\/hoycordobaweb.com\/index.php\/wp-json\/wp\/v2\/posts"}],"about":[{"href":"http:\/\/hoycordobaweb.com\/index.php\/wp-json\/wp\/v2\/types\/post"}],"author":[{"embeddable":true,"href":"http:\/\/hoycordobaweb.com\/index.php\/wp-json\/wp\/v2\/users\/1"}],"replies":[{"embeddable":true,"href":"http:\/\/hoycordobaweb.com\/index.php\/wp-json\/wp\/v2\/comments?post=7433"}],"version-history":[{"count":0,"href":"http:\/\/hoycordobaweb.com\/index.php\/wp-json\/wp\/v2\/posts\/7433\/revisions"}],"wp:featuredmedia":[{"embeddable":true,"href":"http:\/\/hoycordobaweb.com\/index.php\/wp-json\/wp\/v2\/media\/7434"}],"wp:attachment":[{"href":"http:\/\/hoycordobaweb.com\/index.php\/wp-json\/wp\/v2\/media?parent=7433"}],"wp:term":[{"taxonomy":"category","embeddable":true,"href":"http:\/\/hoycordobaweb.com\/index.php\/wp-json\/wp\/v2\/categories?post=7433"},{"taxonomy":"post_tag","embeddable":true,"href":"http:\/\/hoycordobaweb.com\/index.php\/wp-json\/wp\/v2\/tags?post=7433"}],"curies":[{"name":"wp","href":"https:\/\/api.w.org\/{rel}","templated":true}]}}