{"id":74283,"date":"2024-03-07T17:31:47","date_gmt":"2024-03-07T17:31:47","guid":{"rendered":"https:\/\/www.trendencias.com\/telenovelas\/estamos-a-punto-ver-humillacion-cruz-promesa-que-sucedera-capitulo-312-viernes-8-marzo"},"modified":"2024-03-07T17:31:47","modified_gmt":"2024-03-07T17:31:47","slug":"estamos-a-punto-de-ver-la-humillacion-de-cruz-en-la-promesa-lo-que-sucedera-en-el-capitulo-312-del-viernes-8-de-marzo","status":"publish","type":"post","link":"http:\/\/hoycordobaweb.com\/index.php\/2024\/03\/07\/estamos-a-punto-de-ver-la-humillacion-de-cruz-en-la-promesa-lo-que-sucedera-en-el-capitulo-312-del-viernes-8-de-marzo\/","title":{"rendered":"Estamos a punto de ver la humillaci\u00f3n de Cruz en \u00abLa Promesa\u00bb: lo que suceder\u00e1 en el cap\u00edtulo 312 del viernes, 8 de marzo"},"content":{"rendered":"<p>En \u00abLa Promesa\u00bb se est\u00e1n viviendo momentos de<strong> aut\u00e9ntica tensi\u00f3n<\/strong>. La guerra ha estallado en el palacio. Y no, no nos referimos a la Primera Guerra Mundial a pesar de ser el contexto base de la \u00e9poca de la serie, sino m\u00e1s bien porque todo el servicio se ha puesto<a href=\"https:\/\/www.trendencias.com\/telenovelas\/estalla-guerra-promesa-cruz-estos-seran-momentos-tensos-que-veremos-aliado-inesperado\"> en huelga contra Cruz <\/a>animados por Mar\u00eda Fern\u00e1ndez. Hartos de los recortes en los salarios, la protesta se ha sumado a todos los frentes que tiene abiertos la marquesa: la investigaci\u00f3n por el asesinato de Feliciano, el nombramiento de Curro como bar\u00f3n de Linaja&#8230;<\/p>\n<p><!-- BREAK 1 --> <\/p>\n<div class=\"article-asset article-asset-normal article-asset-center\">\n<div class=\"desvio-container\">\n<div class=\"desvio\">\n<div class=\"desvio-figure js-desvio-figure\"> <a href=\"https:\/\/www.trendencias.com\/telenovelas\/no-jana-no-muere-estos-spoilers-verdaderos-falsos-promesa-que-nos-evitan-tener-sorpresas-disgustos-innecesarios\"> <img alt=\"No, Jana no muere: estos son los spoilers verdaderos y falsos de &quot;La Promesa&quot; que nos evitan tener sorpresas y disgustos innecesarios \" src=\"http:\/\/hoycordobaweb.com\/wp-content\/uploads\/2024\/03\/estamos-a-punto-de-ver-la-humillacion-de-cruz-en-la-promesa-lo-que-sucedera-en-el-capitulo-312-del-viernes-8-de-marzo.jpg\"> <\/a> <\/div><\/div><\/div>\n<\/div>\n<p>Sin embargo, el servicio sabe que para llegar a un acuerdo con Cruz, necesitan a una<strong> persona que haga de mediador<\/strong>, y ser\u00e1 el menos esperado. Te contamos un peque\u00f1o avance de lo que veremos en el \u00faltimo cap\u00edtulo de la semana que, como siempre, nos deja con ganas de mucho m\u00e1s. \u00a1Estamos nerviosos por conocer c\u00f3mo se desencadena todo!<\/p>\n<p><!-- BREAK 2 --><\/p>\n<h2>Avance del cap\u00edtulo 312 del viernes 8 de de marzo<\/h2>\n<div class=\"article-asset-image article-asset-normal article-asset-center\">\n<div class=\"asset-content\"> <img class=\"centro_sinmarco\" height=\"507\" width=\"900\" loading=\"lazy\" decoding=\"async\" sizes=\"100vw\" fetchpriority=\"high\" srcset=\"http:\/\/hoycordobaweb.com\/wp-content\/uploads\/2024\/03\/estamos-a-punto-de-ver-la-humillacion-de-cruz-en-la-promesa-lo-que-sucedera-en-el-capitulo-312-del-viernes-8-de-marzo-1.jpg 450w, http:\/\/hoycordobaweb.com\/wp-content\/uploads\/2024\/03\/estamos-a-punto-de-ver-la-humillacion-de-cruz-en-la-promesa-lo-que-sucedera-en-el-capitulo-312-del-viernes-8-de-marzo-3.jpg 681w, http:\/\/hoycordobaweb.com\/wp-content\/uploads\/2024\/03\/estamos-a-punto-de-ver-la-humillacion-de-cruz-en-la-promesa-lo-que-sucedera-en-el-capitulo-312-del-viernes-8-de-marzo-4.jpg 1024w, http:\/\/hoycordobaweb.com\/wp-content\/uploads\/2024\/03\/estamos-a-punto-de-ver-la-humillacion-de-cruz-en-la-promesa-lo-que-sucedera-en-el-capitulo-312-del-viernes-8-de-marzo-5.jpg 1366w\" src=\"http:\/\/hoycordobaweb.com\/wp-content\/uploads\/2024\/03\/estamos-a-punto-de-ver-la-humillacion-de-cruz-en-la-promesa-lo-que-sucedera-en-el-capitulo-312-del-viernes-8-de-marzo-1.jpg\" alt=\"Image 6\"> <noscript><img alt=\"Image 6\" class=\"centro_sinmarco\" src=\"http:\/\/hoycordobaweb.com\/wp-content\/uploads\/2024\/03\/estamos-a-punto-de-ver-la-humillacion-de-cruz-en-la-promesa-lo-que-sucedera-en-el-capitulo-312-del-viernes-8-de-marzo-1.jpg\"><\/noscript> <\/div>\n<\/div>\n<p><strong>El capit\u00e1n de la Mata, Lorenzo, es designado como mediador<\/strong>, y su primera reuni\u00f3n con R\u00f3mulo y Mar\u00eda Fern\u00e1ndez es un completo desastre. Parece que la huelga no va a tener una resoluci\u00f3n pronta. <strong>Catalina y Pelayo se casar\u00e1n en dos meses y lo anuncian ante toda la familia.<\/strong> Todos lo celebran, especialmente Cruz, que ve c\u00f3mo pronto se quitar\u00e1 de en medio a su inc\u00f3moda hijastra. <strong>Jana contin\u00faa indagando qu\u00e9 hizo Abel durante el incendio de la f\u00e1brica de aceite y le tiende una trampa <\/strong>para demostrar que el m\u00e9dico jam\u00e1s estuvo en C\u00f3rdoba.<\/p>\n<p><!-- BREAK 3 --> <\/p>\n<p><strong>Vera y Lope no pueden estar m\u00e1s enamorados, aun as\u00ed quieren mantener su relaci\u00f3n en secreto<\/strong>; aunque no ser\u00e1 nada f\u00e1cil. Y Jana se da cuenta de que entre Vera y Mar\u00eda Fern\u00e1ndez pasa algo, pero \u00bfel qu\u00e9? <strong>Alonso entrega a Curro la carta de la Casa Real donde se le nombra Bar\u00f3n de Linaja<\/strong>, una humillaci\u00f3n que Cruz aguanta como buenamente puede. La cercan\u00eda entre Manuel y Jana no pasa desapercibido a un miembro de la familia Luj\u00e1n, que no duda en enfrentar al joven heredero de La Promesa.<\/p>\n<p><!-- BREAK 4 --><\/p>\n<p>Fotos | RTVE<\/p>\n<p>En Trendencias | <a href=\"https:\/\/www.trendencias.com\/propuestas-y-consejos\/33-mejores-series-netflix-que-puedes-ver-ahora\" data-id=\"noopener noreferrer\">Las 38 mejores series de Netflix que puedes ver ahora mismo<\/a>.<\/p>\n<p><!-- BREAK 5 --><\/p>\n<p>En Trendencias |<a href=\"https:\/\/www.trendencias.com\/propuestas-y-consejos\/13-mejores-series-amazon-prime-video-que-puedes-ver-ahora\" data-id=\"noopener noreferrer\"> Las 18 mejores series de Amazon Prime Video que puedes ver ahora mismo<\/a><\/p>\n<p><!-- BREAK 6 --> <\/p>\n<p>En Trendencias | <a href=\"https:\/\/www.trendencias.com\/familia-maternidad-y-ninos\/pastor-aleman-perro-noble-trabajador-amoroso-que-querriamos-que-aprendieran-muchos-humanos\" data-id=\"noopener noreferrer\">Esta es la raza de perro que todos los ej\u00e9rcitos tienen en sus filas por su valent\u00eda, inteligencia y espectacular olfato<\/a><\/p>\n<p><!-- BREAK 7 --><\/p>\n<p>En Trendencias | <a href=\"https:\/\/www.trendencias.com\/propuestas-y-consejos\/estos-regalos-revistas-mes-enero-2024-mundo-moda-celebra-nuevo-ano-detalles-alucinantes\" data-id=\"noopener noreferrer\">Estos son los regalos de las revistas del mes de enero 2024: el mundo de la moda celebra el nuevo a\u00f1o con detalles alucinantes<\/a><\/p>\n<p><!-- BREAK 8 --> <\/p>\n","protected":false},"excerpt":{"rendered":"<p>En \u00abLa Promesa\u00bb se est\u00e1n viviendo momentos de aut\u00e9ntica tensi\u00f3n. La guerra ha estallado en el palacio. Y no, no nos referimos a la Primera Guerra Mundial a pesar de ser el contexto base de la \u00e9poca de la serie, sino m\u00e1s bien porque todo el servicio se ha puesto en huelga contra Cruz animados [&hellip;]<\/p>\n","protected":false},"author":1,"featured_media":74284,"comment_status":"closed","ping_status":"closed","sticky":false,"template":"","format":"standard","meta":[],"categories":[1],"tags":[],"_links":{"self":[{"href":"http:\/\/hoycordobaweb.com\/index.php\/wp-json\/wp\/v2\/posts\/74283"}],"collection":[{"href":"http:\/\/hoycordobaweb.com\/index.php\/wp-json\/wp\/v2\/posts"}],"about":[{"href":"http:\/\/hoycordobaweb.com\/index.php\/wp-json\/wp\/v2\/types\/post"}],"author":[{"embeddable":true,"href":"http:\/\/hoycordobaweb.com\/index.php\/wp-json\/wp\/v2\/users\/1"}],"replies":[{"embeddable":true,"href":"http:\/\/hoycordobaweb.com\/index.php\/wp-json\/wp\/v2\/comments?post=74283"}],"version-history":[{"count":0,"href":"http:\/\/hoycordobaweb.com\/index.php\/wp-json\/wp\/v2\/posts\/74283\/revisions"}],"wp:featuredmedia":[{"embeddable":true,"href":"http:\/\/hoycordobaweb.com\/index.php\/wp-json\/wp\/v2\/media\/74284"}],"wp:attachment":[{"href":"http:\/\/hoycordobaweb.com\/index.php\/wp-json\/wp\/v2\/media?parent=74283"}],"wp:term":[{"taxonomy":"category","embeddable":true,"href":"http:\/\/hoycordobaweb.com\/index.php\/wp-json\/wp\/v2\/categories?post=74283"},{"taxonomy":"post_tag","embeddable":true,"href":"http:\/\/hoycordobaweb.com\/index.php\/wp-json\/wp\/v2\/tags?post=74283"}],"curies":[{"name":"wp","href":"https:\/\/api.w.org\/{rel}","templated":true}]}}