{"id":74232,"date":"2024-03-06T17:08:03","date_gmt":"2024-03-06T17:08:03","guid":{"rendered":"https:\/\/www.mujerhoy.com\/moda\/no-te-pierdas\/novedades-mango-parecen-prendas-lujo-20240306180757-nt.html"},"modified":"2024-03-06T17:08:03","modified_gmt":"2024-03-06T17:08:03","slug":"prendas-de-la-nueva-coleccion-de-mango-que-parecen-de-lujo-y-que-sientan-de-maravilla","status":"publish","type":"post","link":"http:\/\/hoycordobaweb.com\/index.php\/2024\/03\/06\/prendas-de-la-nueva-coleccion-de-mango-que-parecen-de-lujo-y-que-sientan-de-maravilla\/","title":{"rendered":"Prendas de la nueva colecci\u00f3n de Mango que parecen de lujo y que sientan de maravilla"},"content":{"rendered":"<p><!-- AUTHOR --> <\/p>\n<div class=\"voc-author-timesocial \"> <!-- AUTHOR --> <\/p>\n<div class=\"voc-author-timesocial__signature\"> <!-- IMAGE AUTHOR --> <picture class=\"voc-image-signature\"> <img class=\"voc-image-signature__img\" src=\"http:\/\/hoycordobaweb.com\/wp-content\/uploads\/2024\/03\/prendas-de-la-nueva-coleccion-de-mango-que-parecen-de-lujo-y-que-sientan-de-maravilla.jpg\" alt=\"Lauren Izquierdo\"> <\/picture> <!-- INFO AUTHOR --> <\/div><\/div>\n<p> <!-- COMPONENTS --> <\/p>\n<p class=\"voc-paragraph\">Tras ser testigo de todas las <strong>tendencias<\/strong> que han triunfado sobre la pasarela de las capitales m\u00e1s importantes de la moda de <strong>toda Europa<\/strong>, queda claro que los <a data-voc-vtm-id=\"in-text-traffic\" href=\"https:\/\/www.mujerhoy.com\/moda\/no-te-pierdas\/armario-capsula-basicos-para-nuevo-ano-20240106114851-nt.html\" title=\"www.mujerhoy.com\">armarios c\u00e1psula<\/a> ser\u00e1n nuevamente una de las apuestas que m\u00e1s triunfen dentro de los <strong>armarios cl\u00e1sicos<\/strong>.\n<\/p>\n<p class=\"voc-paragraph\">El nuevo lujo es el que no se ve. De esta forma, el concepto de la alta costura que ha ganado m\u00e1s peso durante los \u00faltimos a\u00f1os hace honor a prendas de calidad que rellenan una necesidad m\u00e1s <strong>pr\u00e1ctica<\/strong> y <strong>utilitaria<\/strong> que presente en las modas m\u00e1s actuales. Ganan los <strong>tejidos nobles<\/strong>, la artesan\u00eda y los <a data-voc-vtm-id=\"in-text-traffic\" href=\"https:\/\/www.mujerhoy.com\/moda\/no-te-pierdas\/vestir-colores-neutros-looks-no-aburridos-20231118134538-nt.html\" title=\"www.mujerhoy.com\">colores neutros<\/a> y terrosos que tienen una l\u00ednea de vida m\u00e1s longeva.\n<\/p>\n<p class=\"voc-paragraph\">Tus <strong>tiendas favoritas del low cost<\/strong> tambi\u00e9n han hecho eco de este mismo mensaje, convirtiendo sus <a data-voc-vtm-id=\"in-text-traffic\" href=\"https:\/\/www.mujerhoy.com\/moda\/no-te-pierdas\/como-saber-si-una-prenda-es-atemporal-20231216103725-nt.html\" title=\"www.mujerhoy.com\">prendas m\u00e1s atemporales<\/a> en <strong>piezas ic\u00f3nicas<\/strong> que parecen sacadas de cualquier desfile. <strong>Mango<\/strong> es un gran ejemplo de ello, y concretamente estos seis b\u00e1sicos elegantes que cada vez que los llevo la gente no para de preguntarme d\u00f3nde los he comprado.\n<\/p>\n<p><h3 class=\"voc-detail__title\"> Seis b\u00e1sicos de Mango que parecen de alta costura<br \/>\n<\/h3>\n<\/p>\n<div class=\"voc-detail-photo-zoom\"> <picture data-toggle=\"modal\" data-target=\"#photoZoomModal-363\" target=\"modal\">\n<div class=\"voc-img-icon-link\"> <img loading=\"lazy\" data-original=\"\/\/static3.mujerhoy.com\/www\/multimedia\/202403\/05\/media\/cortadas\/novedades-mango-alta-costura-67053265_99_B_11zon-kTCH--650x900@MujerHoy.jpg\" width=\"650\" height=\"900\" class=\"lazy\" alt=\"American con cintur\u00f3n, 65,99 euros.\"> <noscript> <img src=\"http:\/\/hoycordobaweb.com\/wp-content\/uploads\/2024\/03\/prendas-de-la-nueva-coleccion-de-mango-que-parecen-de-lujo-y-que-sientan-de-maravilla.webp\" alt=\"American con cintur\u00f3n, 65,99 euros.\"> <\/noscript> <i class=\"voc-icons zoom voc-multimedia-box voc-ico-l\"><\/i> <\/div><figcaption class=\"figure-caption\">American con cintur\u00f3n, 65,99 euros.<\/figcaption><\/picture>\n<\/div>\n<div id=\"photoZoomModal-363\" class=\"voc-lightbox modal fade voc-lightbox--photo-zoom\" role=\"dialog\" data-voc-photozoom-lightbox>\n<div class=\"voc-lightbox__dialog\" role=\"document\">\n<div class=\"voc-lightbox__content\"> <!-- Modal header --> <!-- Modal content --> <\/p>\n<div class=\"voc-lightbox__photo-container\"> <picture class> <img loading=\"lazy\" data-original=\"\/\/static3.mujerhoy.com\/www\/multimedia\/202403\/05\/media\/cortadas\/novedades-mango-alta-costura-67053265_99_B_11zon-kTCH--650x900@MujerHoy.jpg\" alt=\"American con cintur\u00f3n, 65,99 euros.\" class=\"lazy\"> <noscript> <img src=\"http:\/\/hoycordobaweb.com\/wp-content\/uploads\/2024\/03\/prendas-de-la-nueva-coleccion-de-mango-que-parecen-de-lujo-y-que-sientan-de-maravilla.webp\" alt=\"American con cintur\u00f3n, 65,99 euros.\"> <\/noscript> <\/picture> <\/div><\/div><\/div>\n<\/div>\n<p class=\"voc-paragraph\"><strong>American con cintur\u00f3n, 65,99 euros<\/strong>. Es un cl\u00e1sico al que le sacar\u00e1s mucho partido, tanto con vaqueros si buscas una apariencia menos elegante y formal, como con faldas amplias o trajes monocromas. Adem\u00e1s, nos parece preciosa. <\/p>\n<div class=\"voc-detail-photo-zoom\"> <picture data-toggle=\"modal\" data-target=\"#photoZoomModal-788\" target=\"modal\">\n<div class=\"voc-img-icon-link\"> <img loading=\"lazy\" data-original=\"\/\/static2.mujerhoy.com\/www\/multimedia\/202403\/05\/media\/cortadas\/novedades-mango-alta-costura-67084018_06_B_11zon-kTCH--650x900@MujerHoy.jpg\" width=\"650\" height=\"900\" class=\"lazy\" alt=\"Gabardina, 69,99 euros.\"> <noscript> <img src=\"http:\/\/hoycordobaweb.com\/wp-content\/uploads\/2024\/03\/prendas-de-la-nueva-coleccion-de-mango-que-parecen-de-lujo-y-que-sientan-de-maravilla-1.webp\" alt=\"Gabardina, 69,99 euros.\"> <\/noscript> <i class=\"voc-icons zoom voc-multimedia-box voc-ico-l\"><\/i> <\/div><figcaption class=\"figure-caption\">Gabardina, 69,99 euros.<\/figcaption><\/picture>\n<\/div>\n<div id=\"photoZoomModal-788\" class=\"voc-lightbox modal fade voc-lightbox--photo-zoom\" role=\"dialog\" data-voc-photozoom-lightbox>\n<div class=\"voc-lightbox__dialog\" role=\"document\">\n<div class=\"voc-lightbox__content\"> <!-- Modal header --> <!-- Modal content --> <\/p>\n<div class=\"voc-lightbox__photo-container\"> <picture class> <img loading=\"lazy\" data-original=\"\/\/static2.mujerhoy.com\/www\/multimedia\/202403\/05\/media\/cortadas\/novedades-mango-alta-costura-67084018_06_B_11zon-kTCH--650x900@MujerHoy.jpg\" alt=\"Gabardina, 69,99 euros.\" class=\"lazy\"> <noscript> <img src=\"http:\/\/hoycordobaweb.com\/wp-content\/uploads\/2024\/03\/prendas-de-la-nueva-coleccion-de-mango-que-parecen-de-lujo-y-que-sientan-de-maravilla-1.webp\" alt=\"Gabardina, 69,99 euros.\"> <\/noscript> <\/picture> <\/div><\/div><\/div>\n<\/div>\n<p class=\"voc-paragraph\"><strong>Gabardina, 69,99 euros<\/strong>. Si eres de las que est\u00e1 buscando esos esenciales de fondo de armario, no puede falta en \u00e9l una gabardina de un color terroso con la que completes cualquier look de entretiempo. Adem\u00e1s, no pasa de moda. <\/p>\n<div class=\"voc-detail-photo-zoom\"> <picture data-toggle=\"modal\" data-target=\"#photoZoomModal-958\" target=\"modal\">\n<div class=\"voc-img-icon-link\"> <img loading=\"lazy\" data-original=\"\/\/static2.mujerhoy.com\/www\/multimedia\/202403\/05\/media\/cortadas\/novedades-mango-alta-costura-67015758_05_B_11zon-kTCH--650x900@MujerHoy.jpg\" width=\"650\" height=\"900\" class=\"lazy\" alt=\"Top asim\u00e9trico, 49,99 euros.\"> <noscript> <img src=\"http:\/\/hoycordobaweb.com\/wp-content\/uploads\/2024\/03\/prendas-de-la-nueva-coleccion-de-mango-que-parecen-de-lujo-y-que-sientan-de-maravilla-2.webp\" alt=\"Top asim\u00e9trico, 49,99 euros.\"> <\/noscript> <i class=\"voc-icons zoom voc-multimedia-box voc-ico-l\"><\/i> <\/div><figcaption class=\"figure-caption\">Top asim\u00e9trico, 49,99 euros.<\/figcaption><\/picture>\n<\/div>\n<div id=\"photoZoomModal-958\" class=\"voc-lightbox modal fade voc-lightbox--photo-zoom\" role=\"dialog\" data-voc-photozoom-lightbox>\n<div class=\"voc-lightbox__dialog\" role=\"document\">\n<div class=\"voc-lightbox__content\"> <!-- Modal header --> <!-- Modal content --> <\/p>\n<div class=\"voc-lightbox__photo-container\"> <picture class> <img loading=\"lazy\" data-original=\"\/\/static2.mujerhoy.com\/www\/multimedia\/202403\/05\/media\/cortadas\/novedades-mango-alta-costura-67015758_05_B_11zon-kTCH--650x900@MujerHoy.jpg\" alt=\"Top asim\u00e9trico, 49,99 euros.\" class=\"lazy\"> <noscript> <img src=\"http:\/\/hoycordobaweb.com\/wp-content\/uploads\/2024\/03\/prendas-de-la-nueva-coleccion-de-mango-que-parecen-de-lujo-y-que-sientan-de-maravilla-2.webp\" alt=\"Top asim\u00e9trico, 49,99 euros.\"> <\/noscript> <\/picture> <\/div><\/div><\/div>\n<\/div>\n<p class=\"voc-paragraph\"><strong>Top asim\u00e9trico, 49,99 euros<\/strong>. Personalmente, me encanta. Es perfecto para llevar con vaqueros de corte recto, con pantalones blancos o con otras piezas de lino que emulen la esencia de las firmas m\u00e1s naturales, como Etro, Loewe o Herm\u00e8s. <\/p>\n<div class=\"voc-detail-photo-zoom\"> <picture data-toggle=\"modal\" data-target=\"#photoZoomModal-204\" target=\"modal\">\n<div class=\"voc-img-icon-link\"> <img loading=\"lazy\" data-original=\"\/\/static2.mujerhoy.com\/www\/multimedia\/202403\/05\/media\/cortadas\/novedades-mango-alta-costura-67064786_08_B_11zon-kTCH--650x900@MujerHoy.jpg\" width=\"650\" height=\"900\" class=\"lazy\" alt=\"Americana corta, 59,99 euros.\"> <noscript> <img src=\"http:\/\/hoycordobaweb.com\/wp-content\/uploads\/2024\/03\/prendas-de-la-nueva-coleccion-de-mango-que-parecen-de-lujo-y-que-sientan-de-maravilla-3.webp\" alt=\"Americana corta, 59,99 euros.\"> <\/noscript> <i class=\"voc-icons zoom voc-multimedia-box voc-ico-l\"><\/i> <\/div><figcaption class=\"figure-caption\">Americana corta, 59,99 euros.<\/figcaption><\/picture>\n<\/div>\n<div id=\"photoZoomModal-204\" class=\"voc-lightbox modal fade voc-lightbox--photo-zoom\" role=\"dialog\" data-voc-photozoom-lightbox>\n<div class=\"voc-lightbox__dialog\" role=\"document\">\n<div class=\"voc-lightbox__content\"> <!-- Modal header --> <!-- Modal content --> <\/p>\n<div class=\"voc-lightbox__photo-container\"> <picture class> <img loading=\"lazy\" data-original=\"\/\/static2.mujerhoy.com\/www\/multimedia\/202403\/05\/media\/cortadas\/novedades-mango-alta-costura-67064786_08_B_11zon-kTCH--650x900@MujerHoy.jpg\" alt=\"Americana corta, 59,99 euros.\" class=\"lazy\"> <noscript> <img src=\"http:\/\/hoycordobaweb.com\/wp-content\/uploads\/2024\/03\/prendas-de-la-nueva-coleccion-de-mango-que-parecen-de-lujo-y-que-sientan-de-maravilla-3.webp\" alt=\"Americana corta, 59,99 euros.\"> <\/noscript> <\/picture> <\/div><\/div><\/div>\n<\/div>\n<p class=\"voc-paragraph\"><strong>Americana corta, 59,99 euros<\/strong>. Este tipo de prendas siempre despierta el amor-odio entre dos bandos, pero si eres bajita te la recomendamos encarecidamente, ya que har\u00e1 que tus piernas se vean mucho m\u00e1s largas. <\/p>\n<div class=\"voc-detail-photo-zoom\"> <picture data-toggle=\"modal\" data-target=\"#photoZoomModal-814\" target=\"modal\">\n<div class=\"voc-img-icon-link\"> <img loading=\"lazy\" data-original=\"\/\/static1.mujerhoy.com\/www\/multimedia\/202403\/05\/media\/cortadas\/novedades-mango-alta-costura-67025753_05_B_11zon-kTCH--650x900@MujerHoy.jpg\" width=\"650\" height=\"900\" class=\"lazy\" alt=\"Falda larga abertura, 49,99 euros.\"> <noscript> <img src=\"http:\/\/hoycordobaweb.com\/wp-content\/uploads\/2024\/03\/prendas-de-la-nueva-coleccion-de-mango-que-parecen-de-lujo-y-que-sientan-de-maravilla-4.webp\" alt=\"Falda larga abertura, 49,99 euros.\"> <\/noscript> <i class=\"voc-icons zoom voc-multimedia-box voc-ico-l\"><\/i> <\/div><figcaption class=\"figure-caption\">Falda larga abertura, 49,99 euros.<\/figcaption><\/picture>\n<\/div>\n<div id=\"photoZoomModal-814\" class=\"voc-lightbox modal fade voc-lightbox--photo-zoom\" role=\"dialog\" data-voc-photozoom-lightbox>\n<div class=\"voc-lightbox__dialog\" role=\"document\">\n<div class=\"voc-lightbox__content\"> <!-- Modal header --> <!-- Modal content --> <\/p>\n<div class=\"voc-lightbox__photo-container\"> <picture class> <img loading=\"lazy\" data-original=\"\/\/static1.mujerhoy.com\/www\/multimedia\/202403\/05\/media\/cortadas\/novedades-mango-alta-costura-67025753_05_B_11zon-kTCH--650x900@MujerHoy.jpg\" alt=\"Falda larga abertura, 49,99 euros.\" class=\"lazy\"> <noscript> <img src=\"http:\/\/hoycordobaweb.com\/wp-content\/uploads\/2024\/03\/prendas-de-la-nueva-coleccion-de-mango-que-parecen-de-lujo-y-que-sientan-de-maravilla-4.webp\" alt=\"Falda larga abertura, 49,99 euros.\"> <\/noscript> <\/picture> <\/div><\/div><\/div>\n<\/div>\n<p class=\"voc-paragraph\"><strong>Falda larga abertura, 49,99 euros<\/strong>. Me parece preciosa. Perfecta para llevar con chaquetas cortas, con chaquetas de tweed o en una est\u00e9tica m\u00e1s desenfadada con jers\u00e9is de canal\u00e9 y mules con tachuelas que combinen lo mejor de los dos mundos. <\/p>\n<div class=\"voc-detail-photo-zoom\"> <picture data-toggle=\"modal\" data-target=\"#photoZoomModal-316\" target=\"modal\">\n<div class=\"voc-img-icon-link\"> <img loading=\"lazy\" data-original=\"\/\/static1.mujerhoy.com\/www\/multimedia\/202403\/05\/media\/cortadas\/novedades-mango-alta-costura-67054049_94_B_11zon-kTCH--650x900@MujerHoy.jpg\" width=\"650\" height=\"900\" class=\"lazy\" alt=\"Chaqueta b\u00e1sica de color gris, 39,99 euros.\"> <noscript> <img src=\"http:\/\/hoycordobaweb.com\/wp-content\/uploads\/2024\/03\/prendas-de-la-nueva-coleccion-de-mango-que-parecen-de-lujo-y-que-sientan-de-maravilla-5.webp\" alt=\"Chaqueta b\u00e1sica de color gris, 39,99 euros.\"> <\/noscript> <i class=\"voc-icons zoom voc-multimedia-box voc-ico-l\"><\/i> <\/div><figcaption class=\"figure-caption\">Chaqueta b\u00e1sica de color gris, 39,99 euros.<\/figcaption><\/picture>\n<\/div>\n<div id=\"photoZoomModal-316\" class=\"voc-lightbox modal fade voc-lightbox--photo-zoom\" role=\"dialog\" data-voc-photozoom-lightbox>\n<div class=\"voc-lightbox__dialog\" role=\"document\">\n<div class=\"voc-lightbox__content\"> <!-- Modal header --> <!-- Modal content --> <\/p>\n<div class=\"voc-lightbox__photo-container\"> <picture class> <img loading=\"lazy\" data-original=\"\/\/static1.mujerhoy.com\/www\/multimedia\/202403\/05\/media\/cortadas\/novedades-mango-alta-costura-67054049_94_B_11zon-kTCH--650x900@MujerHoy.jpg\" alt=\"Chaqueta b\u00e1sica de color gris, 39,99 euros.\" class=\"lazy\"> <noscript> <img src=\"http:\/\/hoycordobaweb.com\/wp-content\/uploads\/2024\/03\/prendas-de-la-nueva-coleccion-de-mango-que-parecen-de-lujo-y-que-sientan-de-maravilla-5.webp\" alt=\"Chaqueta b\u00e1sica de color gris, 39,99 euros.\"> <\/noscript> <\/picture> <\/div><\/div><\/div>\n<\/div>\n<p class=\"voc-paragraph\"><strong>Chaqueta b\u00e1sica de color gris, 39,99 euros<\/strong>. Mi consejo, si no sabes c\u00f3mo lucirla, es que la lleves con bermudas, con pantalones de traje o con lo que te apetezca; pero que no te compliques. Es la clave de su \u00e9xito. <\/p>\n<p> <!-- TOPICS --> <\/p>\n","protected":false},"excerpt":{"rendered":"<p>Tras ser testigo de todas las tendencias que han triunfado sobre la pasarela de las capitales m\u00e1s importantes de la moda de toda Europa, queda claro que los armarios c\u00e1psula ser\u00e1n nuevamente una de las apuestas que m\u00e1s triunfen dentro de los armarios cl\u00e1sicos. El nuevo lujo es el que no se ve. De esta [&hellip;]<\/p>\n","protected":false},"author":1,"featured_media":74233,"comment_status":"closed","ping_status":"closed","sticky":false,"template":"","format":"standard","meta":[],"categories":[1],"tags":[],"_links":{"self":[{"href":"http:\/\/hoycordobaweb.com\/index.php\/wp-json\/wp\/v2\/posts\/74232"}],"collection":[{"href":"http:\/\/hoycordobaweb.com\/index.php\/wp-json\/wp\/v2\/posts"}],"about":[{"href":"http:\/\/hoycordobaweb.com\/index.php\/wp-json\/wp\/v2\/types\/post"}],"author":[{"embeddable":true,"href":"http:\/\/hoycordobaweb.com\/index.php\/wp-json\/wp\/v2\/users\/1"}],"replies":[{"embeddable":true,"href":"http:\/\/hoycordobaweb.com\/index.php\/wp-json\/wp\/v2\/comments?post=74232"}],"version-history":[{"count":0,"href":"http:\/\/hoycordobaweb.com\/index.php\/wp-json\/wp\/v2\/posts\/74232\/revisions"}],"wp:featuredmedia":[{"embeddable":true,"href":"http:\/\/hoycordobaweb.com\/index.php\/wp-json\/wp\/v2\/media\/74233"}],"wp:attachment":[{"href":"http:\/\/hoycordobaweb.com\/index.php\/wp-json\/wp\/v2\/media?parent=74232"}],"wp:term":[{"taxonomy":"category","embeddable":true,"href":"http:\/\/hoycordobaweb.com\/index.php\/wp-json\/wp\/v2\/categories?post=74232"},{"taxonomy":"post_tag","embeddable":true,"href":"http:\/\/hoycordobaweb.com\/index.php\/wp-json\/wp\/v2\/tags?post=74232"}],"curies":[{"name":"wp","href":"https:\/\/api.w.org\/{rel}","templated":true}]}}