{"id":74226,"date":"2024-03-06T13:02:45","date_gmt":"2024-03-06T13:02:45","guid":{"rendered":"https:\/\/www.ole.com.ar\/futbol-internacional\/espana\/ancelotti-acusado-evasion-fiscal-fiscalia-solicita-anos-prision-defraudar-hacienda-millon-euros_0_Ebe7vEQryc.html"},"modified":"2024-03-06T13:02:45","modified_gmt":"2024-03-06T13:02:45","slug":"piden-casi-cinco-anos-de-carcel-para-carlo-ancelotti","status":"publish","type":"post","link":"http:\/\/hoycordobaweb.com\/index.php\/2024\/03\/06\/piden-casi-cinco-anos-de-carcel-para-carlo-ancelotti\/","title":{"rendered":"Piden casi cinco a\u00f1os de c\u00e1rcel para Carlo Ancelotti"},"content":{"rendered":"<p><img src=\"http:\/\/hoycordobaweb.com\/wp-content\/uploads\/2024\/03\/piden-casi-cinco-anos-de-carcel-para-carlo-ancelotti.jpg\"><\/p>\n<p><time class=\"createDate\" datetime=\"2024-03-06T10:02:45-03:00\">06\/03\/2024 10:02hs.<\/time><\/p>\n<div id=\"storyBody\">\n<div class=\"custom-text \" readability=\"31.894197952218\">\n<p><strong><a href=\"https:\/\/www.ole.com.ar\/tema\/carlo-ancelotti.html\" title=\"Carlo Ancelotti\" alt=\"Carlo Ancelotti\" class=\"slug\">Carlo Ancelotti<\/a> <\/strong>vuelve a estar en el foco de atenci\u00f3n. Esta vez, no por los logros conseguidos con el <strong><a href=\"https:\/\/www.ole.com.ar\/tema\/real-madrid.html\" title=\"Real Madrid\" alt=\"Real Madrid\" class=\"slug\">Real Madrid<\/a>:<\/strong> la Fiscal\u00eda espa\u00f1ola solicit\u00f3 este mi\u00e9rcoles <strong>cuatro a\u00f1os y nueve meses de prisi\u00f3n<\/strong> para el entrenador italiano por un presunto fraude fiscal de <strong>m\u00e1s de un mill\u00f3n de euros<\/strong>.<\/p>\n<\/div>\n<div class=\"custom-text \" readability=\"38\">\n<p>As\u00ed lo confirm\u00f3 en un comunicado oficial el fisco de la ciudad de Madrid, que \u00absolicita cuatro a\u00f1os y nueve meses de prisi\u00f3n\u00bb para el t\u00e9cnico, acusado de haber defraudado al erario p\u00fablico espa\u00f1ol <strong>1,06 millones de euros<\/strong> en los ejercicios de <strong>2014 y 2015 por eludir declarar sus ingresos procedentes de derechos de imagen.<\/strong><\/p>\n<\/div>\n<div class=\"sc-e7b891c4-0 jPbnQF\"><img alt=\"Carlo Ancelotti, el entrenador del Real Madrid, acusado de evadir al fisco espa\u00f1ol. \" src=\"http:\/\/hoycordobaweb.com\/wp-content\/uploads\/2024\/03\/piden-casi-cinco-anos-de-carcel-para-carlo-ancelotti-2.jpg\" width=\"720\" height=\"100\" decoding=\"async\" data-nimg=\"future\" loading=\"lazy\"><span class=\"epigraphe\">Carlo Ancelotti, el entrenador del Real Madrid, acusado de evadir al fisco espa\u00f1ol. <\/span><\/div>\n<div class=\"custom-text \" readability=\"33.564668769716\">\n<p>Todo este conflicto se produjo en la previa del partido de vuelta de los octavos de final de la <strong><a href=\"https:\/\/www.ole.com.ar\/tema\/champions-league.html\" title=\"Champions League\" alt=\"Champions League\" class=\"slug\">Champions League<\/a><\/strong>, donde el <strong><a href=\"https:\/\/www.ole.com.ar\/tema\/real-madrid.html\" title=\"Real Madrid\" alt=\"Real Madrid\" class=\"slug\">Real Madrid<\/a><\/strong>, despu\u00e9s de ganar 1 a 0 la ida en Alemania, se enfrentar\u00e1 este mi\u00e9rcoles desde las 17 (hora argentina) al<strong><a href=\"https:\/\/www.ole.com.ar\/tema\/rb-leipzig.html\" title=\"RB Leipzig\" alt=\"RB Leipzig\" class=\"slug\"> RB Leipzig<\/a><\/strong> con el fin de acceder a los cuartos de la tan ansiada Orejona.<\/p>\n<\/div>\n<div class=\"custom-text \" readability=\"39\">\n<p>Sin embargo, esta investigaci\u00f3n lleva m\u00e1s de tres a\u00f1os. Tal es as\u00ed que en julio del a\u00f1o pasado, la justicia de Madrid ya hab\u00eda anunciado que llevar\u00eda a juicio al entrenador del Real Madrid. Y a pesar de que <strong>el proceso todav\u00eda no tiene una fecha fijada<\/strong>, el curso contin\u00faa. Lento, pero seguro.<\/p>\n<\/div>\n<p><h2><strong>Los detalles del comunicado oficial de la Fiscal\u00eda espa\u00f1ola<\/strong><\/h2>\n<\/p>\n<div class=\"custom-text \" readability=\"37\">\n<p>Seg\u00fan el Ministerio P\u00fablico y la administraci\u00f3n fiscal, el entrenador italiano declar\u00f3 sus ingresos como entrenador del Real Madrid en 2014 y 2015, pero <strong>se salte\u00f3 los procedentes de derechos de imagen y otras fuentes, como las inmobiliarias.<\/strong><\/p>\n<\/div>\n<div class=\"custom-text \" readability=\"36\">\n<p>\u00abA pesar de que \u00e9l mismo afirm\u00f3 su condici\u00f3n de residente en Espa\u00f1a a efectos fiscales y de que reflej\u00f3 que su domicilio estaba en Madrid,<strong> solo consign\u00f3 en sus declaraciones de la renta las retribuciones de trabajo personal percibidas del Real Madrid<\/strong>\u00ab, explic\u00f3 la Fiscal\u00eda en su comunicado.<\/p>\n<\/div>\n<div class=\"sc-e7b891c4-0 jPbnQF\"><img alt=\"La Fiscal\u00eda pide casi cinco a\u00f1os de prisi\u00f3n para Carlo Ancelotti\" src=\"http:\/\/hoycordobaweb.com\/wp-content\/uploads\/2024\/03\/piden-casi-cinco-anos-de-carcel-para-carlo-ancelotti-3.jpg\" width=\"720\" height=\"100\" decoding=\"async\" data-nimg=\"future\" loading=\"lazy\"><span class=\"epigraphe\">La Fiscal\u00eda pide casi cinco a\u00f1os de prisi\u00f3n para Carlo Ancelotti<\/span><\/div>\n<div class=\"custom-text \" readability=\"37\">\n<p>Conforme al fisco, esta omisi\u00f3n fue voluntaria, ya que Ancelotti recurri\u00f3 a un \u00ab<strong>complejo<\/strong>\u00bb y \u00ab<strong>confuso<\/strong>\u00bb entramado de sociedades \u00ab<strong>para canalizar el cobro de los derechos de imagen<\/strong>\u00ab, subray\u00f3 el erario en el informe.<\/p>\n<\/div>\n<div class=\"custom-text \" readability=\"35\">\n<p>De esta forma \u00absimul\u00f3\u00bb la cesi\u00f3n de sus derechos de imagen a entidades \u00abcarentes de actividad real\u00bb domiciliadas fuera de Espa\u00f1a \u00ab<strong>persiguiendo as\u00ed la opacidad de cara a la Hacienda P\u00fablica espa\u00f1ola<\/strong>\u00ab, culmin\u00f3.<\/p>\n<\/div>\n<div class=\"sc-a7166897-0 exHLBh\" readability=\"6.5\">\n<section readability=\"3\"><picture><img alt=\"Pablo D\u00f3valo y su fuerte altercado con unos periodistas: &quot;\u00bfEntend\u00e9s o no entend\u00e9s lo que digo?&quot;\" src=\"http:\/\/hoycordobaweb.com\/wp-content\/uploads\/2024\/03\/piden-casi-cinco-anos-de-carcel-para-carlo-ancelotti-4.jpg\" width=\"290\" height=\"290\" decoding=\"async\" data-nimg=\"future\" loading=\"lazy\"><\/picture>\n<p><span>Mir\u00e1 tambi\u00e9n<\/span><\/p>\n<hr>\n<h3>Pablo D\u00f3valo y su fuerte altercado con unos periodistas: \u00ab\u00bfEntend\u00e9s o no entend\u00e9s lo que digo?\u00bb<\/h3>\n<\/p>\n<\/section>\n<\/div>\n<div class=\"sc-a7166897-0 exHLBh\" readability=\"6.5\">\n<section readability=\"3\"><picture><img alt=\"Duro descargo de un jugador de Independiente tras el cruce con D\u00f3valo: &quot;No me arrepiento de nada&quot;\" src=\"http:\/\/hoycordobaweb.com\/wp-content\/uploads\/2024\/03\/piden-casi-cinco-anos-de-carcel-para-carlo-ancelotti-5.jpg\" width=\"290\" height=\"290\" decoding=\"async\" data-nimg=\"future\" loading=\"lazy\"><\/picture>\n<p><span>Mir\u00e1 tambi\u00e9n<\/span><\/p>\n<hr>\n<h3>Duro descargo de un jugador de Independiente tras el cruce con D\u00f3valo: \u00abNo me arrepiento de nada\u00bb<\/h3>\n<\/p>\n<\/section>\n<\/div>\n<div class=\"sc-a7166897-0 exHLBh\" readability=\"6\">\n<section readability=\"2\"><picture><img alt=\"Las claves de River-Independiente Rivadavia: por qu\u00e9 puede ser bisagra para el Millo\" src=\"http:\/\/hoycordobaweb.com\/wp-content\/uploads\/2024\/03\/piden-casi-cinco-anos-de-carcel-para-carlo-ancelotti-6.jpg\" width=\"290\" height=\"290\" decoding=\"async\" data-nimg=\"future\" loading=\"lazy\"><\/picture>\n<p><span>Mir\u00e1 tambi\u00e9n<\/span><\/p>\n<hr>\n<h3>Las claves de River-Independiente Rivadavia: por qu\u00e9 puede ser bisagra para el Millo<\/h3>\n<\/p>\n<\/section>\n<\/div>\n<\/div>\n","protected":false},"excerpt":{"rendered":"<p>06\/03\/2024 10:02hs. Carlo Ancelotti vuelve a estar en el foco de atenci\u00f3n. Esta vez, no por los logros conseguidos con el Real Madrid: la Fiscal\u00eda espa\u00f1ola solicit\u00f3 este mi\u00e9rcoles cuatro a\u00f1os y nueve meses de prisi\u00f3n para el entrenador italiano por un presunto fraude fiscal de m\u00e1s de un mill\u00f3n de euros. As\u00ed lo confirm\u00f3 [&hellip;]<\/p>\n","protected":false},"author":1,"featured_media":74227,"comment_status":"open","ping_status":"closed","sticky":false,"template":"","format":"standard","meta":[],"categories":[16],"tags":[],"_links":{"self":[{"href":"http:\/\/hoycordobaweb.com\/index.php\/wp-json\/wp\/v2\/posts\/74226"}],"collection":[{"href":"http:\/\/hoycordobaweb.com\/index.php\/wp-json\/wp\/v2\/posts"}],"about":[{"href":"http:\/\/hoycordobaweb.com\/index.php\/wp-json\/wp\/v2\/types\/post"}],"author":[{"embeddable":true,"href":"http:\/\/hoycordobaweb.com\/index.php\/wp-json\/wp\/v2\/users\/1"}],"replies":[{"embeddable":true,"href":"http:\/\/hoycordobaweb.com\/index.php\/wp-json\/wp\/v2\/comments?post=74226"}],"version-history":[{"count":0,"href":"http:\/\/hoycordobaweb.com\/index.php\/wp-json\/wp\/v2\/posts\/74226\/revisions"}],"wp:featuredmedia":[{"embeddable":true,"href":"http:\/\/hoycordobaweb.com\/index.php\/wp-json\/wp\/v2\/media\/74227"}],"wp:attachment":[{"href":"http:\/\/hoycordobaweb.com\/index.php\/wp-json\/wp\/v2\/media?parent=74226"}],"wp:term":[{"taxonomy":"category","embeddable":true,"href":"http:\/\/hoycordobaweb.com\/index.php\/wp-json\/wp\/v2\/categories?post=74226"},{"taxonomy":"post_tag","embeddable":true,"href":"http:\/\/hoycordobaweb.com\/index.php\/wp-json\/wp\/v2\/tags?post=74226"}],"curies":[{"name":"wp","href":"https:\/\/api.w.org\/{rel}","templated":true}]}}