{"id":74180,"date":"2024-03-05T15:15:52","date_gmt":"2024-03-05T15:15:52","guid":{"rendered":"https:\/\/www.ole.com.ar\/mls\/inter-miami\/primeras-imagenes-federico-redondo-entrenando-inter-miami-debutar_0_PTGhXrQCdE.html"},"modified":"2024-03-05T15:15:52","modified_gmt":"2024-03-05T15:15:52","slug":"las-primeras-imagenes-de-federico-redondo-entrenando-en-el-inter-miami-cuando-puede-debutar","status":"publish","type":"post","link":"http:\/\/hoycordobaweb.com\/index.php\/2024\/03\/05\/las-primeras-imagenes-de-federico-redondo-entrenando-en-el-inter-miami-cuando-puede-debutar\/","title":{"rendered":"Las primeras im\u00e1genes de Federico Redondo entrenando en el Inter Miami: \u00bfcu\u00e1ndo puede debutar?"},"content":{"rendered":"<p><img src=\"http:\/\/hoycordobaweb.com\/wp-content\/uploads\/2024\/03\/las-primeras-imagenes-de-federico-redondo-entrenando-en-el-inter-miami-cuando-puede-debutar.jpg\"><\/p>\n<p><time class=\"createDate\" datetime=\"2024-03-05T12:15:52-03:00\">05\/03\/2024 12:15hs.<\/time><time class=\"modificatedDate\" datetime=\"2024-03-05T12:17:00-03:00\"> Actualizado al 05\/03\/2024 12:17hs.<\/time><\/p>\n<div id=\"storyBody\">\n<div class=\"custom-text \" readability=\"28.281967213115\">\n<p>La espera lleg\u00f3 a su fin para los fan\u00e1ticos del Inter Miami y, sobre todo, para Federico Redondo. Como adelant\u00f3 <strong>Ol\u00e9<\/strong>, el talento surgido de Argentinos <a href=\"https:\/\/www.ole.com.ar\/mls\/inter-miami\/buena-noticia-inter-miami-lionel-messi_0_SaMP8wiWlU.html\" target=\"_self\" title=\"recibi\u00f3 su Visa P-1 que lo habilita como Atleta Reconocido Internacionalmente\" alt=\"recibi\u00f3 su Visa P-1 que lo habilita como Atleta Reconocido Internacionalmente\" rel=\"noopener noreferrer\">recibi\u00f3 su Visa P-1 que lo habilita como Atleta Reconocido Internacionalmente<\/a> y este martes ya complet\u00f3 su primer entrenamiento a la par del plantel.<\/p>\n<\/div>\n<div class=\"custom-text \" readability=\"40.209638554217\">\n<p>El juvenil, de 21 a\u00f1os, viaj\u00f3 a Estados Unidos el 20 de febrero para realizarse la revisi\u00f3n m\u00e9dica al d\u00eda siguiente y as\u00ed firmar su contrato. <a href=\"https:\/\/www.ole.com.ar\/argentinos\/federico-rendondo-jugara-mls-detalles-operacion-inter-miami_0_eooUPoZv3V.html\" target=\"_self\" title=\"La venta\" alt=\"La venta\" rel=\"noopener noreferrer\">La venta<\/a>, que en su momento qued\u00f3 estancada por algunos detalles que no cuadraban, se produjo a cambio de unos 7.500.000 de d\u00f3lares hasta el final de la temporada 2028. El Semillero del Mundo, adem\u00e1s, <strong>se asegur\u00f3 el 15% de plusval\u00eda<\/strong> en caso de un futuro traspaso.<\/p>\n<\/div>\n<div class=\"custom-text \" readability=\"30.196610169492\">\n<p>El jugador lleg\u00f3 <a href=\"https:\/\/www.ole.com.ar\/mls\/inter-miami\/primeras-imagenes-federico-redondo-entrenando-inter-miami-debutar_0_PTGhXrQCdE.html\" target=\"_self\" title=\"como reemplazo de Facundo Far\u00edas\" alt=\"como reemplazo de Facundo Far\u00edas\" rel=\"noopener noreferrer\">como reemplazo de Facundo Far\u00edas<\/a> (rotura del ligamento cruzado anterior de su rodilla izquierda) dentro de la iniciativa U22 de la Major League Soccer. Lo \u00fanico que frenaba su incorporaci\u00f3n al resto del grupo era<strong> la recepci\u00f3n del Certificado de Transferencia Internacional. <\/strong> <\/p>\n<\/div>\n<div class=\"custom-text \" readability=\"37\">\n<p>Ahora, con ese tema resuelto, el club en el que milita Lionel Andr\u00e9s Messi Cuccittini presentar\u00e1 oficialmente al volante central: <strong>ser\u00e1 a trav\u00e9s de una conferencia de prensa<\/strong> que tendr\u00e1 lugar este martes a las 12.20 de Miami (14.20, hora argentina).<\/p>\n<\/div>\n<div class=\"custom-text \" readability=\"37\">\n<p>De esta manera, Redondo podr\u00eda hacer su presentaci\u00f3n oficial este jueves, a las 23 de la Argentina, cuando el Inter Miami visite a Nashville <strong>con motivo del debut en los octavos de final <\/strong>de ida de la Concachampions.<\/p>\n<\/div>\n<div class=\"sc-e7b891c4-0 jPbnQF\"><img alt=\"Federico Redondo al firmar su contrato en Inter Miami.\" src=\"http:\/\/hoycordobaweb.com\/wp-content\/uploads\/2024\/03\/las-primeras-imagenes-de-federico-redondo-entrenando-en-el-inter-miami-cuando-puede-debutar-2.jpg\" width=\"720\" height=\"100\" decoding=\"async\" data-nimg=\"future\" loading=\"lazy\"><span class=\"epigraphe\">Federico Redondo al firmar su contrato en Inter Miami.<\/span><\/div>\n<p><h2><strong>Los elogios de Sergio Busquets a Federico Redondo<\/strong><\/h2>\n<\/p>\n<div class=\"custom-text \" readability=\"26.282208588957\">\n<p>Referente del puesto y tambi\u00e9n del Inter Miami, <a href=\"https:\/\/www.ole.com.ar\/mls\/inter-miami\/primeras-imagenes-federico-redondo-entrenando-inter-miami-debutar_0_PTGhXrQCdE.html\" target=\"_self\" title=\"Sergio Busquets se deshizo en elogios\" alt=\"Sergio Busquets se deshizo en elogios\" rel=\"noopener noreferrer\">Sergio Busquets se deshizo en elogios<\/a> para describir al refuerzo que jugar\u00e1 en la MLS a partir de esta temporada. <\/p>\n<\/div>\n<div class=\"custom-text \" readability=\"40\">\n<p>\u00abOjal\u00e1 que pueda incorporarse pronto porque nos va a ayudar un mont\u00f3n. Es un jugador de alta calidad, que nos dar\u00e1 ese balance que necesitamos. Domina bien la pelota, busca a sus compa\u00f1eros, <strong>tiene experiencia y llega luego de haber jugado el Preol\u00edmpico<\/strong>, as\u00ed que nos va a ayudar\u00bb, destac\u00f3 el campe\u00f3n del mundo con Espa\u00f1a en Sud\u00e1frica 2010.<\/p>\n<\/div>\n<div class=\"custom-text \" readability=\"38\">\n<p>Quien tambi\u00e9n celebr\u00f3 su llegada fue Chris Henderson, director deportivo de la instituci\u00f3n: \u00abEstamos encantados de traer a un joven mediocampista apasionante como Federico al Inter Miami. <strong>Es un jugador muy prometedor<\/strong>, \u00e1gil con el bal\u00f3n en los pies y que muestra conciencia fuera de la posesi\u00f3n. Creemos en su potencial, pero tambi\u00e9n sentimos que ser\u00e1 inmediatamente una gran incorporaci\u00f3n a nuestro equipo mientras buscamos aprovechar nuestros \u00e9xitos en 2024&#8243;.<\/p>\n<\/div>\n<div class=\"sc-e7b891c4-0 jPbnQF\"><img alt=\"El volante celebrando su gol en el Preol\u00edmpico. (AP)\" src=\"http:\/\/hoycordobaweb.com\/wp-content\/uploads\/2024\/03\/las-primeras-imagenes-de-federico-redondo-entrenando-en-el-inter-miami-cuando-puede-debutar-3.jpg\" width=\"720\" height=\"100\" decoding=\"async\" data-nimg=\"future\" loading=\"lazy\"><span class=\"epigraphe\">El volante celebrando su gol en el Preol\u00edmpico. (AP)<\/span><\/div>\n<p><h2><strong>El pr\u00f3ximo desaf\u00edo del Inter Miami: el debut en la Concachampions<\/strong><\/h2>\n<\/p>\n<div class=\"custom-text \" readability=\"38\">\n<p>El equipo del Tata tuvo una gran noche el s\u00e1bado en el cl\u00e1sico del sol ante Orlando City: fue goleada 5-0, con dobletes de Leo y Luis Su\u00e1rez. De esta manera, las Garzas consiguieron su segunda victoria en la MLS que <strong>les permite llegar con confianza a su pr\u00f3ximo encuentro<\/strong>, que ser\u00e1 este jueves a las 23 de la Argentina ante Nashville con motivo del debut en la Concachampions.<\/p>\n<\/div>\n<div class=\"custom-text \" readability=\"37\">\n<p>Ser\u00e1 la primera vez que el Diez juegue la m\u00e1xima competencia continental de Am\u00e9rica del Norte. La franquicia de Florida logr\u00f3 clasificar al torneo tras obtener el t\u00edtulo en la pasada Leagues Cup, lo que les dio un cupo directo a los octavos de final. En la vereda contraria estar\u00e1 Nashville, que<strong> viene de dejar en el camino al Moca de Rep\u00fablica Dominicana por un global de 7 a 0<\/strong>.<\/p>\n<\/div>\n<div class=\"sc-e7b891c4-0 jPbnQF\"><img alt=\"Leo debutar\u00e1 en la Concachampions. (AFP)\" src=\"http:\/\/hoycordobaweb.com\/wp-content\/uploads\/2024\/03\/las-primeras-imagenes-de-federico-redondo-entrenando-en-el-inter-miami-cuando-puede-debutar-4.jpg\" width=\"720\" height=\"100\" decoding=\"async\" data-nimg=\"future\" loading=\"lazy\"><span class=\"epigraphe\">Leo debutar\u00e1 en la Concachampions. (AFP)<\/span><\/div>\n<div class=\"sc-a7166897-0 exHLBh\" readability=\"6\">\n<section readability=\"2\"><picture><img alt=\"La buena noticia que recibi\u00f3 el Inter Miami de Lionel Messi\" src=\"http:\/\/hoycordobaweb.com\/wp-content\/uploads\/2024\/03\/las-primeras-imagenes-de-federico-redondo-entrenando-en-el-inter-miami-cuando-puede-debutar-5.jpg\" width=\"290\" height=\"290\" decoding=\"async\" data-nimg=\"future\" loading=\"lazy\"><\/picture>\n<p><span>Mir\u00e1 tambi\u00e9n<\/span><\/p>\n<hr>\n<h3>La buena noticia que recibi\u00f3 el Inter Miami de Lionel Messi<\/h3>\n<\/p>\n<\/section>\n<\/div>\n<div class=\"sc-a7166897-0 exHLBh\" readability=\"6\">\n<section readability=\"2\"><picture><img alt=\"Video: Messi se meti\u00f3 en un pogo para disfrutar un tema de Bizarrap\" src=\"http:\/\/hoycordobaweb.com\/wp-content\/uploads\/2024\/03\/las-primeras-imagenes-de-federico-redondo-entrenando-en-el-inter-miami-cuando-puede-debutar-6.jpg\" width=\"290\" height=\"290\" decoding=\"async\" data-nimg=\"future\" loading=\"lazy\"><\/picture>\n<p><span>Mir\u00e1 tambi\u00e9n<\/span><\/p>\n<hr>\n<h3>Video: Messi se meti\u00f3 en un pogo para disfrutar un tema de Bizarrap<\/h3>\n<\/p>\n<\/section>\n<\/div>\n<div class=\"sc-a7166897-0 exHLBh\" readability=\"6.5\">\n<section readability=\"3\"><picture><img alt=\"Sharks hist\u00f3ricos, con la rosa y al lado del estadio de Messi \" src=\"http:\/\/hoycordobaweb.com\/wp-content\/uploads\/2024\/03\/las-primeras-imagenes-de-federico-redondo-entrenando-en-el-inter-miami-cuando-puede-debutar-7.jpg\" width=\"290\" height=\"290\" decoding=\"async\" data-nimg=\"future\" loading=\"lazy\"><\/picture>\n<p><span>Mir\u00e1 tambi\u00e9n<\/span><\/p>\n<hr>\n<h3>Sharks hist\u00f3ricos, con la rosa y al lado del estadio de Messi <\/h3>\n<\/p>\n<\/section>\n<\/div>\n<\/div>\n","protected":false},"excerpt":{"rendered":"<p>05\/03\/2024 12:15hs. Actualizado al 05\/03\/2024 12:17hs. La espera lleg\u00f3 a su fin para los fan\u00e1ticos del Inter Miami y, sobre todo, para Federico Redondo. Como adelant\u00f3 Ol\u00e9, el talento surgido de Argentinos recibi\u00f3 su Visa P-1 que lo habilita como Atleta Reconocido Internacionalmente y este martes ya complet\u00f3 su primer entrenamiento a la par del [&hellip;]<\/p>\n","protected":false},"author":1,"featured_media":74181,"comment_status":"open","ping_status":"closed","sticky":false,"template":"","format":"standard","meta":[],"categories":[16],"tags":[],"_links":{"self":[{"href":"http:\/\/hoycordobaweb.com\/index.php\/wp-json\/wp\/v2\/posts\/74180"}],"collection":[{"href":"http:\/\/hoycordobaweb.com\/index.php\/wp-json\/wp\/v2\/posts"}],"about":[{"href":"http:\/\/hoycordobaweb.com\/index.php\/wp-json\/wp\/v2\/types\/post"}],"author":[{"embeddable":true,"href":"http:\/\/hoycordobaweb.com\/index.php\/wp-json\/wp\/v2\/users\/1"}],"replies":[{"embeddable":true,"href":"http:\/\/hoycordobaweb.com\/index.php\/wp-json\/wp\/v2\/comments?post=74180"}],"version-history":[{"count":0,"href":"http:\/\/hoycordobaweb.com\/index.php\/wp-json\/wp\/v2\/posts\/74180\/revisions"}],"wp:featuredmedia":[{"embeddable":true,"href":"http:\/\/hoycordobaweb.com\/index.php\/wp-json\/wp\/v2\/media\/74181"}],"wp:attachment":[{"href":"http:\/\/hoycordobaweb.com\/index.php\/wp-json\/wp\/v2\/media?parent=74180"}],"wp:term":[{"taxonomy":"category","embeddable":true,"href":"http:\/\/hoycordobaweb.com\/index.php\/wp-json\/wp\/v2\/categories?post=74180"},{"taxonomy":"post_tag","embeddable":true,"href":"http:\/\/hoycordobaweb.com\/index.php\/wp-json\/wp\/v2\/tags?post=74180"}],"curies":[{"name":"wp","href":"https:\/\/api.w.org\/{rel}","templated":true}]}}