{"id":74176,"date":"2024-03-05T17:18:34","date_gmt":"2024-03-05T17:18:34","guid":{"rendered":"https:\/\/www.ole.com.ar\/futbol-primera\/vuelta-casa-lisandro-lopez-regresa-cilindro_0_QPuKCbJNKe.html"},"modified":"2024-03-05T17:18:34","modified_gmt":"2024-03-05T17:18:34","slug":"la-vuelta-a-casa-lisandro-lopez-regresa-al-cilindro","status":"publish","type":"post","link":"http:\/\/hoycordobaweb.com\/index.php\/2024\/03\/05\/la-vuelta-a-casa-lisandro-lopez-regresa-al-cilindro\/","title":{"rendered":"La vuelta a casa: Lisandro L\u00f3pez regresa al Cilindro"},"content":{"rendered":"<p><img src=\"http:\/\/hoycordobaweb.com\/wp-content\/uploads\/2024\/03\/la-vuelta-a-casa-lisandro-lopez-regresa-al-cilindro.jpg\"><\/p>\n<p><time class=\"createDate\" datetime=\"2024-03-05T14:18:34-03:00\">05\/03\/2024 14:18hs.<\/time><time class=\"modificatedDate\" datetime=\"2024-03-05T14:19:57-03:00\"> Actualizado al 05\/03\/2024 14:19hs.<\/time><\/p>\n<div id=\"storyBody\">\n<div class=\"custom-text \" readability=\"35.205882352941\">\n<p>Un dedo en la sien. La otra mano, alta en el cielo. El t\u00edpico festejo de <strong><a href=\"https:\/\/www.ole.com.ar\/tema\/lisandro-lopez.html\" title=\"Lisandro L\u00f3pez\" alt=\"Lisandro L\u00f3pez\" class=\"slug\">Lisandro L\u00f3pez<\/a><\/strong> qued\u00f3 guardado en el coraz\u00f3n de todos los hinchas de <strong><a href=\"https:\/\/www.ole.com.ar\/tema\/racing.html\" title=\"Racing\" alt=\"Racing\" class=\"slug\">Racing<\/a>. <\/strong>All\u00e1 por el 2016 decidi\u00f3 pegar la vuelta a Avellaneda para ser campe\u00f3n con el club que lo vio dar sus primeros pasos en el f\u00fatbol. <strong>Este martes volver\u00e1 a pisar el Cilindro<\/strong> donde supo vivir tantas alegr\u00edas pero, esta vez, con la camiseta de <strong><a href=\"https:\/\/www.ole.com.ar\/tema\/sarmiento-de-junin.html\" title=\"Sarmiento de Jun\u00edn\" alt=\"Sarmiento de Jun\u00edn\" class=\"slug\">Sarmiento<\/a><\/strong>.<\/p>\n<\/div>\n<div class=\"custom-text \" readability=\"35.701754385965\">\n<p>Tras festejar con gol su cumplea\u00f1os n\u00famero 41 (recibi\u00f3 saludos de jugadores de Racing y del propio <strong><a href=\"https:\/\/www.ole.com.ar\/tema\/gustavo-costas.html\" title=\"Gustavo Costas\" alt=\"Gustavo Costas\" class=\"slug\">Gustavo Costas<\/a><\/strong>, con quien tiene una relaci\u00f3n especial) Licha regresar\u00e1 al patio de su casa. Y aunque esta no ser\u00e1 la primera vez que el nacido en Rafael Obligado tenga enfrente la camiseta celeste y blanca, la vuelta de un \u00eddolo es \u00fanica: <strong>los hinchas le agradecer\u00e1n nuevamente lo conseguido.<\/strong><\/p>\n<\/div>\n<div class=\"custom-text \" readability=\"40\">\n<p>En abril del 2022, Licha tuvo su estreno con la camiseta verde y blanca, pero el Racing de <strong>Fernando Gago<\/strong> amarg\u00f3 su debut en el club de Jun\u00edn y se flore\u00f3 con un 4 a 1. Un a\u00f1o m\u00e1s tarde, el atacante regres\u00f3 al estadio del club de Avellaneda, y <strong>otra vez, se fue con las manos vac\u00edas.<\/strong> Un gol de Mat\u00edas Rojas le alcanz\u00f3 a la Academia para llevarse los tres puntos.<\/p>\n<\/div>\n<div class=\"custom-text \" readability=\"36\">\n<p><strong>Este martes, desde las 20:00 horas por la novena fecha de la Zona B de la Copa de la Liga<\/strong>, el goleador y los racinguistas tienen una cita: volver\u00e1n a verse las caras, a confesarse su amor mutuo. <\/p>\n<\/div>\n<div class=\"sc-e7b891c4-0 jPbnQF\"><img alt=\"Licha se despidi\u00f3 de Racing en diciembre del 2021 (FOTOBAIRES).\" src=\"http:\/\/hoycordobaweb.com\/wp-content\/uploads\/2024\/03\/la-vuelta-a-casa-lisandro-lopez-regresa-al-cilindro-2.jpg\" width=\"720\" height=\"100\" decoding=\"async\" data-nimg=\"future\" loading=\"lazy\"><span class=\"epigraphe\">Licha se despidi\u00f3 de Racing en diciembre del 2021 (FOTOBAIRES).<\/span><\/div>\n<div class=\"custom-text \" readability=\"40\">\n<p>Del lado de Avellaneda, el \u00edmpetu de un Racing renovado y con ganas de recuperarse despu\u00e9s del p\u00e1lido empate ante <strong>Platense<\/strong>, con la intenci\u00f3n de recuperar el gran funcionamiento futbol\u00edstico que hab\u00eda cosechado en las fechas pasadas. Del otro, un Sarmiento que viene de perder contra <strong>Uni\u00f3n<\/strong>, encuentro donde Lisandro hizo su primer gol del 2024, pero que no le sirvi\u00f3 al Verde: a\u00fan no conoce la victoria en el campeonato.<\/p>\n<\/div>\n<div type=\"embed\" class=\"sc-7ce6049-0 dwIKul\">\n<div class=\"sc-7ce6049-1 bdcBBS videoText\" id=\"contentTitleembedIgRnnoxC\" type=\"embed\" readability=\"56\"><svg fill=\"#ffffff\"><symbol id=\"play\" viewBox=\"0 0 512 512\"><path d=\"M512 256C512 397.4 397.4 512 256 512C114.6 512 0 397.4 0 256C0 114.6 114.6 0 256 0C397.4 0 512 114.6 512 256zM176 168V344C176 352.7 180.7 360.7 188.3 364.9C195.8 369.2 205.1 369 212.5 364.5L356.5 276.5C363.6 272.1 368 264.4 368 256C368 247.6 363.6 239.9 356.5 235.5L212.5 147.5C205.1 142.1 195.8 142.8 188.3 147.1C180.7 151.3 176 159.3 176 168V168z\" \/><\/symbol><use xlink:href=\"#play\" \/><\/svg><\/p>\n<div class=\"right\" readability=\"7\">\n<p>Lisandro L\u00f3pez<!-- --> &#8211;<!-- --> <span>5-3-2024<\/span><\/p>\n<h2 class=\"title-vid\">El gol de Licha L\u00f3pez<\/h2>\n<\/div>\n<\/div>\n<p><span class=\"back\" id=\"spanBackembedIgRnnoxC\"><\/span><\/div>\n<p><h2><strong>Posible formaci\u00f3n de Racing<\/strong><\/h2>\n<\/p>\n<div class=\"custom-text \" readability=\"39\">\n<p>Gabriel Arias; Nazareno Colombo, Santiago Sosa, Agust\u00edn Garcia Basso; Solari o Mura, Bruno Zuculini, Agust\u00edn Almendra, Gabriel Rojas; Juanfer Quintero; Roger Mart\u00ednez o Salas y Adri\u00e1n Maravilla Mart\u00ednez.<\/p>\n<\/div>\n<p><h2><strong>El posible once de Sarmiento<\/strong><\/h2>\n<\/p>\n<div class=\"custom-text \" readability=\"40\">\n<p>Fernando Monetti; Franco Paredes, Juan Cruz Guasone, Juan Manuel Insaurralde, Emanuel Hern\u00e1ndez, Gabriel Diaz; Jos\u00e9 Mauri, Fernando Godoy o Diego Calcaterra, Sergio Quiroga; Lisandro L\u00f3pez e Iv\u00e1n Morales o Agust\u00edn Fontana.<\/p>\n<\/div>\n<div class=\"sc-a7166897-0 exHLBh\" readability=\"6.5\">\n<section readability=\"3\"><picture><img alt=\"La formaci\u00f3n de Racing ante Sarmiento, \u00bfcon Roger Mart\u00ednez de arranque?\" src=\"http:\/\/hoycordobaweb.com\/wp-content\/uploads\/2024\/03\/la-vuelta-a-casa-lisandro-lopez-regresa-al-cilindro-3.jpg\" width=\"290\" height=\"290\" decoding=\"async\" data-nimg=\"future\" loading=\"lazy\"><\/picture>\n<p><span>Mir\u00e1 tambi\u00e9n<\/span><\/p>\n<hr>\n<h3>La formaci\u00f3n de Racing ante Sarmiento, \u00bfcon Roger Mart\u00ednez de arranque?<\/h3>\n<\/p>\n<\/section>\n<\/div>\n<div class=\"sc-a7166897-0 exHLBh\" readability=\"6.5\">\n<section readability=\"3\"><picture><img alt=\"Las primeras im\u00e1genes de Federico Redondo entrenando en el Inter Miami: \u00bfcu\u00e1ndo puede debutar?\" src=\"http:\/\/hoycordobaweb.com\/wp-content\/uploads\/2024\/03\/la-vuelta-a-casa-lisandro-lopez-regresa-al-cilindro-4.jpg\" width=\"290\" height=\"290\" decoding=\"async\" data-nimg=\"future\" loading=\"lazy\"><\/picture>\n<p><span>Mir\u00e1 tambi\u00e9n<\/span><\/p>\n<hr>\n<h3>Las primeras im\u00e1genes de Federico Redondo entrenando en el Inter Miami: \u00bfcu\u00e1ndo puede debutar?<\/h3>\n<\/p>\n<\/section>\n<\/div>\n<div class=\"sc-a7166897-0 exHLBh\" readability=\"6\">\n<section readability=\"2\"><picture><img alt=\"C\u00f3mo est\u00e1n y cu\u00e1ndo vuelven Marcos Rojo y Pol Fern\u00e1ndez en Boca\" src=\"http:\/\/hoycordobaweb.com\/wp-content\/uploads\/2024\/03\/la-vuelta-a-casa-lisandro-lopez-regresa-al-cilindro-5.jpg\" width=\"290\" height=\"290\" decoding=\"async\" data-nimg=\"future\" loading=\"lazy\"><\/picture>\n<p><span>Mir\u00e1 tambi\u00e9n<\/span><\/p>\n<hr>\n<h3>C\u00f3mo est\u00e1n y cu\u00e1ndo vuelven Marcos Rojo y Pol Fern\u00e1ndez en Boca<\/h3>\n<\/p>\n<\/section>\n<\/div>\n<div class=\"sc-a7166897-0 exHLBh\" readability=\"6\">\n<section readability=\"2\"><picture><img alt=\"La buena noticia que recibi\u00f3 el Inter Miami de Lionel Messi\" src=\"http:\/\/hoycordobaweb.com\/wp-content\/uploads\/2024\/03\/la-vuelta-a-casa-lisandro-lopez-regresa-al-cilindro-6.jpg\" width=\"290\" height=\"290\" decoding=\"async\" data-nimg=\"future\" loading=\"lazy\"><\/picture>\n<p><span>Mir\u00e1 tambi\u00e9n<\/span><\/p>\n<hr>\n<h3>La buena noticia que recibi\u00f3 el Inter Miami de Lionel Messi<\/h3>\n<\/p>\n<\/section>\n<\/div>\n<\/div>\n","protected":false},"excerpt":{"rendered":"<p>05\/03\/2024 14:18hs. Actualizado al 05\/03\/2024 14:19hs. Un dedo en la sien. La otra mano, alta en el cielo. El t\u00edpico festejo de Lisandro L\u00f3pez qued\u00f3 guardado en el coraz\u00f3n de todos los hinchas de Racing. All\u00e1 por el 2016 decidi\u00f3 pegar la vuelta a Avellaneda para ser campe\u00f3n con el club que lo vio dar [&hellip;]<\/p>\n","protected":false},"author":1,"featured_media":74177,"comment_status":"open","ping_status":"closed","sticky":false,"template":"","format":"standard","meta":[],"categories":[16],"tags":[],"_links":{"self":[{"href":"http:\/\/hoycordobaweb.com\/index.php\/wp-json\/wp\/v2\/posts\/74176"}],"collection":[{"href":"http:\/\/hoycordobaweb.com\/index.php\/wp-json\/wp\/v2\/posts"}],"about":[{"href":"http:\/\/hoycordobaweb.com\/index.php\/wp-json\/wp\/v2\/types\/post"}],"author":[{"embeddable":true,"href":"http:\/\/hoycordobaweb.com\/index.php\/wp-json\/wp\/v2\/users\/1"}],"replies":[{"embeddable":true,"href":"http:\/\/hoycordobaweb.com\/index.php\/wp-json\/wp\/v2\/comments?post=74176"}],"version-history":[{"count":0,"href":"http:\/\/hoycordobaweb.com\/index.php\/wp-json\/wp\/v2\/posts\/74176\/revisions"}],"wp:featuredmedia":[{"embeddable":true,"href":"http:\/\/hoycordobaweb.com\/index.php\/wp-json\/wp\/v2\/media\/74177"}],"wp:attachment":[{"href":"http:\/\/hoycordobaweb.com\/index.php\/wp-json\/wp\/v2\/media?parent=74176"}],"wp:term":[{"taxonomy":"category","embeddable":true,"href":"http:\/\/hoycordobaweb.com\/index.php\/wp-json\/wp\/v2\/categories?post=74176"},{"taxonomy":"post_tag","embeddable":true,"href":"http:\/\/hoycordobaweb.com\/index.php\/wp-json\/wp\/v2\/tags?post=74176"}],"curies":[{"name":"wp","href":"https:\/\/api.w.org\/{rel}","templated":true}]}}