{"id":74125,"date":"2024-03-04T17:27:37","date_gmt":"2024-03-04T17:27:37","guid":{"rendered":"https:\/\/ladecimaweb.com\/?p=25509"},"modified":"2024-03-04T17:27:37","modified_gmt":"2024-03-04T17:27:37","slug":"el-santiago-del-estero-otra-vez-victima-de-la-inseguridad-en-villa-el-libertador","status":"publish","type":"post","link":"http:\/\/hoycordobaweb.com\/index.php\/2024\/03\/04\/el-santiago-del-estero-otra-vez-victima-de-la-inseguridad-en-villa-el-libertador\/","title":{"rendered":"El Santiago del Estero, otra vez v\u00edctima de la inseguridad en Villa El Libertador"},"content":{"rendered":"<div class=\"boldgrid-section\">\n<div class=\"container\">\n<div class=\"row\">\n<div class=\"col-md-12 col-xs-12 col-sm-12\">\n<p class>La comunidad educativa (padres, docentes y alumnos) de la escuela provincial Santiago del Estero, ubicada en Villa El Libertador ya no encuentra explicaci\u00f3n a la inseguridad que padecen.&nbsp;<\/p>\n<p class>El establecimiento es noticia peri\u00f3dica por la constante cantidad de robos sufridos desde el a\u00f1o pasado.&nbsp;<\/p>\n<p class>En las \u00faltimas horas, la escuela volvi\u00f3 a ser blanco de los delincuentes, que se llevaron la bomba de agua. Otro golpe m\u00e1s a la paciencia de la comunidad.&nbsp;<\/p>\n<p class><img loading=\"lazy\" class=\"alignnone wp-image-25510\" src=\"http:\/\/hoycordobaweb.com\/wp-content\/uploads\/2024\/03\/el-santiago-del-estero-otra-vez-victima-de-la-inseguridad-en-villa-el-libertador.jpg\" alt width=\"283\" height=\"377\" srcset=\"http:\/\/hoycordobaweb.com\/wp-content\/uploads\/2024\/03\/el-santiago-del-estero-otra-vez-victima-de-la-inseguridad-en-villa-el-libertador.jpg 1200w, http:\/\/hoycordobaweb.com\/wp-content\/uploads\/2024\/03\/el-santiago-del-estero-otra-vez-victima-de-la-inseguridad-en-villa-el-libertador-2.jpg 333w, http:\/\/hoycordobaweb.com\/wp-content\/uploads\/2024\/03\/el-santiago-del-estero-otra-vez-victima-de-la-inseguridad-en-villa-el-libertador-3.jpg 768w, http:\/\/hoycordobaweb.com\/wp-content\/uploads\/2024\/03\/el-santiago-del-estero-otra-vez-victima-de-la-inseguridad-en-villa-el-libertador-4.jpg 1152w\" sizes=\"(max-width: 283px) 100vw, 283px\" \/><\/p>\n<p class>El robo afecta el normal dictado de clases porque los ni\u00f1os pasan menos horas en el colegio.&nbsp;&nbsp;<\/p>\n<p class>&#8220;Los de la ma\u00f1ana entran a las 10 y salen a las 12, y los de la tarde de 14 a 15,30 horas&#8221;, precisa una mam\u00e1 a La D\u00e9cima. Sin bomba de agua los ba\u00f1os y el comedor dejan de funcionar con normalidad.&nbsp;<\/p>\n<p class>&#8220;Es un colegio muy golpeado por la delincuencia todos los da\u00f1os&#8221;, dice esta mam\u00e1, para expresar su hartazgo por la inescrupulosidad de la delincuencia.&nbsp;&nbsp;<\/p>\n<p class><img loading=\"lazy\" class=\"alignnone wp-image-25511\" src=\"http:\/\/hoycordobaweb.com\/wp-content\/uploads\/2024\/03\/el-santiago-del-estero-otra-vez-victima-de-la-inseguridad-en-villa-el-libertador-1.jpg\" alt width=\"453\" height=\"340\" srcset=\"http:\/\/hoycordobaweb.com\/wp-content\/uploads\/2024\/03\/el-santiago-del-estero-otra-vez-victima-de-la-inseguridad-en-villa-el-libertador-1.jpg 1600w, http:\/\/hoycordobaweb.com\/wp-content\/uploads\/2024\/03\/el-santiago-del-estero-otra-vez-victima-de-la-inseguridad-en-villa-el-libertador-5.jpg 592w, http:\/\/hoycordobaweb.com\/wp-content\/uploads\/2024\/03\/el-santiago-del-estero-otra-vez-victima-de-la-inseguridad-en-villa-el-libertador-6.jpg 768w, http:\/\/hoycordobaweb.com\/wp-content\/uploads\/2024\/03\/el-santiago-del-estero-otra-vez-victima-de-la-inseguridad-en-villa-el-libertador-7.jpg 1536w\" sizes=\"(max-width: 453px) 100vw, 453px\" \/><\/p>\n<p class>&#8220;Reclamamos de una vez presencial policial al ingreso y egreso del colegio&#8221;, insiste.&nbsp;<\/p>\n<p class>Confiesa que directivos y padres &#8220;estamos muy apenados&#8221; por la problem\u00e1tica. &#8220;Elevamos una nota a las autoridades y si no hay se tomar\u00e1 el colegio&#8221;, advierte.&nbsp;<\/p>\n<p class>Adem\u00e1s de los robos, el colegio tiene clausurado el patio por falta de obras.&nbsp;<\/p>\n<p>&#8220;Faltan rejillas en los desag\u00fces&#8221;, dice. Por este motivo, un ni\u00f1o result\u00f3 lesionado en una pierna el a\u00f1o pasado. A\u00fan sigue sin arreglo.&nbsp;<\/p>\n<p>&nbsp;<\/p>\n<p class>\n<div class=\"ubm_banner\"><a href=\"https:\/\/www.cordobaturismo.gov.ar\/\" target=\"_blank\" rel=\"dofollow noopener noreferrer\"><img src=\"http:\/\/hoycordobaweb.com\/wp-content\/uploads\/2024\/03\/el-santiago-del-estero-otra-vez-victima-de-la-inseguridad-en-villa-el-libertador.gif\" alt><\/a><\/div>\n<\/div>\n<\/div>\n<\/div>\n<\/div>\n<p>La entrada <a rel=\"nofollow\" href=\"https:\/\/ladecimaweb.com\/el-santiago-del-estero-otra-vez-noticia-por-sufrir-un-robo\/\">El Santiago del Estero, otra vez v\u00edctima de la inseguridad en Villa El Libertador<\/a> se public\u00f3 primero en <a rel=\"nofollow\" href=\"https:\/\/ladecimaweb.com\">LaDecima<\/a>.<\/p>\n","protected":false},"excerpt":{"rendered":"<p>La comunidad educativa (padres, docentes y alumnos) de la escuela provincial Santiago del Estero, ubicada en Villa El Libertador ya no encuentra explicaci\u00f3n a la inseguridad que padecen.&nbsp; El establecimiento es noticia peri\u00f3dica por la constante cantidad de robos sufridos desde el a\u00f1o pasado.&nbsp; En las \u00faltimas horas, la escuela volvi\u00f3 a ser blanco de [&hellip;]<\/p>\n","protected":false},"author":1,"featured_media":74126,"comment_status":"closed","ping_status":"closed","sticky":false,"template":"","format":"standard","meta":[],"categories":[19],"tags":[],"_links":{"self":[{"href":"http:\/\/hoycordobaweb.com\/index.php\/wp-json\/wp\/v2\/posts\/74125"}],"collection":[{"href":"http:\/\/hoycordobaweb.com\/index.php\/wp-json\/wp\/v2\/posts"}],"about":[{"href":"http:\/\/hoycordobaweb.com\/index.php\/wp-json\/wp\/v2\/types\/post"}],"author":[{"embeddable":true,"href":"http:\/\/hoycordobaweb.com\/index.php\/wp-json\/wp\/v2\/users\/1"}],"replies":[{"embeddable":true,"href":"http:\/\/hoycordobaweb.com\/index.php\/wp-json\/wp\/v2\/comments?post=74125"}],"version-history":[{"count":0,"href":"http:\/\/hoycordobaweb.com\/index.php\/wp-json\/wp\/v2\/posts\/74125\/revisions"}],"wp:featuredmedia":[{"embeddable":true,"href":"http:\/\/hoycordobaweb.com\/index.php\/wp-json\/wp\/v2\/media\/74126"}],"wp:attachment":[{"href":"http:\/\/hoycordobaweb.com\/index.php\/wp-json\/wp\/v2\/media?parent=74125"}],"wp:term":[{"taxonomy":"category","embeddable":true,"href":"http:\/\/hoycordobaweb.com\/index.php\/wp-json\/wp\/v2\/categories?post=74125"},{"taxonomy":"post_tag","embeddable":true,"href":"http:\/\/hoycordobaweb.com\/index.php\/wp-json\/wp\/v2\/tags?post=74125"}],"curies":[{"name":"wp","href":"https:\/\/api.w.org\/{rel}","templated":true}]}}