{"id":74058,"date":"2024-03-02T17:11:00","date_gmt":"2024-03-02T17:11:00","guid":{"rendered":"http:\/\/hoycordobaweb.com\/index.php\/2024\/03\/02\/pacto-de-mayo-se-suman-mas-gobernadores-a-la-convocatoria-de-milei\/"},"modified":"2024-03-02T17:11:00","modified_gmt":"2024-03-02T17:11:00","slug":"pacto-de-mayo-se-suman-mas-gobernadores-a-la-convocatoria-de-milei","status":"publish","type":"post","link":"http:\/\/hoycordobaweb.com\/index.php\/2024\/03\/02\/pacto-de-mayo-se-suman-mas-gobernadores-a-la-convocatoria-de-milei\/","title":{"rendered":"Pacto de Mayo: se suman m\u00e1s gobernadores a la convocatoria de Milei"},"content":{"rendered":"<p><img src=\"http:\/\/hoycordobaweb.com\/wp-content\/uploads\/2024\/03\/pacto-de-mayo-se-suman-mas-gobernadores-a-la-convocatoria-de-milei.jpg\"><\/p>\n<figure class=\"mb-3\"><img loading=\"lazy\" data-src=\"http:\/\/hoycordobaweb.com\/wp-content\/uploads\/2024\/03\/pacto-de-mayo-se-suman-mas-gobernadores-a-la-convocatoria-de-milei-2.jpg\" src=\"https:\/\/www.telam.com.ar\/assets\/img\/not_image.png\" class=\" lazy \" width=\"100%\" height=\"100%\" alt=\"Llaryora y Zdero sumaron su adhesin a la convocatoria de Javier Milei \"><figcaption> Llaryora y Zdero sumaron su adhesi\u00f3n a la convocatoria de Javier Milei. <\/figcaption><\/figure>\n<p>El <strong>gobernador de C\u00f3rdoba, Mart\u00edn Llaryora<\/strong>, acept\u00f3 la <a href=\"https:\/\/www.telam.com.ar\/notas\/202403\/656852-milei-sesiones-ordinarias-congreso.html\" target=\"_blank\" rel=\"noopener noreferrer\">convocatoria a \u00ablos acuerdos y consensos\u00bb y consider\u00f3 que el denominado <strong>Pacto de Mayo<\/strong><\/a>, anunciado por el presidente Javier Milei, \u00abpuede ser la oportunidad para generar un acuerdo estrat\u00e9gico\u00bb para la Argentina.<\/p>\n<p>Con su apoyo, crece el n\u00famero de gobernadores que expresaron en las \u00faltimas horas su <strong>respaldo a la convocatoria<\/strong> realizada este viernes por Milei durante su discurso <strong>ante la Asamblea Legislativa<\/strong>, con el que dej\u00f3 inaugurado un nuevo per\u00edodo de sesiones ordinarias.<\/p>\n<blockquote class=\"twitter-tweet\" readability=\"8.6517857142857\">\n<p lang=\"es\" dir=\"ltr\">C\u00f3rdoba acepta la convocatoria a los acuerdos y consensos. Argentina necesita una agenda de di\u00e1logo no solo desde el arco pol\u00edtico sino extendiendo el llamado a todos los sectores, a los productivos y los del trabajo, y discutir un plan socioproductivo que saque al pa\u00eds adelante.<\/p>\n<p>\u2014 Mart\u00edn Llaryora (@MartinLlaryora) <a href=\"https:\/\/twitter.com\/MartinLlaryora\/status\/1763753209774960840?ref_src=twsrc%5Etfw\">March 2, 2024<\/a><\/p><\/blockquote>\n<p>\u00abC\u00f3rdoba acepta la convocatoria a los acuerdos y consensos. Argentina necesita una agenda de di\u00e1logo no solo desde el arco pol\u00edtico sino extendiendo el llamado a todos los sectores, a los productivos y los del trabajo, y discutir un plan socioproductivo que saque al pa\u00eds adelante\u00bb, poste\u00f3 Llaryora en las \u00faltimas horas en su cuenta de la plataforma X.<\/p>\n<p>En ese marco, el mandatario agreg\u00f3 que C\u00f3rdoba \u00abtiene m\u00e1s de 20 a\u00f1os de super\u00e1vit fiscal y como ya sabemos nuestra provincia desde hace a\u00f1os no es favorecida por la Naci\u00f3n. Sin embargo, C\u00f3rdoba ha crecido respetando a las instituciones, con vocaci\u00f3n de di\u00e1logo y generando empleo entre el sector p\u00fablico y el privado\u00bb.<\/p>\n<figure class=\"mb-3\"><img loading=\"lazy\" data-src=\"http:\/\/hoycordobaweb.com\/wp-content\/uploads\/2024\/03\/pacto-de-mayo-se-suman-mas-gobernadores-a-la-convocatoria-de-milei-3.jpg\" src=\"https:\/\/www.telam.com.ar\/assets\/img\/not_image.png\" class=\" lazy \" width=\"100%\" height=\"100%\" alt=\"Foto Osvaldo Fantn\"><figcaption> Foto Osvaldo Fant\u00f3n <\/figcaption><\/figure>\n<p>\u00abLo de mayo puede ser la oportunidad para generar un acuerdo estrat\u00e9gico con objetivos para nuestra Argentina. Un plan que tendr\u00e1 que ser conducido por el presidente con el aporte de los gobernadores y de cada sector. Es una gran puerta para buscar soluciones y alternativas\u00bb, concluy\u00f3 el gobernador.<\/p>\n<div class=\"jumbotron pt-4 mt-3\" readability=\"35\">\n<h3 class=\"module-title\">Jalil dijo que \u00abel peronismo tiene que ir a C\u00f3rdoba y trabajar en este nuevo pacto\u00bb<\/h3>\n<p>El gobernador de Catamarca, <strong>Ra\u00fal Jalil<\/strong>, consider\u00f3 este s\u00e1bado que \u00abel peronismo tiene que ir a C\u00f3rdoba y trabajar en este nuevo pacto para todos los argentinos\u00bb en referencia a la convocatoria realizada por el presidente Javier Milei en su discurso ante la Asamblea Legislativa.<\/p>\n<p>\u00abVeo bien que se empiece a trabajar y creo que hay cosas muy importantes del pacto. Creo que nos debemos algunos puntos de acuerdo para salir adelante\u00bb, afirm\u00f3 Jalil en declaraciones a Radio Mitre.<\/p>\n<p>En este sentido, el mandatario catamarque\u00f1o opin\u00f3 que<strong> \u00abhay que ir a C\u00f3rdoba\u00bb y consider\u00f3 que \u00abel peronismo tiene que trabajar en este nuevo pacto que tiene que servir para todos los argentinos\u00bb.<\/strong><\/p>\n<p>Jalil sostuvo adem\u00e1s que \u00abhay muchas cosas de la ley Bases que eran buenas y estar\u00eda bueno que se discutan\u00bb.<\/p>\n<p>\u00abHab\u00eda ciertos cap\u00edtulos de la ley \u00f3mnibus, como el sistema de inversi\u00f3n para las grandes empresas en las que yo hab\u00eda pedido que no sea tan ben\u00e9volos\u00bb, admiti\u00f3 Jalil.<\/p>\n<p>El gobernador dijo adem\u00e1s qu<strong>e \u00ablo importante es que el Presidente se dedique a la macroeconom\u00eda\u00bb y que las provincias se dediquen a \u00abcrecer\u00bb.<\/strong><\/p>\n<p>\u00abImagino que nos llamar\u00e1n en los pr\u00f3ximos d\u00edas, siempre he sido una persona del di\u00e1logo y consenso\u00bb, concluy\u00f3.<\/p>\n<\/p><\/div>\n<figure class=\"mb-3\"><img loading=\"lazy\" data-src=\"http:\/\/hoycordobaweb.com\/wp-content\/uploads\/2024\/03\/pacto-de-mayo-se-suman-mas-gobernadores-a-la-convocatoria-de-milei-4.jpg\" src=\"https:\/\/www.telam.com.ar\/assets\/img\/not_image.png\" class=\" lazy \" width=\"100%\" height=\"100%\" alt=\"Foto Pablo Caprarulo\"><figcaption> Foto: Pablo Caprarulo <\/figcaption><\/figure>\n<p><\/p>\n<h2 class>El apoyo del gobierno chaque\u00f1o<\/h2>\n<p>El <strong>gobernador de Chaco, Leandro Zdero<\/strong>, sum\u00f3 su apoyo a la convocatoria a firmar el <strong>Pacto de Mayo&nbsp;<\/strong>y dijo que el rumbo es \u00abla austeridad y el di\u00e1logo\u00bb.<\/p>\n<p>\u00abPresidente @JMilei celebro su convocatoria al pacto del 25 de mayo. La austeridad, el di\u00e1logo y un acuerdo que nos permita mirar hacia adelante para el progreso de los argentinos, es el rumbo\u00bb, poste\u00f3 en las \u00faltimas horas en su cuenta de la plataforma X.<\/p>\n<p>Y agreg\u00f3: \u00abCuenta en esta tarea con nuestro acompa\u00f1amiento como gobierno y con el coraje de quienes estamos listos para transitar el camino de la prosperidad.<\/p>\n<blockquote class=\"twitter-tweet\" readability=\"8.4409937888199\">\n<p lang=\"es\" dir=\"ltr\">Presidente <a href=\"https:\/\/twitter.com\/JMilei?ref_src=twsrc%5Etfw\">@JMilei<\/a> celebro su convocatoria al pacto del 25 de mayo.<br \/>La austeridad, el dialogo y un acuerdo que nos permita mirar hacia adelante para el progreso de los argentinos, es el rumbo.<br \/>Cuenta en esta tarea con nuestro acompa\u00f1amiento como gobierno y con el coraje de\u2026<\/p>\n<p>\u2014 Leandro Zdero (@LeandroZdero) <a href=\"https:\/\/twitter.com\/LeandroZdero\/status\/1763773983244095571?ref_src=twsrc%5Etfw\">March 2, 2024<\/a><\/p><\/blockquote>\n<p>Llaryora y Zdero se sumaron as\u00ed al apoyo ya expresado por otros gobernadores como el de Santa Fe, Maximiliano Pullaro; de Tucum\u00e1n, Osvaldo Jaldo; de Entre R\u00edos, Rogelio Frigerio; de San Juan, Marcelo Orrego; de Chubut, Ignacio Torres; de Mendoza, Alfredo Cornejo y el jefe de Gobierno porte\u00f1o, Jorge Macri.<\/p>\n<p>Este s\u00e1bado tambi\u00e9n expresaron su apoyo a la convocatoria Ra\u00fal Jalil, de Catamarca, y Gustavo Vald\u00e9s, de Salta (Ver aparte).<\/p>\n<p>Al dejar inaugurado un nuevo per\u00edodo de sesiones ordinarias, <strong>Milei convoc\u00f3 a los mandatarios de las 24 jurisdicciones del pa\u00eds, expresidentes y l\u00edderes de partidos pol\u00edticos a firmar el 25 de mayo en C\u00f3rdoba un \u00abpacto fundacional\u00bb que consistir\u00e1 en diez lineamientos para \u00absentar las condiciones del progreso argentino\u00bb.<\/strong><\/p>\n<figure class=\"mb-3\"><img loading=\"lazy\" data-src=\"http:\/\/hoycordobaweb.com\/wp-content\/uploads\/2024\/03\/pacto-de-mayo-se-suman-mas-gobernadores-a-la-convocatoria-de-milei-5.jpg\" src=\"https:\/\/www.telam.com.ar\/assets\/img\/not_image.png\" class=\" lazy \" width=\"100%\" height=\"100%\" alt=\"Foto Victoriaa Gesualdi\"><figcaption> Foto: Victoriaa Gesualdi. <\/figcaption><\/figure>\n<p>El acuerdo se denominar\u00e1 \u00abPacto de Mayo\u00bb y <strong>estar\u00e1 sujeto a la aprobaci\u00f3n previa de la llamada \u00abLey de Bases\u00bb -cuyo debate se frustr\u00f3 en febrero pasado al no lograr reunir los apoyos necesarios- y de un nuevo pacto fiscal.<\/strong><\/p>\n<blockquote class=\"twitter-tweet\" readability=\"5.6372093023256\">\n<p lang=\"es\" dir=\"ltr\">Creo firmemente que el di\u00e1logo y la b\u00fasqueda de acuerdos es la \u00fanica manera de trabajar para lograr salir de la crisis permanente que atraviesa nuestra Patria (+)<\/p>\n<p>\u2014 Gustavo S\u00e1enz (@GustavoSaenzOK) <a href=\"https:\/\/twitter.com\/GustavoSaenzOK\/status\/1763925912288989519?ref_src=twsrc%5Etfw\">March 2, 2024<\/a><\/p><\/blockquote>\n<p><\/p>\n<div class=\"jumbotron pt-4 mt-3\" readability=\"33\">\n<h3 class=\"module-title\">S\u00e1enz acompa\u00f1a la propuesta de \u201cdialogar\u201d para \u201cbuscar respuestas a los desaf\u00edos\u201d<\/h3>\n<p>El gobernador de Salta, <strong>Gustavo S\u00e1enz<\/strong>, afirm\u00f3 este s\u00e1bado que acompa\u00f1ar\u00e1 la convocatoria a firmar el Pacto de Mayo, anunciada en la noche del viernes por el presidente Javier Milei en la Asamblea Legislativa, con el objetivo de \u201csentarse a dialogar para buscar respuestas a los enormes desaf\u00edos que enfrentamos como Naci\u00f3n\u201d.<\/p>\n<p>\u201cAcompa\u00f1o la propuesta del Presidente de sentarnos a dialogar para buscar respuestas a los enormes desaf\u00edos que enfrentamos como Naci\u00f3n y procurar firmar un gran Acuerdo Nacional, que es tambi\u00e9n lo que junto a varios gobernadores propusimos\u201d, afirm\u00f3 el mandatario salte\u00f1o justicialista cercano a Sergio Massa.<\/p>\n<p>En su cuenta en X, S\u00e1enz remarc\u00f3: <strong>\u201cCreo firmemente que el di\u00e1logo y la b\u00fasqueda de acuerdos es la \u00fanica manera de trabajar para lograr salir de la crisis permanente que atraviesa nuestra Patria\u201d<\/strong>.<\/p>\n<p>\u201cNuestra Argentina federal, necesita que toda su dirigencia, con humildad, sin mezquindades ni agravios pueda avanzar en acuerdos\u201d, concluy\u00f3 el gobernador.<\/p>\n<\/p><\/div>\n<div class=\"card col-md-10 offset-md-1 mb-4\">\n<h3 class=\"pt-2\">Relacionadas<\/h3>\n<\/p><\/div>\n","protected":false},"excerpt":{"rendered":"<p>Llaryora y Zdero sumaron su adhesi\u00f3n a la convocatoria de Javier Milei. El gobernador de C\u00f3rdoba, Mart\u00edn Llaryora, acept\u00f3 la convocatoria a \u00ablos acuerdos y consensos\u00bb y consider\u00f3 que el denominado Pacto de Mayo, anunciado por el presidente Javier Milei, \u00abpuede ser la oportunidad para generar un acuerdo estrat\u00e9gico\u00bb para la Argentina. Con su apoyo, [&hellip;]<\/p>\n","protected":false},"author":1,"featured_media":74059,"comment_status":"open","ping_status":"closed","sticky":false,"template":"","format":"standard","meta":[],"categories":[19],"tags":[],"_links":{"self":[{"href":"http:\/\/hoycordobaweb.com\/index.php\/wp-json\/wp\/v2\/posts\/74058"}],"collection":[{"href":"http:\/\/hoycordobaweb.com\/index.php\/wp-json\/wp\/v2\/posts"}],"about":[{"href":"http:\/\/hoycordobaweb.com\/index.php\/wp-json\/wp\/v2\/types\/post"}],"author":[{"embeddable":true,"href":"http:\/\/hoycordobaweb.com\/index.php\/wp-json\/wp\/v2\/users\/1"}],"replies":[{"embeddable":true,"href":"http:\/\/hoycordobaweb.com\/index.php\/wp-json\/wp\/v2\/comments?post=74058"}],"version-history":[{"count":0,"href":"http:\/\/hoycordobaweb.com\/index.php\/wp-json\/wp\/v2\/posts\/74058\/revisions"}],"wp:featuredmedia":[{"embeddable":true,"href":"http:\/\/hoycordobaweb.com\/index.php\/wp-json\/wp\/v2\/media\/74059"}],"wp:attachment":[{"href":"http:\/\/hoycordobaweb.com\/index.php\/wp-json\/wp\/v2\/media?parent=74058"}],"wp:term":[{"taxonomy":"category","embeddable":true,"href":"http:\/\/hoycordobaweb.com\/index.php\/wp-json\/wp\/v2\/categories?post=74058"},{"taxonomy":"post_tag","embeddable":true,"href":"http:\/\/hoycordobaweb.com\/index.php\/wp-json\/wp\/v2\/tags?post=74058"}],"curies":[{"name":"wp","href":"https:\/\/api.w.org\/{rel}","templated":true}]}}