{"id":74032,"date":"2024-03-02T16:12:57","date_gmt":"2024-03-02T16:12:57","guid":{"rendered":"https:\/\/www.ole.com.ar\/futbol-primera\/racing-costas-baltasarrodriguez_0_SVbDAR48Ak.html"},"modified":"2024-03-02T16:12:57","modified_gmt":"2024-03-02T16:12:57","slug":"costas-categorico-con-baltasar-rodriguez-en-racing-y-con-fuerte-banca","status":"publish","type":"post","link":"http:\/\/hoycordobaweb.com\/index.php\/2024\/03\/02\/costas-categorico-con-baltasar-rodriguez-en-racing-y-con-fuerte-banca\/","title":{"rendered":"Costas, categ\u00f3rico con Baltasar Rodr\u00edguez en Racing y con fuerte banca"},"content":{"rendered":"<p><img src=\"http:\/\/hoycordobaweb.com\/wp-content\/uploads\/2024\/03\/costas-categorico-con-baltasar-rodriguez-en-racing-y-con-fuerte-banca.jpg\"><\/p>\n<p><time class=\"createDate\" datetime=\"2024-03-02T13:12:57-03:00\">02\/03\/2024 13:12hs.<\/time><\/p>\n<div id=\"storyBody\">\n<div class=\"custom-text \" readability=\"37\">\n<p>El ingreso de Baltasar Luis Rodr\u00edguez por Juan Fernando Quintero fue la sorpresa en la previa al cruce de Racing contra Platense. Con el objetivo de darle descanso a Juanfer, Gustavo Costas le dio la chance de ser titular al juvenil de la Academia (como enganche) por primera vez en lo que va de la Copa de la Liga. <strong>El oriundo de Monte Hermoso estuvo muy lejos de su mejor versi\u00f3n y fue una de las actuaciones individuales m\u00e1s bajas del partido. Gustavo Costas admiti\u00f3 que el volante creativo no jug\u00f3 bien, pero lo respald\u00f3.<\/strong><\/p>\n<\/div>\n<div class=\"custom-text \" readability=\"37\">\n<p><strong>\u00abNo es el Baltasar que conocemos el que jug\u00f3 hoy (viernes)\u00bb, <\/strong>fue categ\u00f3rico el t\u00e9cnico, quien revel\u00f3 c\u00f3mo lo ven\u00eda observando y lo banc\u00f3 fuerte. \u00abVino hace poquito con nosotros. Estaba muy ansioso. Yo he hablado much\u00edsimo con \u00e9l desde que lleg\u00f3 porque en las pr\u00e1cticas ve\u00edamos que quer\u00eda demostrar&#8230; <strong>Yo le dije que a m\u00ed no me tiene que demostrar nada. Porque lo conozco bastante bien<\/strong>.<strong> Tiene mucho m\u00e1s que dar todav\u00eda. Va a dar mucho m\u00e1s\u00bb.<\/strong><\/p>\n<\/div>\n<div class=\"custom-text \" readability=\"38\">\n<p><strong>Baltasar se perdi\u00f3 el tramo inicial de la Copa de la Liga porque integr\u00f3 la Selecci\u00f3n Sub 23 que afront\u00f3 el Torneo Preol\u00edmpico en Venezuela<\/strong> y accedi\u00f3 a los Juegos Ol\u00edmpicos de Par\u00eds, a desarrollarse entre el 26 de julio y el 11 de agosto. Tras su paso por el conjunto de Javier Mascherano, previo a la visita al Calamar, Baltasar hab\u00eda disputado dos encuentros en la Academia: ingres\u00f3 en el ST en la derrota vs Godoy Cruz y en la victoria en el cl\u00e1sico de Avellaneda.<\/p>\n<\/div>\n<div class=\"sc-e7b891c4-0 jPbnQF\"><img alt=\"Gustavo Costas\" src=\"http:\/\/hoycordobaweb.com\/wp-content\/uploads\/2024\/03\/costas-categorico-con-baltasar-rodriguez-en-racing-y-con-fuerte-banca-2.jpg\" width=\"720\" height=\"100\" decoding=\"async\" data-nimg=\"future\" loading=\"lazy\"><span class=\"epigraphe\">Gustavo Costas<\/span><\/div>\n<p><h2>Desde 2023 que Baltasar no era titular <\/h2>\n<\/p>\n<div class=\"custom-text \" readability=\"40\">\n<p><strong>Su anterior ocasi\u00f3n como titular databa del 3 de diciembre de 2023, cuando Racing cay\u00f3 ante Rosario Central (en definici\u00f3n por penales) por los cuartos de final de la Copa de la Liga de 2023<\/strong>. El juvenil de 19 a\u00f1os, una de las \u00faltimas grandes apariciones de las Inferiores, ven\u00eda de ser uno de los artilleros de Racing en al segunda parte del a\u00f1o pasado con cinco tantos, misma cantidad que Juanfer. A prop\u00f3sito del colombiano, Costas explic\u00f3 por qu\u00e9 lo llev\u00f3 al banco ante Platense.<\/p>\n<\/div>\n<div class=\"sc-e7b891c4-0 jPbnQF\"><img alt=\"Baltasar Rodr\u00edguez jug\u00f3 su primer partido de titular en la Copa de la Liga.\" src=\"http:\/\/hoycordobaweb.com\/wp-content\/uploads\/2024\/03\/costas-categorico-con-baltasar-rodriguez-en-racing-y-con-fuerte-banca-3.jpg\" width=\"720\" height=\"100\" decoding=\"async\" data-nimg=\"future\" loading=\"lazy\"><span class=\"epigraphe\">Baltasar Rodr\u00edguez jug\u00f3 su primer partido de titular en la Copa de la Liga.<\/span><\/div>\n<p><h2>Costas cont\u00f3 por qu\u00e9 Juanfer Quintero fue al banco de Racing<\/h2>\n<\/p>\n<div class=\"custom-text \" readability=\"39\">\n<p><strong>\u00abJuanfer ten\u00eda que descansar. Lo habl\u00e9 con \u00e9l, iba a entrar en el segundo tiempo\u00bb<\/strong>, dijo Costas. Quintero efectivamente entr\u00f3 en el inicio del ST por Baltasar y le dio m\u00e1s fluidez al ataque de Racing. Aunque no le alcanz\u00f3 a Racing porque al equipo le falt\u00f3 chispa en la \u00faltima puntada. <strong>Ahora es fija que el colombiano reaparecer\u00e1 de arranque este martes versus Sarmiento, desde las 20, en el Cilindro.<\/strong><\/p>\n<\/div>\n<div class=\"custom-text \" readability=\"38.325991189427\">\n<p>M\u00e1s all\u00e1 de Baltasar y Juanfer, Costas se refiri\u00f3 <a href=\"https:\/\/www.ole.com.ar\/racing\/racing-platense-primera_0_aOV2iEkQdD.html\" target=\"_self\" title=\"al 0-0 con Platense\" alt=\"al 0-0 con Platense\" rel=\"noopener noreferrer\">al 0-0 con Platense<\/a>, con una producci\u00f3n de Racing muy pobre en materia ofensiva: s\u00f3lo gener\u00f3 una chance clara de gol en todo el partido, desperdiciada por Adri\u00e1n Mart\u00ednez mano a mano con el arquero. <strong>\u201cEl empate fue justo. No se vio la intensidad ni la agresividad que manejamos en otros partidos, que es lo que queremos. Tuvimos la pelota pero no pudimos generar, no encontramos los espacios\u201d.<\/strong><\/p>\n<\/div>\n<div class=\"custom-text \" readability=\"37\">\n<p>A modo de atenuante, aunque aclar\u00f3 que <strong>\u00abno vamos a poner excusas\u00bb<\/strong>, el entrenador asegur\u00f3:<strong> \u201cTener tantos partidos seguidos termina costando. Venimos de un desgaste grande. Ahora tenemos otra final el martes.<\/strong> Tenemos que recuperarnos y seguir trabajando en estos pocos d\u00edas que tenemos para el partido con Sarmiento\u201d.<\/p>\n<\/div>\n<div class=\"sc-a7166897-0 exHLBh\" readability=\"6.5\">\n<section readability=\"3\"><picture><img alt=\"Posiciones de la Copa de la Liga: Racing empat\u00f3 y no pudo arrimarse a la punta en la Zona B\" src=\"http:\/\/hoycordobaweb.com\/wp-content\/uploads\/2024\/03\/costas-categorico-con-baltasar-rodriguez-en-racing-y-con-fuerte-banca-4.jpg\" width=\"290\" height=\"290\" decoding=\"async\" data-nimg=\"future\" loading=\"lazy\"><\/picture>\n<p><span>Mir\u00e1 tambi\u00e9n<\/span><\/p>\n<hr>\n<h3>Posiciones de la Copa de la Liga: Racing empat\u00f3 y no pudo arrimarse a la punta en la Zona B<\/h3>\n<\/p>\n<\/section>\n<\/div>\n<div class=\"sc-a7166897-0 exHLBh\" readability=\"6.5\">\n<section readability=\"3\"><picture><img alt=\"Costas: de la &quot;falta de agresividad de Racing&quot; al motivo por el que Juanfer Quintero fue al banco\" src=\"http:\/\/hoycordobaweb.com\/wp-content\/uploads\/2024\/03\/costas-categorico-con-baltasar-rodriguez-en-racing-y-con-fuerte-banca-5.jpg\" width=\"290\" height=\"290\" decoding=\"async\" data-nimg=\"future\" loading=\"lazy\"><\/picture>\n<p><span>Mir\u00e1 tambi\u00e9n<\/span><\/p>\n<hr>\n<h3>Costas: de la \u00abfalta de agresividad de Racing\u00bb al motivo por el que Juanfer Quintero fue al banco<\/h3>\n<\/p>\n<\/section>\n<\/div>\n<div class=\"sc-a7166897-0 exHLBh\" readability=\"6\">\n<section readability=\"2\"><picture><img alt=\"Suso y la salida de Grazzini: &quot;El f\u00fatbol argentino es una picadora de carne&quot;\" src=\"http:\/\/hoycordobaweb.com\/wp-content\/uploads\/2024\/03\/costas-categorico-con-baltasar-rodriguez-en-racing-y-con-fuerte-banca-6.jpg\" width=\"290\" height=\"290\" decoding=\"async\" data-nimg=\"future\" loading=\"lazy\"><\/picture>\n<p><span>Mir\u00e1 tambi\u00e9n<\/span><\/p>\n<hr>\n<h3>Suso y la salida de Grazzini: \u00abEl f\u00fatbol argentino es una picadora de carne\u00bb<\/h3>\n<\/p>\n<\/section>\n<\/div>\n<div class=\"sc-a7166897-0 exHLBh\" readability=\"6\">\n<section readability=\"2\"><picture><img alt=\"\u00a1Racing sin luz en el vestuario!\" src=\"http:\/\/hoycordobaweb.com\/wp-content\/uploads\/2024\/03\/costas-categorico-con-baltasar-rodriguez-en-racing-y-con-fuerte-banca-7.jpg\" width=\"290\" height=\"290\" decoding=\"async\" data-nimg=\"future\" loading=\"lazy\"><\/picture>\n<p><span>Mir\u00e1 tambi\u00e9n<\/span><\/p>\n<hr>\n<h3>\u00a1Racing sin luz en el vestuario!<\/h3>\n<\/p>\n<\/section>\n<\/div>\n<div class=\"sc-a7166897-0 exHLBh\" readability=\"6\">\n<section readability=\"2\"><picture><img alt=\"El uno por uno de Racing ante Platense\" src=\"http:\/\/hoycordobaweb.com\/wp-content\/uploads\/2024\/03\/costas-categorico-con-baltasar-rodriguez-en-racing-y-con-fuerte-banca-8.jpg\" width=\"290\" height=\"290\" decoding=\"async\" data-nimg=\"future\" loading=\"lazy\"><\/picture>\n<p><span>Mir\u00e1 tambi\u00e9n<\/span><\/p>\n<hr>\n<h3>El uno por uno de Racing ante Platense<\/h3>\n<\/p>\n<\/section>\n<\/div>\n<\/div>\n","protected":false},"excerpt":{"rendered":"<p>02\/03\/2024 13:12hs. El ingreso de Baltasar Luis Rodr\u00edguez por Juan Fernando Quintero fue la sorpresa en la previa al cruce de Racing contra Platense. Con el objetivo de darle descanso a Juanfer, Gustavo Costas le dio la chance de ser titular al juvenil de la Academia (como enganche) por primera vez en lo que va [&hellip;]<\/p>\n","protected":false},"author":1,"featured_media":74033,"comment_status":"open","ping_status":"closed","sticky":false,"template":"","format":"standard","meta":[],"categories":[16],"tags":[],"_links":{"self":[{"href":"http:\/\/hoycordobaweb.com\/index.php\/wp-json\/wp\/v2\/posts\/74032"}],"collection":[{"href":"http:\/\/hoycordobaweb.com\/index.php\/wp-json\/wp\/v2\/posts"}],"about":[{"href":"http:\/\/hoycordobaweb.com\/index.php\/wp-json\/wp\/v2\/types\/post"}],"author":[{"embeddable":true,"href":"http:\/\/hoycordobaweb.com\/index.php\/wp-json\/wp\/v2\/users\/1"}],"replies":[{"embeddable":true,"href":"http:\/\/hoycordobaweb.com\/index.php\/wp-json\/wp\/v2\/comments?post=74032"}],"version-history":[{"count":0,"href":"http:\/\/hoycordobaweb.com\/index.php\/wp-json\/wp\/v2\/posts\/74032\/revisions"}],"wp:featuredmedia":[{"embeddable":true,"href":"http:\/\/hoycordobaweb.com\/index.php\/wp-json\/wp\/v2\/media\/74033"}],"wp:attachment":[{"href":"http:\/\/hoycordobaweb.com\/index.php\/wp-json\/wp\/v2\/media?parent=74032"}],"wp:term":[{"taxonomy":"category","embeddable":true,"href":"http:\/\/hoycordobaweb.com\/index.php\/wp-json\/wp\/v2\/categories?post=74032"},{"taxonomy":"post_tag","embeddable":true,"href":"http:\/\/hoycordobaweb.com\/index.php\/wp-json\/wp\/v2\/tags?post=74032"}],"curies":[{"name":"wp","href":"https:\/\/api.w.org\/{rel}","templated":true}]}}