{"id":74028,"date":"2024-03-02T16:18:36","date_gmt":"2024-03-02T16:18:36","guid":{"rendered":"https:\/\/ladecimaweb.com\/?p=25468"},"modified":"2024-03-02T16:18:36","modified_gmt":"2024-03-02T16:18:36","slug":"javier-milei-rompio-el-record-historico-de-rating-de-la-tv-argentina","status":"publish","type":"post","link":"http:\/\/hoycordobaweb.com\/index.php\/2024\/03\/02\/javier-milei-rompio-el-record-historico-de-rating-de-la-tv-argentina\/","title":{"rendered":"Javier Milei rompi\u00f3 el r\u00e9cord hist\u00f3rico de rating de la TV argentina"},"content":{"rendered":"<div class=\"boldgrid-section\">\n<div class=\"container\">\n<div class=\"row\">\n<div class=\"col-md-12 col-xs-12 col-sm-12\">\n<p><span>La&nbsp;<\/span><a href=\"https:\/\/noticiasargentinas.com\/politica\/pichetto-advirtio-a-milei---un-pacto-implica-dialogo--no-un-sistema-de-adhesiones-_a65e33ebc911e7cbc3f2c670d\"><strong>exposici\u00f3n de Javier Milei<span>&nbsp;<\/span><\/strong><\/a><span>en el Congreso de la Naci\u00f3n para inaugurar las sesiones ordinarias tuvo un notable impacto en su audiencia. El discurso, que dur\u00f3 70 minutos, rompi\u00f3 el r\u00e9cord de rating en la historia de las transmisiones televisivas en Argentina.<\/span><\/p>\n<p class>En cifras, el mandatario alcanz\u00f3 un pico de 50 puntos de rating, combinando las audiencias de la televisi\u00f3n abierta y la televisi\u00f3n por cable. Adem\u00e1s, cabe destacar que la transmisi\u00f3n se llev\u00f3 a cabo un viernes por la noche, un horario tradicionalmente competitivo.<\/p>\n<p>Al compararse con el r\u00e9cord previo establecido por Cristina Kirchner en 2014, en aquel entonces la ex presidenta hab\u00eda conseguido 35 puntos de rating.<\/p>\n<div class=\"ubm_banner\"><a href=\"https:\/\/www.cordobaturismo.gov.ar\/\" target=\"_blank\" rel=\"dofollow noopener noreferrer\"><img src=\"http:\/\/hoycordobaweb.com\/wp-content\/uploads\/2024\/03\/javier-milei-rompio-el-record-historico-de-rating-de-la-tv-argentina.gif\" alt><\/a><\/div>\n<\/div>\n<\/div>\n<\/div>\n<\/div>\n<p>La entrada <a rel=\"nofollow\" href=\"https:\/\/ladecimaweb.com\/javier-milei-rompio-el-record-historico-de-rating-de-la-tv-argentina\/\">Javier Milei rompi\u00f3 el r\u00e9cord hist\u00f3rico de rating de la TV argentina<\/a> se public\u00f3 primero en <a rel=\"nofollow\" href=\"https:\/\/ladecimaweb.com\">LaDecima<\/a>.<\/p>\n","protected":false},"excerpt":{"rendered":"<p>La&nbsp;exposici\u00f3n de Javier Milei&nbsp;en el Congreso de la Naci\u00f3n para inaugurar las sesiones ordinarias tuvo un notable impacto en su audiencia. El discurso, que dur\u00f3 70 minutos, rompi\u00f3 el r\u00e9cord de rating en la historia de las transmisiones televisivas en Argentina. En cifras, el mandatario alcanz\u00f3 un pico de 50 puntos de rating, combinando las [&hellip;]<\/p>\n","protected":false},"author":1,"featured_media":74029,"comment_status":"closed","ping_status":"closed","sticky":false,"template":"","format":"standard","meta":[],"categories":[19],"tags":[],"_links":{"self":[{"href":"http:\/\/hoycordobaweb.com\/index.php\/wp-json\/wp\/v2\/posts\/74028"}],"collection":[{"href":"http:\/\/hoycordobaweb.com\/index.php\/wp-json\/wp\/v2\/posts"}],"about":[{"href":"http:\/\/hoycordobaweb.com\/index.php\/wp-json\/wp\/v2\/types\/post"}],"author":[{"embeddable":true,"href":"http:\/\/hoycordobaweb.com\/index.php\/wp-json\/wp\/v2\/users\/1"}],"replies":[{"embeddable":true,"href":"http:\/\/hoycordobaweb.com\/index.php\/wp-json\/wp\/v2\/comments?post=74028"}],"version-history":[{"count":0,"href":"http:\/\/hoycordobaweb.com\/index.php\/wp-json\/wp\/v2\/posts\/74028\/revisions"}],"wp:featuredmedia":[{"embeddable":true,"href":"http:\/\/hoycordobaweb.com\/index.php\/wp-json\/wp\/v2\/media\/74029"}],"wp:attachment":[{"href":"http:\/\/hoycordobaweb.com\/index.php\/wp-json\/wp\/v2\/media?parent=74028"}],"wp:term":[{"taxonomy":"category","embeddable":true,"href":"http:\/\/hoycordobaweb.com\/index.php\/wp-json\/wp\/v2\/categories?post=74028"},{"taxonomy":"post_tag","embeddable":true,"href":"http:\/\/hoycordobaweb.com\/index.php\/wp-json\/wp\/v2\/tags?post=74028"}],"curies":[{"name":"wp","href":"https:\/\/api.w.org\/{rel}","templated":true}]}}