{"id":74019,"date":"2024-02-29T10:36:00","date_gmt":"2024-02-29T10:36:00","guid":{"rendered":"https:\/\/fm-comunicar.com.ar\/contenido\/21296\/el-concejo-deliberante-de-sinsacate-realizo-su-sesion-preparatoria"},"modified":"2024-02-29T10:36:00","modified_gmt":"2024-02-29T10:36:00","slug":"el-concejo-deliberante-de-sinsacate-realizo-su-sesion-preparatoria","status":"publish","type":"post","link":"http:\/\/hoycordobaweb.com\/index.php\/2024\/02\/29\/el-concejo-deliberante-de-sinsacate-realizo-su-sesion-preparatoria\/","title":{"rendered":"El Concejo Deliberante de Sinsacate realiz\u00f3 su sesi\u00f3n preparatoria"},"content":{"rendered":"<p>Los ediles eligieron las autoridades del Cuerpo, de cada bloque y de las comisiones, as\u00ed como tambi\u00e9n el 4 de marzo ser\u00e1 el Acto de Apertura de las Sesiones Ordinarias.<img src=\"http:\/\/hoycordobaweb.com\/wp-content\/uploads\/2024\/03\/el-concejo-deliberante-de-sinsacate-realizo-su-sesion-preparatoria.jpg\"><\/p>\n","protected":false},"excerpt":{"rendered":"<p>Los ediles eligieron las autoridades del Cuerpo, de cada bloque y de las comisiones, as\u00ed como tambi\u00e9n el 4 de marzo ser\u00e1 el Acto de Apertura de las Sesiones Ordinarias.<\/p>\n","protected":false},"author":1,"featured_media":74020,"comment_status":"closed","ping_status":"closed","sticky":false,"template":"","format":"standard","meta":[],"categories":[18],"tags":[],"_links":{"self":[{"href":"http:\/\/hoycordobaweb.com\/index.php\/wp-json\/wp\/v2\/posts\/74019"}],"collection":[{"href":"http:\/\/hoycordobaweb.com\/index.php\/wp-json\/wp\/v2\/posts"}],"about":[{"href":"http:\/\/hoycordobaweb.com\/index.php\/wp-json\/wp\/v2\/types\/post"}],"author":[{"embeddable":true,"href":"http:\/\/hoycordobaweb.com\/index.php\/wp-json\/wp\/v2\/users\/1"}],"replies":[{"embeddable":true,"href":"http:\/\/hoycordobaweb.com\/index.php\/wp-json\/wp\/v2\/comments?post=74019"}],"version-history":[{"count":0,"href":"http:\/\/hoycordobaweb.com\/index.php\/wp-json\/wp\/v2\/posts\/74019\/revisions"}],"wp:featuredmedia":[{"embeddable":true,"href":"http:\/\/hoycordobaweb.com\/index.php\/wp-json\/wp\/v2\/media\/74020"}],"wp:attachment":[{"href":"http:\/\/hoycordobaweb.com\/index.php\/wp-json\/wp\/v2\/media?parent=74019"}],"wp:term":[{"taxonomy":"category","embeddable":true,"href":"http:\/\/hoycordobaweb.com\/index.php\/wp-json\/wp\/v2\/categories?post=74019"},{"taxonomy":"post_tag","embeddable":true,"href":"http:\/\/hoycordobaweb.com\/index.php\/wp-json\/wp\/v2\/tags?post=74019"}],"curies":[{"name":"wp","href":"https:\/\/api.w.org\/{rel}","templated":true}]}}