{"id":73935,"date":"2024-02-29T15:23:12","date_gmt":"2024-02-29T15:23:12","guid":{"rendered":"https:\/\/www.ole.com.ar\/boca-juniors\/diego-martinez-boca-cristian-lema-lesion_0_Voeix0Ib7p.html"},"modified":"2024-02-29T15:23:12","modified_gmt":"2024-02-29T15:23:12","slug":"martinez-no-pudo-exigir-a-lema-y-el-defensor-de-boca-sigue-en-duda-contra-belgrano","status":"publish","type":"post","link":"http:\/\/hoycordobaweb.com\/index.php\/2024\/02\/29\/martinez-no-pudo-exigir-a-lema-y-el-defensor-de-boca-sigue-en-duda-contra-belgrano\/","title":{"rendered":"Mart\u00ednez no pudo exigir a Lema y el defensor de Boca sigue en duda contra Belgrano"},"content":{"rendered":"<p><img src=\"http:\/\/hoycordobaweb.com\/wp-content\/uploads\/2024\/02\/martinez-no-pudo-exigir-a-lema-y-el-defensor-de-boca-sigue-en-duda-contra-belgrano.jpg\"><\/p>\n<p><time class=\"createDate\" datetime=\"2024-02-29T12:23:12-03:00\">29\/02\/2024 12:23hs.<\/time><time class=\"modificatedDate\" datetime=\"2024-02-29T12:29:19-03:00\"> Actualizado al 29\/02\/2024 12:29hs.<\/time><\/p>\n<div id=\"storyBody\">\n<div class=\"custom-text \" readability=\"9.9901639344262\">\n<p>La idea en la cabeza de <strong><a href=\"https:\/\/www.ole.com.ar\/tema\/diego-martinez-dt.html\" title=\"Diego Mart\u00ednez DT\" alt=\"Diego Mart\u00ednez DT\" class=\"slug\">Diego Mart\u00ednez<\/a><\/strong> era muy clara. El t\u00e9cnico de Boca ten\u00eda pensando probar y exigir a <strong><a href=\"https:\/\/www.ole.com.ar\/tema\/cristian-lema.html\" title=\"Cristian Lema\" alt=\"Cristian Lema\" class=\"slug\">Cristian Lema<\/a><\/strong> este jueves en Ezeiza. Sin embargo, <strong>no pudo: el defensor volvi\u00f3 a entrenarse diferenciado por las molestias que arrastra y est\u00e1 m\u00e1s en duda que nunca para el partido con Belgrano.<\/strong><\/p>\n<\/div>\n<div class=\"custom-text \" readability=\"10\">\n<p><strong>Lema termin\u00f3 con dolor en un empeine el partido con River y luego los estudios que le hicieron el martes arrojaron que tambi\u00e9n tiene una molestia muscular.<\/strong> No de gravedad, pero s\u00ed lo suficientemente importante como para trabajar diferenciado y someterse a distintos cuidados.<\/p>\n<\/div>\n<div class=\"custom-text \" readability=\"11\">\n<p>Pese a eso, Mart\u00ednez pens\u00f3 que este jueves iba a poder ir m\u00e1s all\u00e1 y ver c\u00f3mo reaccionaba. Aunque <strong>la recomendaci\u00f3n m\u00e9dica fue que Lema todav\u00eda no est\u00e1 para eso. <\/strong>Y a pocos d\u00edas del partido con el Pirata, esa no es una noticia menor&#8230;<\/p>\n<\/div>\n<div class=\"custom-text \" readability=\"12\">\n<p>Por eso <strong>se cree que Mart\u00ednez podr\u00eda cuidarlo a Lema el domingo para no exponerlo a una lesi\u00f3n mucho peor.<\/strong> Sobre todo teniendo en cuenta la seguidilla que se le viene a Boca durante marzo. Sin ir m\u00e1s lejos, el mi\u00e9rcoles siguiente al partido con los cordobeses, el Xeneize tendr\u00e1 que ir a Santa Fe para jugar la fecha entresemana con Uni\u00f3n.<\/p>\n<\/div>\n<div type=\"embed\" class=\"sc-7ce6049-0 dwIKul\">\n<div class=\"sc-7ce6049-1 bdcBBS videoText\" id=\"contentTitleembeduSLrcVLH\" type=\"embed\" readability=\"6\"><svg fill=\"#ffffff\"><symbol id=\"play\" viewBox=\"0 0 512 512\"><path d=\"M512 256C512 397.4 397.4 512 256 512C114.6 512 0 397.4 0 256C0 114.6 114.6 0 256 0C397.4 0 512 114.6 512 256zM176 168V344C176 352.7 180.7 360.7 188.3 364.9C195.8 369.2 205.1 369 212.5 364.5L356.5 276.5C363.6 272.1 368 264.4 368 256C368 247.6 363.6 239.9 356.5 235.5L212.5 147.5C205.1 142.1 195.8 142.8 188.3 147.1C180.7 151.3 176 159.3 176 168V168z\" \/><\/symbol><use xlink:href=\"#play\" \/><\/svg><\/p>\n<div class=\"right\" readability=\"7\">\n<p>Christian Lema<!-- --> &#8211;<!-- --> <span>29-2-2024<\/span><\/p>\n<h2 class=\"title-vid\">El insulto de Lema a Armani<\/h2>\n<\/div>\n<\/div>\n<p><span class=\"back\" id=\"spanBackembeduSLrcVLH\"><\/span><\/div>\n<div type=\"embed\" class=\"sc-7ce6049-0 dwIKul\">\n<div class=\"sc-7ce6049-1 bdcBBS videoText\" id=\"contentTitleembedgsxjVSxA\" type=\"embed\" readability=\"6\"><svg fill=\"#ffffff\"><symbol id=\"play\" viewBox=\"0 0 512 512\"><path d=\"M512 256C512 397.4 397.4 512 256 512C114.6 512 0 397.4 0 256C0 114.6 114.6 0 256 0C397.4 0 512 114.6 512 256zM176 168V344C176 352.7 180.7 360.7 188.3 364.9C195.8 369.2 205.1 369 212.5 364.5L356.5 276.5C363.6 272.1 368 264.4 368 256C368 247.6 363.6 239.9 356.5 235.5L212.5 147.5C205.1 142.1 195.8 142.8 188.3 147.1C180.7 151.3 176 159.3 176 168V168z\" \/><\/symbol><use xlink:href=\"#play\" \/><\/svg><\/p>\n<div class=\"right\" readability=\"7\">\n<p>Cristian Lema<!-- --> &#8211;<!-- --> <span>29-2-2024<\/span><\/p>\n<h2 class=\"title-vid\">Lema esper\u00f3 a Armani en el t\u00fanel<\/h2>\n<\/div>\n<\/div>\n<p><span class=\"back\" id=\"spanBackembedgsxjVSxA\"><\/span><\/div>\n<p><h2><strong>EL POSIBLE REEMPLAZANTE DE LEMA ANTE BELGRANO<\/strong><\/h2>\n<\/p>\n<div class=\"custom-text \" readability=\"11.2\">\n<p>Por eso, <strong>el que ya se prepara para debutar de titular en este 2024 es <a href=\"https:\/\/www.ole.com.ar\/tema\/nicolas-valentini.html\" title=\"Nicol\u00e1s Valentini\" alt=\"Nicol\u00e1s Valentini\" class=\"slug\">Nicol\u00e1s Valentini<\/a>.<\/strong> El defensor, que entr\u00f3 unos minutos en el ST en el supercl\u00e1sico en el Monumental, se reincorpor\u00f3 al club hace algunos d\u00edas luego de su participaci\u00f3n en el Preol\u00edmpico Sub 23.<\/p>\n<\/div>\n<div class=\"custom-text \" readability=\"14\">\n<p><strong>El Vikingo fue titular el a\u00f1o pasado junto a Nicol\u00e1s Figal, incluso lo hicieron juntos en la final de la Copa Libertadores con Fluminense. <\/strong>Pero la llegada de Lema y su participaci\u00f3n con la Selecci\u00f3n, le quitaron terreno. Aunque ahora, ante la lesi\u00f3n de Rojo y esta nueva situaci\u00f3n con el Caudillo, podr\u00eda volver a jugar de titular.<\/p>\n<\/div>\n<div type=\"embed\" class=\"sc-7ce6049-0 dwIKul\">\n<div class=\"sc-7ce6049-1 bdcBBS videoText\" id=\"contentTitleembedWIA5TiVh\" type=\"embed\" readability=\"6\"><svg fill=\"#ffffff\"><symbol id=\"play\" viewBox=\"0 0 512 512\"><path d=\"M512 256C512 397.4 397.4 512 256 512C114.6 512 0 397.4 0 256C0 114.6 114.6 0 256 0C397.4 0 512 114.6 512 256zM176 168V344C176 352.7 180.7 360.7 188.3 364.9C195.8 369.2 205.1 369 212.5 364.5L356.5 276.5C363.6 272.1 368 264.4 368 256C368 247.6 363.6 239.9 356.5 235.5L212.5 147.5C205.1 142.1 195.8 142.8 188.3 147.1C180.7 151.3 176 159.3 176 168V168z\" \/><\/symbol><use xlink:href=\"#play\" \/><\/svg><\/p>\n<div class=\"right\" readability=\"7\">\n<p>Cristian Lema<!-- --> &#8211;<!-- --> <span>29-2-2024<\/span><\/p>\n<h2 class=\"title-vid\">Brian Sarmiento: \u00abLo de Lema no es humo\u00bb<\/h2>\n<\/div>\n<\/div>\n<p><span class=\"back\" id=\"spanBackembedWIA5TiVh\"><\/span><\/div>\n<div class=\"sc-a7166897-0 exHLBh\" readability=\"6\">\n<section readability=\"2\"><picture><img alt=\"Cavani juega ante Belgrano: \u00bfsu \u00faltima chance de quebrar la racha?\" src=\"http:\/\/hoycordobaweb.com\/wp-content\/uploads\/2024\/02\/martinez-no-pudo-exigir-a-lema-y-el-defensor-de-boca-sigue-en-duda-contra-belgrano-2.jpg\" width=\"290\" height=\"290\" decoding=\"async\" data-nimg=\"future\" loading=\"lazy\"><\/picture>\n<p><span>Mir\u00e1 tambi\u00e9n<\/span><\/p>\n<hr>\n<h3>Cavani juega ante Belgrano: \u00bfsu \u00faltima chance de quebrar la racha?<\/h3>\n<\/p>\n<\/section>\n<\/div>\n<div class=\"sc-a7166897-0 exHLBh\" readability=\"6\">\n<section readability=\"2\"><picture><img alt=\"Valent\u00edn Barco debut\u00f3 en el Brighton: \u00bfqu\u00e9 dijo despu\u00e9s de su estreno?\" src=\"http:\/\/hoycordobaweb.com\/wp-content\/uploads\/2024\/02\/martinez-no-pudo-exigir-a-lema-y-el-defensor-de-boca-sigue-en-duda-contra-belgrano-3.jpg\" width=\"290\" height=\"290\" decoding=\"async\" data-nimg=\"future\" loading=\"lazy\"><\/picture>\n<p><span>Mir\u00e1 tambi\u00e9n<\/span><\/p>\n<hr>\n<h3>Valent\u00edn Barco debut\u00f3 en el Brighton: \u00bfqu\u00e9 dijo despu\u00e9s de su estreno?<\/h3>\n<\/p>\n<\/section>\n<\/div>\n<div class=\"sc-a7166897-0 exHLBh\" readability=\"6\">\n<section readability=\"2\"><picture><img alt=\"Un hist\u00f3rico vuelve a Boca: \u00bfen qu\u00e9 rol?\" src=\"http:\/\/hoycordobaweb.com\/wp-content\/uploads\/2024\/02\/martinez-no-pudo-exigir-a-lema-y-el-defensor-de-boca-sigue-en-duda-contra-belgrano-4.jpg\" width=\"290\" height=\"290\" decoding=\"async\" data-nimg=\"future\" loading=\"lazy\"><\/picture>\n<p><span>Mir\u00e1 tambi\u00e9n<\/span><\/p>\n<hr>\n<h3>Un hist\u00f3rico vuelve a Boca: \u00bfen qu\u00e9 rol?<\/h3>\n<\/p>\n<\/section>\n<\/div>\n<div class=\"sc-a7166897-0 exHLBh\" readability=\"6.5\">\n<section readability=\"3\"><picture><img alt=\"S\u00faper Mundial de Clubes: con Boca y River, los 32 clasificados hasta el momento\" src=\"http:\/\/hoycordobaweb.com\/wp-content\/uploads\/2024\/02\/martinez-no-pudo-exigir-a-lema-y-el-defensor-de-boca-sigue-en-duda-contra-belgrano-5.jpg\" width=\"290\" height=\"290\" decoding=\"async\" data-nimg=\"future\" loading=\"lazy\"><\/picture>\n<p><span>Mir\u00e1 tambi\u00e9n<\/span><\/p>\n<hr>\n<h3>S\u00faper Mundial de Clubes: con Boca y River, los 32 clasificados hasta el momento<\/h3>\n<\/p>\n<\/section>\n<\/div>\n<div class=\"sc-a7166897-0 exHLBh\" readability=\"6.5\">\n<section readability=\"3\"><picture><img alt=\"More Beltr\u00e1n: de los prejuicios a las cr\u00edticas que recibi\u00f3 por su relaci\u00f3n con Blondel\" src=\"http:\/\/hoycordobaweb.com\/wp-content\/uploads\/2024\/02\/martinez-no-pudo-exigir-a-lema-y-el-defensor-de-boca-sigue-en-duda-contra-belgrano-6.jpg\" width=\"290\" height=\"290\" decoding=\"async\" data-nimg=\"future\" loading=\"lazy\"><\/picture>\n<p><span>Mir\u00e1 tambi\u00e9n<\/span><\/p>\n<hr>\n<h3>More Beltr\u00e1n: de los prejuicios a las cr\u00edticas que recibi\u00f3 por su relaci\u00f3n con Blondel<\/h3>\n<\/p>\n<\/section>\n<\/div>\n<div class=\"sc-a7166897-0 exHLBh\" readability=\"6\">\n<section readability=\"2\"><picture><img alt=\"El hermano de Benedetto lo banc\u00f3 en las redes sociales\" src=\"http:\/\/hoycordobaweb.com\/wp-content\/uploads\/2024\/02\/martinez-no-pudo-exigir-a-lema-y-el-defensor-de-boca-sigue-en-duda-contra-belgrano-7.jpg\" width=\"290\" height=\"290\" decoding=\"async\" data-nimg=\"future\" loading=\"lazy\"><\/picture>\n<p><span>Mir\u00e1 tambi\u00e9n<\/span><\/p>\n<hr>\n<h3>El hermano de Benedetto lo banc\u00f3 en las redes sociales<\/h3>\n<\/p>\n<\/section>\n<\/div>\n<\/div>\n","protected":false},"excerpt":{"rendered":"<p>29\/02\/2024 12:23hs. Actualizado al 29\/02\/2024 12:29hs. La idea en la cabeza de Diego Mart\u00ednez era muy clara. El t\u00e9cnico de Boca ten\u00eda pensando probar y exigir a Cristian Lema este jueves en Ezeiza. Sin embargo, no pudo: el defensor volvi\u00f3 a entrenarse diferenciado por las molestias que arrastra y est\u00e1 m\u00e1s en duda que nunca [&hellip;]<\/p>\n","protected":false},"author":1,"featured_media":73936,"comment_status":"open","ping_status":"closed","sticky":false,"template":"","format":"standard","meta":[],"categories":[16],"tags":[],"_links":{"self":[{"href":"http:\/\/hoycordobaweb.com\/index.php\/wp-json\/wp\/v2\/posts\/73935"}],"collection":[{"href":"http:\/\/hoycordobaweb.com\/index.php\/wp-json\/wp\/v2\/posts"}],"about":[{"href":"http:\/\/hoycordobaweb.com\/index.php\/wp-json\/wp\/v2\/types\/post"}],"author":[{"embeddable":true,"href":"http:\/\/hoycordobaweb.com\/index.php\/wp-json\/wp\/v2\/users\/1"}],"replies":[{"embeddable":true,"href":"http:\/\/hoycordobaweb.com\/index.php\/wp-json\/wp\/v2\/comments?post=73935"}],"version-history":[{"count":0,"href":"http:\/\/hoycordobaweb.com\/index.php\/wp-json\/wp\/v2\/posts\/73935\/revisions"}],"wp:featuredmedia":[{"embeddable":true,"href":"http:\/\/hoycordobaweb.com\/index.php\/wp-json\/wp\/v2\/media\/73936"}],"wp:attachment":[{"href":"http:\/\/hoycordobaweb.com\/index.php\/wp-json\/wp\/v2\/media?parent=73935"}],"wp:term":[{"taxonomy":"category","embeddable":true,"href":"http:\/\/hoycordobaweb.com\/index.php\/wp-json\/wp\/v2\/categories?post=73935"},{"taxonomy":"post_tag","embeddable":true,"href":"http:\/\/hoycordobaweb.com\/index.php\/wp-json\/wp\/v2\/tags?post=73935"}],"curies":[{"name":"wp","href":"https:\/\/api.w.org\/{rel}","templated":true}]}}