{"id":73933,"date":"2024-02-29T15:30:15","date_gmt":"2024-02-29T15:30:15","guid":{"rendered":"https:\/\/www.ole.com.ar\/futbol-internacional\/italia\/pogba-confirmo-apelara-fallo-dpoing-viole-normas-antidopaje_0_BSO04inJQn.html"},"modified":"2024-02-29T15:30:15","modified_gmt":"2024-02-29T15:30:15","slug":"pogba-confirmo-que-apelara-el-fallo-en-su-contra-nunca-viole-las-normas-antidopaje","status":"publish","type":"post","link":"http:\/\/hoycordobaweb.com\/index.php\/2024\/02\/29\/pogba-confirmo-que-apelara-el-fallo-en-su-contra-nunca-viole-las-normas-antidopaje\/","title":{"rendered":"Pogba confirm\u00f3 que apelar\u00e1 el fallo en su contra: \u00abNunca viol\u00e9 las normas antidopaje\u00bb"},"content":{"rendered":"<p><img src=\"http:\/\/hoycordobaweb.com\/wp-content\/uploads\/2024\/02\/pogba-confirmo-que-apelara-el-fallo-en-su-contra-nunca-viole-las-normas-antidopaje.jpg\"><\/p>\n<p><time class=\"createDate\" datetime=\"2024-02-29T12:30:15-03:00\">29\/02\/2024 12:30hs.<\/time><time class=\"modificatedDate\" datetime=\"2024-02-29T13:48:36-03:00\"> Actualizado al 29\/02\/2024 13:48hs.<\/time><\/p>\n<div id=\"storyBody\">\n<div class=\"custom-text \" readability=\"30.048484848485\">\n<p>Este jueves se confirm\u00f3 que <a href=\"https:\/\/www.ole.com.ar\/tema\/paul-pogba.html\" title=\"Paul Pogba\" alt=\"Paul Pogba\" class=\"slug\">Paul Pogba<\/a> recibi\u00f3 <a href=\"https:\/\/www.ole.com.ar\/futbol-internacional\/italia\/internacional-italia-paul-pogba-suspension-doping-anos-juventus_0_Qqz8nVnI7E.html\" target=\"_blank\" title=\"una suspensi\u00f3n de cuatro a\u00f1os por doping positivo.\" alt=\"una suspensi\u00f3n de cuatro a\u00f1os por doping positivo.\" rel=\"noopener noreferrer\">una suspensi\u00f3n de cuatro a\u00f1os por doping positivo.<\/a> Ante los rumores del retiro, el campe\u00f3n del mundo franc\u00e9s realiz\u00f3 un descargo en sus redes sociales, ratific\u00f3 que \u00abnunca viol\u00e9 las normas antidopaje\u00bb y avis\u00f3 que <strong>apelar\u00e1 el fallo ante el Tribunal de Arbitraje del Deporte.<\/strong><\/p>\n<\/div>\n<p><h2><strong>El descargo de Pogba<\/strong><\/h2>\n<\/p>\n<div class=\"custom-text \" readability=\"33\">\n<p>Hoy me han informado de la decisi\u00f3n del Tribunale Nazionale Antidoping y creo que el veredicto es incorrecto.<\/p>\n<\/div>\n<div class=\"custom-text \" readability=\"34\">\n<p>Estoy triste, conmocionado y con el coraz\u00f3n roto porque me han quitado todo lo que he construido en mi carrera como jugador profesional.<\/p>\n<\/div>\n<div class=\"sc-e7b891c4-0 jPbnQF\"><img alt=\"Pogba se expres\u00f3 por primera vez desde el doping positivo (REUTERS).\" src=\"http:\/\/hoycordobaweb.com\/wp-content\/uploads\/2024\/02\/pogba-confirmo-que-apelara-el-fallo-en-su-contra-nunca-viole-las-normas-antidopaje-2.jpg\" width=\"720\" height=\"100\" decoding=\"async\" data-nimg=\"future\" loading=\"lazy\"><span class=\"epigraphe\">Pogba se expres\u00f3 por primera vez desde el doping positivo (REUTERS).<\/span><\/div>\n<div class=\"custom-text \" readability=\"37\">\n<p>Cuando est\u00e9 libre de restricciones legales, la historia completa quedar\u00e1 clara, pero nunca he tomado, a sabiendas o deliberadamente, ning\u00fan suplemento que viole las normas antidopaje.<\/p>\n<\/div>\n<div class=\"custom-text \" readability=\"35\">\n<p>Como atleta profesional, nunca har\u00eda nada para mejorar mi rendimiento mediante el uso de sustancias prohibidas y nunca he faltado el respeto ni he enga\u00f1ado a mis compa\u00f1eros atletas y seguidores de ninguno de los equipos con los que he jugado o a favor o en contra.<\/p>\n<\/div>\n<div class=\"custom-text \" readability=\"32\">\n<p>Como consecuencia de la decisi\u00f3n anunciada hoy apelar\u00e9 ante el Tribunal de Arbitraje del Deporte.<\/p>\n<\/div>\n<p><h2><strong>La sustancia que complic\u00f3 a Pogba<\/strong><\/h2>\n<\/p>\n<div class=\"custom-text \" readability=\"35\">\n<p>El galo de 30 a\u00f1os se vio en aprietos en diciembre del a\u00f1o pasado cuando dio positivo en un control antidopaje realizado en agosto del 2023 donde<strong> le encontraron DHEA, una sustancia que aumenta los niveles de testosterona.<\/strong> La segunda prueba realizada en octubre tambi\u00e9n confirm\u00f3 el diagn\u00f3stico.<\/p>\n<\/div>\n<div class=\"sc-e7b891c4-0 jPbnQF\"><img alt=\"El franc\u00e9s apelar\u00e1 el fallo ante el Tribunal de Arbitraje del Deporte (EFE).\" src=\"http:\/\/hoycordobaweb.com\/wp-content\/uploads\/2024\/02\/pogba-confirmo-que-apelara-el-fallo-en-su-contra-nunca-viole-las-normas-antidopaje-3.jpg\" width=\"720\" height=\"100\" decoding=\"async\" data-nimg=\"future\" loading=\"lazy\"><span class=\"epigraphe\">El franc\u00e9s apelar\u00e1 el fallo ante el Tribunal de Arbitraje del Deporte (EFE).<\/span><\/div>\n<div class=\"custom-text \" readability=\"37\">\n<p>Hasta el posteo que realiz\u00f3 este jueves, <strong>Pogba no se hab\u00eda expresado p\u00fablicamente al respecto<\/strong>. La \u00fanica voz hasta ahora era la de Rafaela Pimienta, agente del futbolista, quien hab\u00eda hecho hincapi\u00e9 en su inocencia: \u00abNunca quiso doparse\u00bb.<\/p>\n<\/div>\n<p><h2><strong>El apoyo de varios colegas futbolistas<\/strong><\/h2>\n<\/p>\n<div class=\"custom-text \" readability=\"34.881188118812\">\n<p>El sentido comunicado de Pogba recibi\u00f3 la respuesta de varios de los jugadores con los que comparti\u00f3 escenario,<a href=\"https:\/\/www.ole.com.ar\/futbol-internacional\/italia\/paulo-dybala-leandro-paredes-apoyo-paul-pogba-dopping-positivo_0_OPAbOeAcOf.html\" target=\"_blank\" title=\" como es el caso de Paulo Dybala.\" alt=\" como es el caso de Paulo Dybala.\" rel=\"noopener noreferrer\"> como es el caso de Paulo Dybala.<\/a> <strong>\u00abTe quiero mucho mucho, hermano\u00bb, <\/strong>escribi\u00f3 el argentino, con el cual coincidi\u00f3 en la Juventus. Tambi\u00e9n Leandro Paredes se sum\u00f3 con un emoji de coraz\u00f3n.<\/p>\n<\/div>\n<div class=\"sc-e7b891c4-0 jPbnQF\"><img alt=\"La respuesta de Dybala.\" src=\"http:\/\/hoycordobaweb.com\/wp-content\/uploads\/2024\/02\/pogba-confirmo-que-apelara-el-fallo-en-su-contra-nunca-viole-las-normas-antidopaje-4.jpg\" width=\"720\" height=\"100\" decoding=\"async\" data-nimg=\"future\" loading=\"lazy\"><span class=\"epigraphe\">La respuesta de Dybala.<\/span><\/div>\n<div class=\"custom-text \" readability=\"38\">\n<p>La lista es larga e incluye futbolistas (en actividad y ya retirados) de todos los rincones del planeta. <strong>Juanfer Quintero -se entrenaron junto alguna vez- fue uno de ellos,<\/strong> al igual que el colombiano Cuadrado, compa\u00f1ero de Pogba en Juventus. Entre otros tambi\u00e9n aparecen sus ex compa\u00f1eros del Manchester United, Raphael Varane y Bruno Fernandes. <\/p>\n<\/div>\n<div class=\"sc-a7166897-0 exHLBh\" readability=\"6.5\">\n<section readability=\"3\"><picture><img alt=\"Se conoci\u00f3 la sanci\u00f3n a Pogba por doping, \u00bfse retira del f\u00fatbol?\" src=\"http:\/\/hoycordobaweb.com\/wp-content\/uploads\/2024\/02\/pogba-confirmo-que-apelara-el-fallo-en-su-contra-nunca-viole-las-normas-antidopaje-5.jpg\" width=\"290\" height=\"290\" decoding=\"async\" data-nimg=\"future\" loading=\"lazy\"><\/picture>\n<p><span>Mir\u00e1 tambi\u00e9n<\/span><\/p>\n<hr>\n<h3>Se conoci\u00f3 la sanci\u00f3n a Pogba por doping, \u00bfse retira del f\u00fatbol?<\/h3>\n<\/p>\n<\/section>\n<\/div>\n<div class=\"sc-a7166897-0 exHLBh\" readability=\"6.5\">\n<section readability=\"3\"><picture><img alt=\"Pogba: del pase m\u00e1s caro de la historia y el t\u00edtulo mundial a un doping que lo acerca al retiro\" src=\"http:\/\/hoycordobaweb.com\/wp-content\/uploads\/2024\/02\/pogba-confirmo-que-apelara-el-fallo-en-su-contra-nunca-viole-las-normas-antidopaje-6.jpg\" width=\"290\" height=\"290\" decoding=\"async\" data-nimg=\"future\" loading=\"lazy\"><\/picture>\n<p><span>Mir\u00e1 tambi\u00e9n<\/span><\/p>\n<hr>\n<h3>Pogba: del pase m\u00e1s caro de la historia y el t\u00edtulo mundial a un doping que lo acerca al retiro<\/h3>\n<\/p>\n<\/section>\n<\/div>\n<div class=\"sc-a7166897-0 exHLBh\" readability=\"6\">\n<section readability=\"2\"><picture><img alt=\"El once ideal de Benzema \u00a1sin Messi y Cristiano!\" src=\"http:\/\/hoycordobaweb.com\/wp-content\/uploads\/2024\/02\/pogba-confirmo-que-apelara-el-fallo-en-su-contra-nunca-viole-las-normas-antidopaje-7.jpg\" width=\"290\" height=\"290\" decoding=\"async\" data-nimg=\"future\" loading=\"lazy\"><\/picture>\n<p><span>Mir\u00e1 tambi\u00e9n<\/span><\/p>\n<hr>\n<h3>El once ideal de Benzema \u00a1sin Messi y Cristiano!<\/h3>\n<\/p>\n<\/section>\n<\/div>\n<\/div>\n","protected":false},"excerpt":{"rendered":"<p>29\/02\/2024 12:30hs. Actualizado al 29\/02\/2024 13:48hs. Este jueves se confirm\u00f3 que Paul Pogba recibi\u00f3 una suspensi\u00f3n de cuatro a\u00f1os por doping positivo. Ante los rumores del retiro, el campe\u00f3n del mundo franc\u00e9s realiz\u00f3 un descargo en sus redes sociales, ratific\u00f3 que \u00abnunca viol\u00e9 las normas antidopaje\u00bb y avis\u00f3 que apelar\u00e1 el fallo ante el Tribunal [&hellip;]<\/p>\n","protected":false},"author":1,"featured_media":73934,"comment_status":"open","ping_status":"closed","sticky":false,"template":"","format":"standard","meta":[],"categories":[16],"tags":[],"_links":{"self":[{"href":"http:\/\/hoycordobaweb.com\/index.php\/wp-json\/wp\/v2\/posts\/73933"}],"collection":[{"href":"http:\/\/hoycordobaweb.com\/index.php\/wp-json\/wp\/v2\/posts"}],"about":[{"href":"http:\/\/hoycordobaweb.com\/index.php\/wp-json\/wp\/v2\/types\/post"}],"author":[{"embeddable":true,"href":"http:\/\/hoycordobaweb.com\/index.php\/wp-json\/wp\/v2\/users\/1"}],"replies":[{"embeddable":true,"href":"http:\/\/hoycordobaweb.com\/index.php\/wp-json\/wp\/v2\/comments?post=73933"}],"version-history":[{"count":0,"href":"http:\/\/hoycordobaweb.com\/index.php\/wp-json\/wp\/v2\/posts\/73933\/revisions"}],"wp:featuredmedia":[{"embeddable":true,"href":"http:\/\/hoycordobaweb.com\/index.php\/wp-json\/wp\/v2\/media\/73934"}],"wp:attachment":[{"href":"http:\/\/hoycordobaweb.com\/index.php\/wp-json\/wp\/v2\/media?parent=73933"}],"wp:term":[{"taxonomy":"category","embeddable":true,"href":"http:\/\/hoycordobaweb.com\/index.php\/wp-json\/wp\/v2\/categories?post=73933"},{"taxonomy":"post_tag","embeddable":true,"href":"http:\/\/hoycordobaweb.com\/index.php\/wp-json\/wp\/v2\/tags?post=73933"}],"curies":[{"name":"wp","href":"https:\/\/api.w.org\/{rel}","templated":true}]}}