{"id":73927,"date":"2024-02-28T23:38:01","date_gmt":"2024-02-28T23:38:01","guid":{"rendered":"https:\/\/manoamanocba.com.ar\/?p=6621"},"modified":"2024-02-28T23:38:01","modified_gmt":"2024-02-28T23:38:01","slug":"pese-a-los-aumentos-y-el-bono-los-jubilados-siguen-perdiendo-contra-la-inflacion","status":"publish","type":"post","link":"http:\/\/hoycordobaweb.com\/index.php\/2024\/02\/28\/pese-a-los-aumentos-y-el-bono-los-jubilados-siguen-perdiendo-contra-la-inflacion\/","title":{"rendered":"Pese a los aumentos y el bono, los jubilados siguen perdiendo contra la inflaci\u00f3n"},"content":{"rendered":"<div><img src=\"http:\/\/hoycordobaweb.com\/wp-content\/uploads\/2024\/02\/pese-a-los-aumentos-y-el-bono-los-jubilados-siguen-perdiendo-contra-la-inflacion.png\" class=\"ff-og-image-inserted\"><\/div>\n<p><span>Luego de la ca\u00edda de la <strong>\u201cLey \u00d3mnibus\u201d<\/strong> que inclu\u00eda una nueva f\u00f3rmula previsional, el Gobierno nacional anunci\u00f3 un aumento a partir de marzo y un bono de $70.000.<\/span><\/p>\n<p><span>En detalle, los <strong>jubilados<\/strong> que cobren el haber m\u00ednimo pasar\u00e1n a recibir <strong>$204.555 brutos<\/strong> a partir del pr\u00f3ximo mes. Sin embargo, siguen perdiendo mes a mes contra la inflaci\u00f3n y son uno de los sectores m\u00e1s afectados.<\/span><\/p>\n<p><span>En di\u00e1logo con <em>Mano a Mano<\/em>, <strong>Fernando Viera<\/strong>, abogado y contador especializado previsi\u00f3n social, explica la situaci\u00f3n de los adultos de la tercera edad, en cu\u00e1nto deber\u00eda estar la m\u00ednima y el duro panorama para lo que resta del a\u00f1o.<\/span><\/p>\n<p><span>\u201cEl aumento del 27,18% para los jubilados del r\u00e9gimen general es insuficiente y no alcanza a compensar la inflaci\u00f3n, que solo entre diciembre y enero fue de 51,33%, m\u00e1s febrero que se espera que ronde el 18%\u201d, se\u00f1ala.<\/span><\/p>\n<p><span>El especialista aclara que los jubilados ya perdieron un 40% en los \u00faltimos cuatro a\u00f1os y que el bono es decreciente para todas aquellas personas que cobren m\u00e1s del haber m\u00ednimo.<\/span><\/p>\n<p><span>\u201cEstas personas van a <strong>cargar con todo el peso de la inflaci\u00f3n<\/strong>. Estamos hablando de personas que han aportado los 30 a\u00f1os, que si llegaron a este beneficio es porque han ingresado una suma importante de dinero al sistema, pero es injusto porque cargan contra todo el peso de la crisis\u201d, opina Viera.<\/span><\/p>\n<p><b>\u00bfCu\u00e1nto deber\u00eda ser el aumento y\/o bono deber\u00eda estar la m\u00ednima de un jubilado?<\/b><\/p>\n<p><i><span>A m\u00ed me gusta utilizar la canasta b\u00e1sica que mide el Defensor de la Tercera Edad, que si bien la miden en CABA, tiene en cuenta vivienda, recreaci\u00f3n, alimentaci\u00f3n y medicamentos. La \u00faltima vez que se midi\u00f3 fue en octubre y yo le aplico los \u00edndices de inflaci\u00f3n oficiales del INDEC. Y, a mes de enero, puedo traer que la canasta actualizada por inflaci\u00f3n ser\u00eda de <strong>$534.656<\/strong>. Esto da por sentado que la m\u00ednima est\u00e1 muy por debajo, que ni siquiera entre dos jubilados llegan a cubrir la canasta b\u00e1sica. obviamente en cada regi\u00f3n habr\u00eda una canasta b\u00e1sica.<\/span><\/i><\/p>\n<p><span>El abogado previsionalista, adem\u00e1s, se\u00f1ala que el panorama no es para nada alentador: el plan del ministro de Econom\u00eda, Luis Caputo, es bajar el gasto p\u00fablico, y en eso incluye un <strong>0,4% del PBI de los jubilados<\/strong>.<\/span><\/p>\n<p><span>\u201cNo est\u00e1n haciendo nada para tratar de suplir esa diferencia por la inflaci\u00f3n. No ha cambiado nada de lo que se ven\u00eda haciendo. Esto les favorece porque les sirve para cumplir el objetivo de d\u00e9ficit cero, pero a quien m\u00e1s le pesa es a los jubilados, que ya antes no llegaban, y ahora est\u00e1n peor\u201d, sostiene.<\/span><\/p>\n<p><b>\u00bfEs cierto lo que dice el presidente Javier Milei, que los jubilados son el sector de menor porcentaje de pobreza?<\/b><\/p>\n<p><i><span>El tema es que cuando Milei anuncia eso, no explica de d\u00f3nde saca el dato, cu\u00e1l es la metodolog\u00eda y qu\u00e9 es lo que tiene en cuenta. Para llegar a medir algo parecido a lo que dice, tom\u00e9 el bolet\u00edn estad\u00edstico de Seguridad Social, el \u00faltimo publicado es de diciembre del 2023, identifiqu\u00e9 cu\u00e1ntas personas cobran solo jubilaci\u00f3n, cu\u00e1ntas jubilaci\u00f3n y pensi\u00f3n, de cu\u00e1nto era el haber promedio, y la canasta b\u00e1sica de los jubilados como indicador. Esto arroj\u00f3 que el 79% de los pasivos cobran un solo beneficio, es decir, jubilaci\u00f3n o pensi\u00f3n, y solo el 21% cobra jubilaci\u00f3n y pensi\u00f3n. El haber promedio en septiembre del a\u00f1o pasado era de $156.000, contra una canasta de 313.185. Entonces el 79% de los jubilados con un haber promedio de 156 mil pesos no cobra el 50% de esta canasta, por ende ser\u00edan pobres.<\/span><\/i><\/p>\n<p><span>Consultado por las \u00faltimas <strong>f\u00f3rmulas jubilatorias<\/strong>, Viera asegura que no fueron ni malas ni buenas, sino que se debe tomar de referencia el periodo en el que se aplicaron.&nbsp;<\/span><\/p>\n<p><span>\u201cLa f\u00f3rmula del gobierno de <strong>Mauricio Macri<\/strong>, que ten\u00eda en cuenta la inflaci\u00f3n, ser\u00eda buena en una \u00e9poca inflacionaria, ya que mantendr\u00eda el poder adquisitivo. El problema de la f\u00f3rmula de Macri es que ten\u00eda un delay de seis meses\u201d, explica.<\/span><\/p>\n<p><span>Mientras que la f\u00f3rmula de <strong>Alberto Fern\u00e1ndez<\/strong>, considera, fue superior en el 2021 porque estaba atada a la recaudaci\u00f3n, que depende de la actividad. \u201cPosterior a la pandemia funcion\u00f3, pero en los siguientes a\u00f1os, en una recesi\u00f3n con inflaci\u00f3n, no lleg\u00f3 a cubrir la inflaci\u00f3n\u201d, a\u00f1ade.<\/span><\/p>\n<p><span>En este sentido, remarca que no existe una f\u00f3rmula \u00fanica. \u201cEl proyecto de la actual se cay\u00f3 dentro de la Ley \u00d3mnibus y nadie est\u00e1 proponiendo nada, nadie se ocupa de ver c\u00f3mo recomponer las jubilaciones\u201d, cierra.<\/span><\/p>\n","protected":false},"excerpt":{"rendered":"<p>Luego de la ca\u00edda de la \u201cLey \u00d3mnibus\u201d que inclu\u00eda una nueva f\u00f3rmula previsional, el Gobierno nacional anunci\u00f3 un aumento a partir de marzo y un bono de $70.000. En detalle, los jubilados que cobren el haber m\u00ednimo pasar\u00e1n a recibir $204.555 brutos a partir del pr\u00f3ximo mes. Sin embargo, siguen perdiendo mes a mes [&hellip;]<\/p>\n","protected":false},"author":1,"featured_media":73928,"comment_status":"closed","ping_status":"closed","sticky":false,"template":"","format":"standard","meta":[],"categories":[19],"tags":[],"_links":{"self":[{"href":"http:\/\/hoycordobaweb.com\/index.php\/wp-json\/wp\/v2\/posts\/73927"}],"collection":[{"href":"http:\/\/hoycordobaweb.com\/index.php\/wp-json\/wp\/v2\/posts"}],"about":[{"href":"http:\/\/hoycordobaweb.com\/index.php\/wp-json\/wp\/v2\/types\/post"}],"author":[{"embeddable":true,"href":"http:\/\/hoycordobaweb.com\/index.php\/wp-json\/wp\/v2\/users\/1"}],"replies":[{"embeddable":true,"href":"http:\/\/hoycordobaweb.com\/index.php\/wp-json\/wp\/v2\/comments?post=73927"}],"version-history":[{"count":0,"href":"http:\/\/hoycordobaweb.com\/index.php\/wp-json\/wp\/v2\/posts\/73927\/revisions"}],"wp:featuredmedia":[{"embeddable":true,"href":"http:\/\/hoycordobaweb.com\/index.php\/wp-json\/wp\/v2\/media\/73928"}],"wp:attachment":[{"href":"http:\/\/hoycordobaweb.com\/index.php\/wp-json\/wp\/v2\/media?parent=73927"}],"wp:term":[{"taxonomy":"category","embeddable":true,"href":"http:\/\/hoycordobaweb.com\/index.php\/wp-json\/wp\/v2\/categories?post=73927"},{"taxonomy":"post_tag","embeddable":true,"href":"http:\/\/hoycordobaweb.com\/index.php\/wp-json\/wp\/v2\/tags?post=73927"}],"curies":[{"name":"wp","href":"https:\/\/api.w.org\/{rel}","templated":true}]}}