{"id":73923,"date":"2024-02-29T14:51:22","date_gmt":"2024-02-29T14:51:22","guid":{"rendered":"https:\/\/ladecimaweb.com\/?p=25399"},"modified":"2024-02-29T14:51:22","modified_gmt":"2024-02-29T14:51:22","slug":"asesinan-a-un-padre-de-familia-para-robarle-la-moto-en-yofre-norte","status":"publish","type":"post","link":"http:\/\/hoycordobaweb.com\/index.php\/2024\/02\/29\/asesinan-a-un-padre-de-familia-para-robarle-la-moto-en-yofre-norte\/","title":{"rendered":"Asesinan a un padre de familia para robarle la moto en Yofre Norte"},"content":{"rendered":"<div class=\"boldgrid-section\">\n<div class=\"container\">\n<div class=\"row\">\n<div class=\"col-md-12 col-xs-12 col-sm-12\">\n<p>Un hombre de 46 a\u00f1os, padre de familia, fue asesinado en las \u00faltimas horas por motochorros que le robaron el rodado.&nbsp;<\/p>\n<p class>El hecho ocurri\u00f3 en calle Fulgencio Montemayor 2328 en barrio Yofre Norte, en plena v\u00eda p\u00fablica, cuando la v\u00edctima fue abordado por delincuentes que le robaron el veh\u00edculo tras dispararle en el t\u00f3rax.<\/p>\n<p class>&#8220;T<b>engo dos hijos, no me mates por favor\u201d, <\/b>habr\u00eda implorado el hombre, <a href=\"https:\/\/www.lavoz.com.ar\/sucesos\/tengo-dos-hijos-no-me-mates-por-favor-estremecedor-relato-del-crimen-en-barrio-yofre\/\">seg\u00fan testimoni\u00f3 una vecina a lavoz.com.ar<\/a><\/p>\n<p class>La v\u00edctima, de nombre Sebasti\u00e1n, era padre de dos j\u00f3venes.&nbsp;<\/p>\n<p>Seg\u00fan el relato policial, el hombre se trasladaba en una motocicleta marca Honda XR 190 y en circunstancias a establecer, habr\u00eda sido interceptado por dos sujetos a bordo de una motocicleta. <strong>En dicha situaci\u00f3n, los individuos le efectuaron disparos para luego sustraerle el rodado en el que circulaba. <\/strong><\/p>\n<p class>A ra\u00edz de este hecho que se investiga, se dispuso inmediatamente un operativo con personal de distintas dependencias en procura de dar con los autores del horrendo crimen. Interviene en el caso la Fiscal\u00eda de Instrucci\u00f3n del Distrito III turno 1, a cargo del Dr. Andr\u00e9s Godoy.<\/p>\n<p>&nbsp;<\/p>\n<div class=\"ubm_banner\"><a href=\"https:\/\/www.cordobaturismo.gov.ar\/\" target=\"_blank\" rel=\"dofollow noopener noreferrer\"><img src=\"http:\/\/hoycordobaweb.com\/wp-content\/uploads\/2024\/02\/asesinan-a-un-padre-de-familia-para-robarle-la-moto-en-yofre-norte.gif\" alt><\/a><\/div>\n<p>&nbsp;<\/p>\n<\/div>\n<\/div>\n<\/div>\n<\/div>\n<p>La entrada <a rel=\"nofollow\" href=\"https:\/\/ladecimaweb.com\/asesinan-a-un-padre-de-familia-para-robarle-la-moto-en-yofre-norte\/\">Asesinan a un padre de familia para robarle la moto en Yofre Norte<\/a> se public\u00f3 primero en <a rel=\"nofollow\" href=\"https:\/\/ladecimaweb.com\">LaDecima<\/a>.<\/p>\n","protected":false},"excerpt":{"rendered":"<p>Un hombre de 46 a\u00f1os, padre de familia, fue asesinado en las \u00faltimas horas por motochorros que le robaron el rodado.&nbsp; El hecho ocurri\u00f3 en calle Fulgencio Montemayor 2328 en barrio Yofre Norte, en plena v\u00eda p\u00fablica, cuando la v\u00edctima fue abordado por delincuentes que le robaron el veh\u00edculo tras dispararle en el t\u00f3rax. &#8220;Tengo [&hellip;]<\/p>\n","protected":false},"author":1,"featured_media":73924,"comment_status":"closed","ping_status":"closed","sticky":false,"template":"","format":"standard","meta":[],"categories":[19],"tags":[],"_links":{"self":[{"href":"http:\/\/hoycordobaweb.com\/index.php\/wp-json\/wp\/v2\/posts\/73923"}],"collection":[{"href":"http:\/\/hoycordobaweb.com\/index.php\/wp-json\/wp\/v2\/posts"}],"about":[{"href":"http:\/\/hoycordobaweb.com\/index.php\/wp-json\/wp\/v2\/types\/post"}],"author":[{"embeddable":true,"href":"http:\/\/hoycordobaweb.com\/index.php\/wp-json\/wp\/v2\/users\/1"}],"replies":[{"embeddable":true,"href":"http:\/\/hoycordobaweb.com\/index.php\/wp-json\/wp\/v2\/comments?post=73923"}],"version-history":[{"count":0,"href":"http:\/\/hoycordobaweb.com\/index.php\/wp-json\/wp\/v2\/posts\/73923\/revisions"}],"wp:featuredmedia":[{"embeddable":true,"href":"http:\/\/hoycordobaweb.com\/index.php\/wp-json\/wp\/v2\/media\/73924"}],"wp:attachment":[{"href":"http:\/\/hoycordobaweb.com\/index.php\/wp-json\/wp\/v2\/media?parent=73923"}],"wp:term":[{"taxonomy":"category","embeddable":true,"href":"http:\/\/hoycordobaweb.com\/index.php\/wp-json\/wp\/v2\/categories?post=73923"},{"taxonomy":"post_tag","embeddable":true,"href":"http:\/\/hoycordobaweb.com\/index.php\/wp-json\/wp\/v2\/tags?post=73923"}],"curies":[{"name":"wp","href":"https:\/\/api.w.org\/{rel}","templated":true}]}}