{"id":73893,"date":"2024-02-28T13:18:18","date_gmt":"2024-02-28T13:18:18","guid":{"rendered":"https:\/\/www.mujerhoy.com\/moda\/no-te-pierdas\/detalle-look-camilla-parker-bowles-misa-funeral-constantino-grecia-20240228101101-nt.html"},"modified":"2024-02-28T13:18:18","modified_gmt":"2024-02-28T13:18:18","slug":"el-detalle-del-look-de-camilla-del-que-nadie-se-percato-en-la-misa-de-constantino-de-grecia","status":"publish","type":"post","link":"http:\/\/hoycordobaweb.com\/index.php\/2024\/02\/28\/el-detalle-del-look-de-camilla-del-que-nadie-se-percato-en-la-misa-de-constantino-de-grecia\/","title":{"rendered":"El detalle del look de Camilla del que nadie se percat\u00f3 en la misa de Constantino de Grecia"},"content":{"rendered":"<p><!-- AUTHOR --> <\/p>\n<div class=\"voc-author-timesocial \"> <!-- AUTHOR --> <\/p>\n<div class=\"voc-author-timesocial__signature\"> <!-- IMAGE AUTHOR --> <picture class=\"voc-image-signature\"> <img class=\"voc-image-signature__img\" src=\"http:\/\/hoycordobaweb.com\/wp-content\/uploads\/2024\/02\/el-detalle-del-look-de-camilla-del-que-nadie-se-percato-en-la-misa-de-constantino-de-grecia.jpg\" alt=\"Carla Dom\u00ednguez\"> <\/picture> <!-- INFO AUTHOR --> <\/div><\/div>\n<p> <!-- COMPONENTS --> <\/p>\n<p class=\"voc-paragraph\">La famosa capilla de San Jorge, en el castillo de Windsor, ha sido el escenario elegido por la familia real brit\u00e1nica para <a data-voc-vtm-id=\"in-text-traffic\" href=\"https:\/\/www.mujerhoy.com\/celebrities\/realeza\/camilla-misa-constantino-grecia-polemica-feo-funeral-ausencias-atenas-reina-sofia-20240225085510-nt.html\">dar un homenaje en Reino Unido a Constatino de Grecia.<\/a> Es la primera misa homenaje que se le hace al hermano de la reina Sof\u00eda despu\u00e9s de un a\u00f1o de su fallecimiento.\n<\/p>\n<p class=\"voc-paragraph\">A la cita han acudido numerosos rostros conocidos de las diferentes familias reales europeas. All\u00ed hemos visto a muchos miembros de la casa real espa\u00f1ola como el rey em\u00e9rico Juan Carlos, el rey Felipe VI, la reina Letizia, entre otros. Y por supuesto, no ha faltado tampoco <a data-voc-vtm-id=\"in-text-traffic\" href=\"https:\/\/www.mujerhoy.com\/temas\/personajes\/camilla-parker-bowles.html\">Camilla Parker Bowles<\/a> en representaci\u00f3n de Carlos III.\n<\/p>\n<p class=\"voc-paragraph\">La reina Camilla est\u00e1 desempe\u00f1ando un papel fundamental en la familia real brit\u00e1nica despu\u00e9s de que Carlos III tuviera que apartarse de la vida p\u00fablica tras ser <a data-voc-vtm-id=\"in-text-traffic\" href=\"https:\/\/www.mujerhoy.com\/celebrities\/realeza\/carlos-iii-cancer-abdicacion-reconciliacion-harry-camilla-crisis-monarquia-20240206020716-nt.html\">diagnosticado con un c\u00e1ncer.<\/a> De esta forma, Camilla Parker Bowles asume un papel de m\u00e1s responsabilidad en la monarqu\u00eda.\n<\/p>\n<p class=\"voc-paragraph\">Tanto es as\u00ed que se ha convertido en la protagonista y tambi\u00e9n ha sido la encargada de congregar a los invitados a la misa funeral a Constatino de Grecia donde se <strong>ha echado en falta al rey Carlos III, Kate Middleton y al pr\u00edncipe Guillermo.<\/strong><\/p>\n<p class=\"voc-paragraph\">Eso s\u00ed, <strong>Camilla ha querido hacer un gui\u00f1o a Carlos III con su estilismo<\/strong>. Un peque\u00f1o detalle del que nadie se ha fijado. Y es que la monarca quiso apostar por un color azul, en honor a Constantino de Grecia, pero tambi\u00e9n por ser un tono con el que se siente especialmente c\u00f3moda.\n<\/p>\n<p class=\"voc-paragraph\">Adem\u00e1s del azul marino, Camilla quiso lucir <strong>uno de los estampados favoritos del rey Carlos<\/strong>, el <i>print<\/i> de rayas diplom\u00e1ticas. Es, sin duda, uno de los prints del hijo de la difunta reina de Inglaterra, Isabel II, con el que m\u00e1s elegante se siente.\n<\/p>\n<div class=\"voc-detail-photo-zoom\"> <picture data-toggle=\"modal\" data-target=\"#photoZoomModal-989\" target=\"modal\">\n<div class=\"voc-img-icon-link\"> <img loading=\"lazy\" data-original=\"\/\/static3.mujerhoy.com\/www\/multimedia\/202402\/28\/media\/cortadas\/carlos-iii-camilla-relacion-historia-de-amor-kjNF--650x900@MujerHoy.jpeg\" width=\"650\" height=\"900\" class=\"lazy\" alt=\"Camilla Parker Bowles y Carlos III. Foto: Gtres.\"> <noscript> <img src=\"http:\/\/hoycordobaweb.com\/wp-content\/uploads\/2024\/02\/el-detalle-del-look-de-camilla-del-que-nadie-se-percato-en-la-misa-de-constantino-de-grecia.webp\" alt=\"Camilla Parker Bowles y Carlos III. Foto: Gtres.\"> <\/noscript> <i class=\"voc-icons zoom voc-multimedia-box voc-ico-l\"><\/i> <\/div><figcaption class=\"figure-caption\">Camilla Parker Bowles y Carlos III. Foto: Gtres.<\/figcaption><\/picture>\n<\/div>\n<div id=\"photoZoomModal-989\" class=\"voc-lightbox modal fade voc-lightbox--photo-zoom\" role=\"dialog\" data-voc-photozoom-lightbox>\n<div class=\"voc-lightbox__dialog\" role=\"document\">\n<div class=\"voc-lightbox__content\"> <!-- Modal header --> <!-- Modal content --> <\/p>\n<div class=\"voc-lightbox__photo-container\"> <picture class> <img loading=\"lazy\" data-original=\"\/\/static3.mujerhoy.com\/www\/multimedia\/202402\/28\/media\/cortadas\/carlos-iii-camilla-relacion-historia-de-amor-kjNF--650x900@MujerHoy.jpeg\" alt=\"Camilla Parker Bowles y Carlos III. Foto: Gtres.\" class=\"lazy\"> <noscript> <img src=\"http:\/\/hoycordobaweb.com\/wp-content\/uploads\/2024\/02\/el-detalle-del-look-de-camilla-del-que-nadie-se-percato-en-la-misa-de-constantino-de-grecia.webp\" alt=\"Camilla Parker Bowles y Carlos III. Foto: Gtres.\"> <\/noscript> <\/picture> <\/div><\/div><\/div>\n<\/div>\n<p class=\"voc-paragraph\">El <strong>estampado de rayas diplom\u00e1ticas<\/strong> es un cl\u00e1sico del rey Carlos. Desde joven siempre ha utilizado este tipo de <i>prints<\/i> en su armario. Es un tipo de dise\u00f1o que le resulta c\u00f3modo, favorecedor y que suele utilizar tanto en d\u00edas especiales, como a diario.\n<\/p>\n<div class=\"voc-detail-photo-zoom\"> <picture data-toggle=\"modal\" data-target=\"#photoZoomModal-578\" target=\"modal\">\n<div class=\"voc-img-icon-link\"> <img loading=\"lazy\" data-original=\"\/\/static3.mujerhoy.com\/www\/multimedia\/202402\/28\/media\/cortadas\/camilla-parker-bowles-misa-funeral-estampado-rayas-kjNF--650x900@MujerHoy.jpg\" width=\"650\" height=\"900\" class=\"lazy\" alt=\"Camilla Parker Bowles con conjunto sastre de rayas diplom\u00e1ticas. Foto. Gtres.\"> <noscript> <img src=\"http:\/\/hoycordobaweb.com\/wp-content\/uploads\/2024\/02\/el-detalle-del-look-de-camilla-del-que-nadie-se-percato-en-la-misa-de-constantino-de-grecia-1.webp\" alt=\"Camilla Parker Bowles con conjunto sastre de rayas diplom\u00e1ticas. Foto. Gtres.\"> <\/noscript> <i class=\"voc-icons zoom voc-multimedia-box voc-ico-l\"><\/i> <\/div><figcaption class=\"figure-caption\">Camilla Parker Bowles con conjunto sastre de rayas diplom\u00e1ticas. Foto. Gtres.<\/figcaption><\/picture>\n<\/div>\n<div id=\"photoZoomModal-578\" class=\"voc-lightbox modal fade voc-lightbox--photo-zoom\" role=\"dialog\" data-voc-photozoom-lightbox>\n<div class=\"voc-lightbox__dialog\" role=\"document\">\n<div class=\"voc-lightbox__content\"> <!-- Modal header --> <!-- Modal content --> <\/p>\n<div class=\"voc-lightbox__photo-container\"> <picture class> <img loading=\"lazy\" data-original=\"\/\/static3.mujerhoy.com\/www\/multimedia\/202402\/28\/media\/cortadas\/camilla-parker-bowles-misa-funeral-estampado-rayas-kjNF--650x900@MujerHoy.jpg\" alt=\"Camilla Parker Bowles con conjunto sastre de rayas diplom\u00e1ticas. Foto. Gtres.\" class=\"lazy\"> <noscript> <img src=\"http:\/\/hoycordobaweb.com\/wp-content\/uploads\/2024\/02\/el-detalle-del-look-de-camilla-del-que-nadie-se-percato-en-la-misa-de-constantino-de-grecia-1.webp\" alt=\"Camilla Parker Bowles con conjunto sastre de rayas diplom\u00e1ticas. Foto. Gtres.\"> <\/noscript> <\/picture> <\/div><\/div><\/div>\n<\/div>\n<p class=\"voc-paragraph\">Normalmente lo suele llevar a <strong>conjunto con un traje de dos piezas. <\/strong>Y es lo que ha hecho Camilla, pero con una versi\u00f3n algo m\u00e1s suya con falda y midi con bastante volumen y chaqueta ce\u00f1ida a juego. Un conjunto sastre que ha gustado mucho y con el que la monarca ha querido tener algo m\u00e1s presente al rey Carlos III.\n<\/p>\n<p class=\"voc-paragraph\">En cuanto al resto del estilismo, Camilla ha querido a\u00f1adir un sombrero plumas de Philip Treacy que ya le hemos visto en otras ocasiones, u<br \/>\n<strong>n bolso mini de Chanel en color azul marino<\/strong>, sus zapatos favoritos (y comod\u00edsimos) en negro de Eliot Zed y broches vintage de Van Cleef &amp; Arpels.\n<\/p>\n<p> <!-- TOPICS --> <\/p>\n","protected":false},"excerpt":{"rendered":"<p>La famosa capilla de San Jorge, en el castillo de Windsor, ha sido el escenario elegido por la familia real brit\u00e1nica para dar un homenaje en Reino Unido a Constatino de Grecia. Es la primera misa homenaje que se le hace al hermano de la reina Sof\u00eda despu\u00e9s de un a\u00f1o de su fallecimiento. A [&hellip;]<\/p>\n","protected":false},"author":1,"featured_media":73894,"comment_status":"closed","ping_status":"closed","sticky":false,"template":"","format":"standard","meta":[],"categories":[1],"tags":[],"_links":{"self":[{"href":"http:\/\/hoycordobaweb.com\/index.php\/wp-json\/wp\/v2\/posts\/73893"}],"collection":[{"href":"http:\/\/hoycordobaweb.com\/index.php\/wp-json\/wp\/v2\/posts"}],"about":[{"href":"http:\/\/hoycordobaweb.com\/index.php\/wp-json\/wp\/v2\/types\/post"}],"author":[{"embeddable":true,"href":"http:\/\/hoycordobaweb.com\/index.php\/wp-json\/wp\/v2\/users\/1"}],"replies":[{"embeddable":true,"href":"http:\/\/hoycordobaweb.com\/index.php\/wp-json\/wp\/v2\/comments?post=73893"}],"version-history":[{"count":0,"href":"http:\/\/hoycordobaweb.com\/index.php\/wp-json\/wp\/v2\/posts\/73893\/revisions"}],"wp:featuredmedia":[{"embeddable":true,"href":"http:\/\/hoycordobaweb.com\/index.php\/wp-json\/wp\/v2\/media\/73894"}],"wp:attachment":[{"href":"http:\/\/hoycordobaweb.com\/index.php\/wp-json\/wp\/v2\/media?parent=73893"}],"wp:term":[{"taxonomy":"category","embeddable":true,"href":"http:\/\/hoycordobaweb.com\/index.php\/wp-json\/wp\/v2\/categories?post=73893"},{"taxonomy":"post_tag","embeddable":true,"href":"http:\/\/hoycordobaweb.com\/index.php\/wp-json\/wp\/v2\/tags?post=73893"}],"curies":[{"name":"wp","href":"https:\/\/api.w.org\/{rel}","templated":true}]}}